{"id":876,"date":"2018-11-30T17:15:25","date_gmt":"2018-11-30T16:15:25","guid":{"rendered":"http:\/\/www.hvu.si\/visja\/?p=876"},"modified":"2019-01-07T20:38:33","modified_gmt":"2019-01-07T19:38:33","slug":"nijz-delavnica-o-raku-dojk","status":"publish","type":"post","link":"https:\/\/www.hvu.si\/visja\/nijz-delavnica-o-raku-dojk\/","title":{"rendered":"NIJZ, Delavnica o raku dojk"},"content":{"rendered":"<p style=\"text-align: justify;\"><span style=\"font-family: book antiqua, palatino, serif; font-size: 14pt;\">Ta ponedeljek smo na va\u0161i Vi\u0161ji \u0161oli za hortikulturo in vizualne umetnosti izvedli predavanje in delavnico o Raku dojk. Predavateljica je v predavanje vklju\u010dila tudi napotke o zdravem \u017eivljenjskem slogu in tudi rak mod. Moram zelo pohvalit va\u0161e \u0161tudente in \u0161tudentke, ki so res z zanimanjem spremljali predavanje in delavnico. Po pregledu evalvacije vidim, da so same pohvale predavateljici. Predavanje se jim je zdelo zelo pou\u010dno, razumljivo, spodbudno za razmi\u0161ljanje in zelo so bili zadovoljni tudi s prakti\u010dnim prikazom. Pi\u0161ejo, da bi si takih predavanj \u0161e \u017eeleli.<\/span><\/p>\n<p style=\"text-align: justify;\"><span style=\"font-family: book antiqua, palatino, serif; font-size: 14pt;\">Hvala vam za vso pomo\u010d pri organizaciji in upam, da bomo ponovno sodelovali tudi v naslednjem letu. Hvala tudi gospe ravnateljici Vi\u0161je \u0161ole in pa lepa hvala\u00a0 tudi za gostoljubje, ki smo ga vedno dele\u017eni na va\u0161i \u0161oli.<\/span><\/p>\n<p style=\"text-align: justify;\"><span style=\"font-family: book antiqua, palatino, serif; font-size: 14pt;\">Tatjana \u0160kornik Tovornik, dipl.san.in\u017e.<\/span><\/p>\n<p style=\"text-align: justify;\"><span style=\"font-family: book antiqua, palatino, serif; font-size: 14pt;\">Nacionalni in\u0161titut za javno zdravje, OE Celje<\/span><\/p>\n","protected":false},"excerpt":{"rendered":"<p>Ta ponedeljek smo na va\u0161i Vi\u0161ji \u0161oli za hortikulturo in vizualne umetnosti izvedli predavanje in delavnico o Raku dojk. Predavateljica je v predavanje vklju\u010dila tudi napotke o zdravem \u017eivljenjskem slogu [&hellip;]<\/p>\n","protected":false},"author":6,"featured_media":0,"comment_status":"open","ping_status":"open","sticky":false,"template":"","format":"standard","meta":{"footnotes":""},"categories":[15],"tags":[],"class_list":["post-876","post","type-post","status-publish","format-standard","hentry","category-obvestila-za-studente"],"_links":{"self":[{"href":"https:\/\/www.hvu.si\/visja\/wp-json\/wp\/v2\/posts\/876","targetHints":{"allow":["GET"]}}],"collection":[{"href":"https:\/\/www.hvu.si\/visja\/wp-json\/wp\/v2\/posts"}],"about":[{"href":"https:\/\/www.hvu.si\/visja\/wp-json\/wp\/v2\/types\/post"}],"author":[{"embeddable":true,"href":"https:\/\/www.hvu.si\/visja\/wp-json\/wp\/v2\/users\/6"}],"replies":[{"embeddable":true,"href":"https:\/\/www.hvu.si\/visja\/wp-json\/wp\/v2\/comments?post=876"}],"version-history":[{"count":2,"href":"https:\/\/www.hvu.si\/visja\/wp-json\/wp\/v2\/posts\/876\/revisions"}],"predecessor-version":[{"id":900,"href":"https:\/\/www.hvu.si\/visja\/wp-json\/wp\/v2\/posts\/876\/revisions\/900"}],"wp:attachment":[{"href":"https:\/\/www.hvu.si\/visja\/wp-json\/wp\/v2\/media?parent=876"}],"wp:term":[{"taxonomy":"category","embeddable":true,"href":"https:\/\/www.hvu.si\/visja\/wp-json\/wp\/v2\/categories?post=876"},{"taxonomy":"post_tag","embeddable":true,"href":"https:\/\/www.hvu.si\/visja\/wp-json\/wp\/v2\/tags?post=876"}],"curies":[{"name":"wp","href":"https:\/\/api.w.org\/{rel}","templated":true}]}}