{"id":4217,"date":"2026-09-01T20:27:48","date_gmt":"2026-09-01T18:27:48","guid":{"rendered":"https:\/\/www.hvu.si\/visja\/?p=4217"},"modified":"2026-09-01T20:47:21","modified_gmt":"2026-09-01T18:47:21","slug":"veronikina-izlozba-2026","status":"publish","type":"post","link":"https:\/\/www.hvu.si\/visja\/veronikina-izlozba-2026\/","title":{"rendered":"Veronikina izlo\u017eba 2026"},"content":{"rendered":"<p style=\"text-align: justify;\"><span style=\"font-family: book antiqua, palatino, serif; font-size: 14pt;\">Veronikina izlo\u017eba 2026 tudi letos povezuje poezijo in vizualno umetnost ter pesmi mladih ustvarjalcev ume\u0161\u010da v javni prostor Celja.<\/span><\/p>\n<p style=\"text-align: justify;\"><span style=\"font-family: book antiqua, palatino, serif; font-size: 14pt;\">Za leto\u0161njo postavitev je Iva Bednar, \u0161tudentka fotografije na Vi\u0161ji strokovni \u0161oli \u0160ole za hortikulturo in vizualne umetnosti Celje, pod mentorstvom Andreje D\u017eaku\u0161i\u010d izbrala svoje avtorske fotografije. Fotografije so vklju\u010dene v prostorsko instalacijo, ki je postavljena v dialog s poezijo nominirancev nate\u010daja mala Veronika 2026.<\/span><\/p>\n<p style=\"text-align: justify;\"><span style=\"font-family: book antiqua, palatino, serif; font-size: 14pt;\">Posebno mesto v leto\u0161nji postavitvi ima zmagovalna pesem IGRATI SE \u2026 (KAJ \u017dE TO POMENI?) avtorice Ne\u017ee Grajfoner z II. gimnazije Maribor, ki je bila izbrana za nagrajeno pesem nate\u010daja mala Veronika 2026. Nate\u010daj mala Veronika je namenjen izboru najbolj\u0161e dija\u0161ke pesmi leta, ki \u017ee 10. leto poteka v sodelovanju s slovenskimi srednjimi \u0161olami.<\/span><\/p>\n<p style=\"text-align: justify;\"><span style=\"font-family: book antiqua, palatino, serif; font-size: 14pt;\">Fotografija in poezija se tako sre\u010dujeta v skupnem prostoru ter ustvarjata vizualno-pomenski dialog. Veronikina izlo\u017eba s tem nadaljuje prizadevanje, da poezija mladih ne ostaja le na papirju, temve\u010d postane del vsakdanjega urbanega prostora in nagovori tudi mimoido\u010dega.<\/span><\/p>\n<p style=\"text-align: justify;\"><span style=\"font-family: book antiqua, palatino, serif; font-size: 14pt;\">Veronikina izlo\u017eba 2026 je na ogled na Pre\u0161ernovi ulici v Celju.<\/span><\/p>\n<p style=\"text-align: justify;\"><span style=\"font-family: book antiqua, palatino, serif; font-size: 14pt;\">Avtorice postavitve: Nu\u0161a Komplet Peperko, Iva Bednar in Andreja D\u017eaku\u0161i\u010d<\/span><\/p>\n<p style=\"text-align: justify;\"><span style=\"font-family: book antiqua, palatino, serif; font-size: 14pt;\">Projekt mala Veronika organizira Hi\u0161a kulture Celje in je namenjen izboru najbolj\u0161e dija\u0161ke pesmi leta.<\/span><\/p>\n\n\n    <div id=\"wk-gridc23\" class=\"uk-child-width-1-3 \"  uk-grid=\"masonry: next\"  uk-scrollspy=\"cls: uk-animation-fade; target: &gt; div &gt; .uk-panel, &gt; div &gt; .uk-card; delay: 200\" uk-lightbox=\"container: .uk-gallery-container; toggle: a[data-js-lightbox]\">\n\n            \n        <div>\n        \n<div class=\"uk-panel\">\n\n    \n        <div class=\"uk-inline-clip uk-transition-toggle \">\n\n            <img loading=\"lazy\" decoding=\"async\" src=\"\/visja\/wp-content\/uploads\/sites\/3\/2026\/09\/1-fotografije-izlozbe_10-let-male-Veronike_Iva-Bednar.jpeg\" class=\"uk-transition-scale-up uk-transition-opaque\" alt=\"1 Fotografije Izlo\u017ebe 10 Let Male Veronike Iva Bednar\" width=\"1024\" height=\"1399\">\n            \n                        <div class=\"uk-overlay uk-overlay-primary uk-position-cover uk-transition-fade\"><\/div>\n            \n                            <div class=\"uk-position-center uk-light\">\n                    <span class=\"uk-transition-fade\" uk-overlay-icon><\/span>\n                <\/div>\n            \n                                                                        <a class=\"uk-position-cover\" data-js-lightbox href=\"\/visja\/wp-content\/uploads\/sites\/3\/2026\/09\/1-fotografije-izlozbe_10-let-male-Veronike_Iva-Bednar.jpeg\" data-type=\"image\" data-caption=\"1 Fotografije Izlo\u017ebe 10 Let Male Veronike Iva Bednar\"><\/a>\n                                                \n        <\/div>\n\n    \n    \n        \n        \n    \n    \n<\/div>\n        <\/div>\n\n                    \n        <div>\n        \n<div class=\"uk-panel\">\n\n    \n        <div class=\"uk-inline-clip uk-transition-toggle \">\n\n            <img loading=\"lazy\" decoding=\"async\" src=\"\/visja\/wp-content\/uploads\/sites\/3\/2026\/09\/21-10-fotografije-izlozbe_10-let-male-Veronike_Iva-Bednar.jpg\" class=\"uk-transition-scale-up uk-transition-opaque\" alt=\"21 10 Fotografije Izlo\u017ebe 10 Let Male Veronike Iva Bednar\" width=\"1024\" height=\"1365\">\n            \n                        <div class=\"uk-overlay uk-overlay-primary uk-position-cover uk-transition-fade\"><\/div>\n            \n                            <div class=\"uk-position-center uk-light\">\n                    <span class=\"uk-transition-fade\" uk-overlay-icon><\/span>\n                <\/div>\n            \n                                                                        <a class=\"uk-position-cover\" data-js-lightbox href=\"\/visja\/wp-content\/uploads\/sites\/3\/2026\/09\/21-10-fotografije-izlozbe_10-let-male-Veronike_Iva-Bednar.jpg\" data-type=\"image\" data-caption=\"21 10 Fotografije Izlo\u017ebe 10 Let Male Veronike Iva Bednar\"><\/a>\n                                                \n        <\/div>\n\n    \n    \n        \n        \n    \n    \n<\/div>\n        <\/div>\n\n                    \n        <div>\n        \n<div class=\"uk-panel\">\n\n    \n        <div class=\"uk-inline-clip uk-transition-toggle \">\n\n            <img loading=\"lazy\" decoding=\"async\" src=\"\/visja\/wp-content\/uploads\/sites\/3\/2026\/09\/19-fotografije-izlozbe_10-let-male-Veronike_Iva-Bednar.jpg\" class=\"uk-transition-scale-up uk-transition-opaque\" alt=\"19 Fotografije Izlo\u017ebe 10 Let Male Veronike Iva Bednar\" width=\"1365\" height=\"1024\">\n            \n                        <div class=\"uk-overlay uk-overlay-primary uk-position-cover uk-transition-fade\"><\/div>\n            \n                            <div class=\"uk-position-center uk-light\">\n                    <span class=\"uk-transition-fade\" uk-overlay-icon><\/span>\n                <\/div>\n            \n                                                                        <a class=\"uk-position-cover\" data-js-lightbox href=\"\/visja\/wp-content\/uploads\/sites\/3\/2026\/09\/19-fotografije-izlozbe_10-let-male-Veronike_Iva-Bednar.jpg\" data-type=\"image\" data-caption=\"19 Fotografije Izlo\u017ebe 10 Let Male Veronike Iva Bednar\"><\/a>\n                                                \n        <\/div>\n\n    \n    \n        \n        \n    \n    \n<\/div>\n        <\/div>\n\n                    \n        <div>\n        \n<div class=\"uk-panel\">\n\n    \n        <div class=\"uk-inline-clip uk-transition-toggle \">\n\n            <img loading=\"lazy\" decoding=\"async\" src=\"\/visja\/wp-content\/uploads\/sites\/3\/2026\/09\/20-fotografije-izlozbe_10-let-male-Veronike_Iva-Bednar.jpg\" class=\"uk-transition-scale-up uk-transition-opaque\" alt=\"20 Fotografije Izlo\u017ebe 10 Let Male Veronike Iva Bednar\" width=\"1024\" height=\"1365\">\n            \n                        <div class=\"uk-overlay uk-overlay-primary uk-position-cover uk-transition-fade\"><\/div>\n            \n                            <div class=\"uk-position-center uk-light\">\n                    <span class=\"uk-transition-fade\" uk-overlay-icon><\/span>\n                <\/div>\n            \n                                                                        <a class=\"uk-position-cover\" data-js-lightbox href=\"\/visja\/wp-content\/uploads\/sites\/3\/2026\/09\/20-fotografije-izlozbe_10-let-male-Veronike_Iva-Bednar.jpg\" data-type=\"image\" data-caption=\"20 Fotografije Izlo\u017ebe 10 Let Male Veronike Iva Bednar\"><\/a>\n                                                \n        <\/div>\n\n    \n    \n        \n        \n    \n    \n<\/div>\n        <\/div>\n\n                    \n        <div>\n        \n<div class=\"uk-panel\">\n\n    \n        <div class=\"uk-inline-clip uk-transition-toggle \">\n\n            <img loading=\"lazy\" decoding=\"async\" src=\"\/visja\/wp-content\/uploads\/sites\/3\/2026\/09\/18-fotografije-izlozbe_10-let-male-Veronike_Iva-Bednar.jpg\" class=\"uk-transition-scale-up uk-transition-opaque\" alt=\"18 Fotografije Izlo\u017ebe 10 Let Male Veronike Iva Bednar\" width=\"1365\" height=\"1024\">\n            \n                        <div class=\"uk-overlay uk-overlay-primary uk-position-cover uk-transition-fade\"><\/div>\n            \n                            <div class=\"uk-position-center uk-light\">\n                    <span class=\"uk-transition-fade\" uk-overlay-icon><\/span>\n                <\/div>\n            \n                                                                        <a class=\"uk-position-cover\" data-js-lightbox href=\"\/visja\/wp-content\/uploads\/sites\/3\/2026\/09\/18-fotografije-izlozbe_10-let-male-Veronike_Iva-Bednar.jpg\" data-type=\"image\" data-caption=\"18 Fotografije Izlo\u017ebe 10 Let Male Veronike Iva Bednar\"><\/a>\n                                                \n        <\/div>\n\n    \n    \n        \n        \n    \n    \n<\/div>\n        <\/div>\n\n                    \n        <div>\n        \n<div class=\"uk-panel\">\n\n    \n        <div class=\"uk-inline-clip uk-transition-toggle \">\n\n            <img loading=\"lazy\" decoding=\"async\" src=\"\/visja\/wp-content\/uploads\/sites\/3\/2026\/09\/17-fotografije-izlozbe_10-let-male-Veronike_Iva-Bednar.jpg\" class=\"uk-transition-scale-up uk-transition-opaque\" alt=\"17 Fotografije Izlo\u017ebe 10 Let Male Veronike Iva Bednar\" width=\"1365\" height=\"1024\">\n            \n                        <div class=\"uk-overlay uk-overlay-primary uk-position-cover uk-transition-fade\"><\/div>\n            \n                            <div class=\"uk-position-center uk-light\">\n                    <span class=\"uk-transition-fade\" uk-overlay-icon><\/span>\n                <\/div>\n            \n                                                                        <a class=\"uk-position-cover\" data-js-lightbox href=\"\/visja\/wp-content\/uploads\/sites\/3\/2026\/09\/17-fotografije-izlozbe_10-let-male-Veronike_Iva-Bednar.jpg\" data-type=\"image\" data-caption=\"17 Fotografije Izlo\u017ebe 10 Let Male Veronike Iva Bednar\"><\/a>\n                                                \n        <\/div>\n\n    \n    \n        \n        \n    \n    \n<\/div>\n        <\/div>\n\n                    \n        <div>\n        \n<div class=\"uk-panel\">\n\n    \n        <div class=\"uk-inline-clip uk-transition-toggle \">\n\n            <img loading=\"lazy\" decoding=\"async\" src=\"\/visja\/wp-content\/uploads\/sites\/3\/2026\/09\/16-fotografije-izlozbe_10-let-male-Veronike_Iva-Bednar.jpg\" class=\"uk-transition-scale-up uk-transition-opaque\" alt=\"16 Fotografije Izlo\u017ebe 10 Let Male Veronike Iva Bednar\" width=\"1365\" height=\"1024\">\n            \n                        <div class=\"uk-overlay uk-overlay-primary uk-position-cover uk-transition-fade\"><\/div>\n            \n                            <div class=\"uk-position-center uk-light\">\n                    <span class=\"uk-transition-fade\" uk-overlay-icon><\/span>\n                <\/div>\n            \n                                                                        <a class=\"uk-position-cover\" data-js-lightbox href=\"\/visja\/wp-content\/uploads\/sites\/3\/2026\/09\/16-fotografije-izlozbe_10-let-male-Veronike_Iva-Bednar.jpg\" data-type=\"image\" data-caption=\"16 Fotografije Izlo\u017ebe 10 Let Male Veronike Iva Bednar\"><\/a>\n                                                \n        <\/div>\n\n    \n    \n        \n        \n    \n    \n<\/div>\n        <\/div>\n\n                    \n        <div>\n        \n<div class=\"uk-panel\">\n\n    \n        <div class=\"uk-inline-clip uk-transition-toggle \">\n\n            <img loading=\"lazy\" decoding=\"async\" src=\"\/visja\/wp-content\/uploads\/sites\/3\/2026\/09\/14-fotografije-izlozbe_10-let-male-Veronike_Iva-Bednar-scaled.jpeg\" class=\"uk-transition-scale-up uk-transition-opaque\" alt=\"14 Fotografije Izlo\u017ebe 10 Let Male Veronike Iva Bednar\" width=\"1920\" height=\"2560\">\n            \n                        <div class=\"uk-overlay uk-overlay-primary uk-position-cover uk-transition-fade\"><\/div>\n            \n                            <div class=\"uk-position-center uk-light\">\n                    <span class=\"uk-transition-fade\" uk-overlay-icon><\/span>\n                <\/div>\n            \n                                                                        <a class=\"uk-position-cover\" data-js-lightbox href=\"\/visja\/wp-content\/uploads\/sites\/3\/2026\/09\/14-fotografije-izlozbe_10-let-male-Veronike_Iva-Bednar-scaled.jpeg\" data-type=\"image\" data-caption=\"14 Fotografije Izlo\u017ebe 10 Let Male Veronike Iva Bednar\"><\/a>\n                                                \n        <\/div>\n\n    \n    \n        \n        \n    \n    \n<\/div>\n        <\/div>\n\n                    \n        <div>\n        \n<div class=\"uk-panel\">\n\n    \n        <div class=\"uk-inline-clip uk-transition-toggle \">\n\n            <img loading=\"lazy\" decoding=\"async\" src=\"\/visja\/wp-content\/uploads\/sites\/3\/2026\/09\/12-fotografije-izlozbe_10-let-male-Veronike_Iva-Bednar.jpeg\" class=\"uk-transition-scale-up uk-transition-opaque\" alt=\"12 Fotografije Izlo\u017ebe 10 Let Male Veronike Iva Bednar\" width=\"1024\" height=\"1365\">\n            \n                        <div class=\"uk-overlay uk-overlay-primary uk-position-cover uk-transition-fade\"><\/div>\n            \n                            <div class=\"uk-position-center uk-light\">\n                    <span class=\"uk-transition-fade\" uk-overlay-icon><\/span>\n                <\/div>\n            \n                                                                        <a class=\"uk-position-cover\" data-js-lightbox href=\"\/visja\/wp-content\/uploads\/sites\/3\/2026\/09\/12-fotografije-izlozbe_10-let-male-Veronike_Iva-Bednar.jpeg\" data-type=\"image\" data-caption=\"12 Fotografije Izlo\u017ebe 10 Let Male Veronike Iva Bednar\"><\/a>\n                                                \n        <\/div>\n\n    \n    \n        \n        \n    \n    \n<\/div>\n        <\/div>\n\n                    \n        <div>\n        \n<div class=\"uk-panel\">\n\n    \n        <div class=\"uk-inline-clip uk-transition-toggle \">\n\n            <img loading=\"lazy\" decoding=\"async\" src=\"\/visja\/wp-content\/uploads\/sites\/3\/2026\/09\/13-fotografije-izlozbe_10-let-male-Veronike_Iva-Bednar.jpeg\" class=\"uk-transition-scale-up uk-transition-opaque\" alt=\"13 Fotografije Izlo\u017ebe 10 Let Male Veronike Iva Bednar\" width=\"1024\" height=\"1365\">\n            \n                        <div class=\"uk-overlay uk-overlay-primary uk-position-cover uk-transition-fade\"><\/div>\n            \n                            <div class=\"uk-position-center uk-light\">\n                    <span class=\"uk-transition-fade\" uk-overlay-icon><\/span>\n                <\/div>\n            \n                                                                        <a class=\"uk-position-cover\" data-js-lightbox href=\"\/visja\/wp-content\/uploads\/sites\/3\/2026\/09\/13-fotografije-izlozbe_10-let-male-Veronike_Iva-Bednar.jpeg\" data-type=\"image\" data-caption=\"13 Fotografije Izlo\u017ebe 10 Let Male Veronike Iva Bednar\"><\/a>\n                                                \n        <\/div>\n\n    \n    \n        \n        \n    \n    \n<\/div>\n        <\/div>\n\n                    \n        <div>\n        \n<div class=\"uk-panel\">\n\n    \n        <div class=\"uk-inline-clip uk-transition-toggle \">\n\n            <img loading=\"lazy\" decoding=\"async\" src=\"\/visja\/wp-content\/uploads\/sites\/3\/2026\/09\/11-fotografije-izlozbe_10-let-male-Veronike_Iva-Bednar.jpg\" class=\"uk-transition-scale-up uk-transition-opaque\" alt=\"11 Fotografije Izlo\u017ebe 10 Let Male Veronike Iva Bednar\" width=\"1024\" height=\"1365\">\n            \n                        <div class=\"uk-overlay uk-overlay-primary uk-position-cover uk-transition-fade\"><\/div>\n            \n                            <div class=\"uk-position-center uk-light\">\n                    <span class=\"uk-transition-fade\" uk-overlay-icon><\/span>\n                <\/div>\n            \n                                                                        <a class=\"uk-position-cover\" data-js-lightbox href=\"\/visja\/wp-content\/uploads\/sites\/3\/2026\/09\/11-fotografije-izlozbe_10-let-male-Veronike_Iva-Bednar.jpg\" data-type=\"image\" data-caption=\"11 Fotografije Izlo\u017ebe 10 Let Male Veronike Iva Bednar\"><\/a>\n                                                \n        <\/div>\n\n    \n    \n        \n        \n    \n    \n<\/div>\n        <\/div>\n\n                    \n        <div>\n        \n<div class=\"uk-panel\">\n\n    \n        <div class=\"uk-inline-clip uk-transition-toggle \">\n\n            <img loading=\"lazy\" decoding=\"async\" src=\"\/visja\/wp-content\/uploads\/sites\/3\/2026\/09\/10-fotografije-izlozbe_10-let-male-Veronike_Iva-Bednar.jpg\" class=\"uk-transition-scale-up uk-transition-opaque\" alt=\"10 Fotografije Izlo\u017ebe 10 Let Male Veronike Iva Bednar\" width=\"1024\" height=\"1365\">\n            \n                        <div class=\"uk-overlay uk-overlay-primary uk-position-cover uk-transition-fade\"><\/div>\n            \n                            <div class=\"uk-position-center uk-light\">\n                    <span class=\"uk-transition-fade\" uk-overlay-icon><\/span>\n                <\/div>\n            \n                                                                        <a class=\"uk-position-cover\" data-js-lightbox href=\"\/visja\/wp-content\/uploads\/sites\/3\/2026\/09\/10-fotografije-izlozbe_10-let-male-Veronike_Iva-Bednar.jpg\" data-type=\"image\" data-caption=\"10 Fotografije Izlo\u017ebe 10 Let Male Veronike Iva Bednar\"><\/a>\n                                                \n        <\/div>\n\n    \n    \n        \n        \n    \n    \n<\/div>\n        <\/div>\n\n                    \n        <div>\n        \n<div class=\"uk-panel\">\n\n    \n        <div class=\"uk-inline-clip uk-transition-toggle \">\n\n            <img loading=\"lazy\" decoding=\"async\" src=\"\/visja\/wp-content\/uploads\/sites\/3\/2026\/09\/9-fotografije-izlozbe_10-let-male-Veronike_Iva-Bednar.jpeg\" class=\"uk-transition-scale-up uk-transition-opaque\" alt=\"9 Fotografije Izlo\u017ebe 10 Let Male Veronike Iva Bednar\" width=\"1077\" height=\"1024\">\n            \n                        <div class=\"uk-overlay uk-overlay-primary uk-position-cover uk-transition-fade\"><\/div>\n            \n                            <div class=\"uk-position-center uk-light\">\n                    <span class=\"uk-transition-fade\" uk-overlay-icon><\/span>\n                <\/div>\n            \n                                                                        <a class=\"uk-position-cover\" data-js-lightbox href=\"\/visja\/wp-content\/uploads\/sites\/3\/2026\/09\/9-fotografije-izlozbe_10-let-male-Veronike_Iva-Bednar.jpeg\" data-type=\"image\" data-caption=\"9 Fotografije Izlo\u017ebe 10 Let Male Veronike Iva Bednar\"><\/a>\n                                                \n        <\/div>\n\n    \n    \n        \n        \n    \n    \n<\/div>\n        <\/div>\n\n                    \n        <div>\n        \n<div class=\"uk-panel\">\n\n    \n        <div class=\"uk-inline-clip uk-transition-toggle \">\n\n            <img loading=\"lazy\" decoding=\"async\" src=\"\/visja\/wp-content\/uploads\/sites\/3\/2026\/09\/8-fotografije-izlozbe_10-let-male-Veronike_Iva-Bednar.jpeg\" class=\"uk-transition-scale-up uk-transition-opaque\" alt=\"8 Fotografije Izlo\u017ebe 10 Let Male Veronike Iva Bednar\" width=\"1024\" height=\"1391\">\n            \n                        <div class=\"uk-overlay uk-overlay-primary uk-position-cover uk-transition-fade\"><\/div>\n            \n                            <div class=\"uk-position-center uk-light\">\n                    <span class=\"uk-transition-fade\" uk-overlay-icon><\/span>\n                <\/div>\n            \n                                                                        <a class=\"uk-position-cover\" data-js-lightbox href=\"\/visja\/wp-content\/uploads\/sites\/3\/2026\/09\/8-fotografije-izlozbe_10-let-male-Veronike_Iva-Bednar.jpeg\" data-type=\"image\" data-caption=\"8 Fotografije Izlo\u017ebe 10 Let Male Veronike Iva Bednar\"><\/a>\n                                                \n        <\/div>\n\n    \n    \n        \n        \n    \n    \n<\/div>\n        <\/div>\n\n                    \n        <div>\n        \n<div class=\"uk-panel\">\n\n    \n        <div class=\"uk-inline-clip uk-transition-toggle \">\n\n            <img loading=\"lazy\" decoding=\"async\" src=\"\/visja\/wp-content\/uploads\/sites\/3\/2026\/09\/7-fotografije-izlozbe_10-let-male-Veronike_Iva-Bednar.jpeg\" class=\"uk-transition-scale-up uk-transition-opaque\" alt=\"7 Fotografije Izlo\u017ebe 10 Let Male Veronike Iva Bednar\" width=\"1024\" height=\"1388\">\n            \n                        <div class=\"uk-overlay uk-overlay-primary uk-position-cover uk-transition-fade\"><\/div>\n            \n                            <div class=\"uk-position-center uk-light\">\n                    <span class=\"uk-transition-fade\" uk-overlay-icon><\/span>\n                <\/div>\n            \n                                                                        <a class=\"uk-position-cover\" data-js-lightbox href=\"\/visja\/wp-content\/uploads\/sites\/3\/2026\/09\/7-fotografije-izlozbe_10-let-male-Veronike_Iva-Bednar.jpeg\" data-type=\"image\" data-caption=\"7 Fotografije Izlo\u017ebe 10 Let Male Veronike Iva Bednar\"><\/a>\n                                                \n        <\/div>\n\n    \n    \n        \n        \n    \n    \n<\/div>\n        <\/div>\n\n                    \n        <div>\n        \n<div class=\"uk-panel\">\n\n    \n        <div class=\"uk-inline-clip uk-transition-toggle \">\n\n            <img loading=\"lazy\" decoding=\"async\" src=\"\/visja\/wp-content\/uploads\/sites\/3\/2026\/09\/6-Iva-Bednar_mala-Veronika.jpg\" class=\"uk-transition-scale-up uk-transition-opaque\" alt=\"6 Iva Bednar Mala Veronika\" width=\"1536\" height=\"1024\">\n            \n                        <div class=\"uk-overlay uk-overlay-primary uk-position-cover uk-transition-fade\"><\/div>\n            \n                            <div class=\"uk-position-center uk-light\">\n                    <span class=\"uk-transition-fade\" uk-overlay-icon><\/span>\n                <\/div>\n            \n                                                                        <a class=\"uk-position-cover\" data-js-lightbox href=\"\/visja\/wp-content\/uploads\/sites\/3\/2026\/09\/6-Iva-Bednar_mala-Veronika.jpg\" data-type=\"image\" data-caption=\"6 Iva Bednar Mala Veronika\"><\/a>\n                                                \n        <\/div>\n\n    \n    \n        \n        \n    \n    \n<\/div>\n        <\/div>\n\n                    \n        <div>\n        \n<div class=\"uk-panel\">\n\n    \n        <div class=\"uk-inline-clip uk-transition-toggle \">\n\n            <img loading=\"lazy\" decoding=\"async\" src=\"\/visja\/wp-content\/uploads\/sites\/3\/2026\/09\/5-Iva-Bednar_mala-Veronika.jpg\" class=\"uk-transition-scale-up uk-transition-opaque\" alt=\"5 Iva Bednar Mala Veronika\" width=\"1536\" height=\"1024\">\n            \n                        <div class=\"uk-overlay uk-overlay-primary uk-position-cover uk-transition-fade\"><\/div>\n            \n                            <div class=\"uk-position-center uk-light\">\n                    <span class=\"uk-transition-fade\" uk-overlay-icon><\/span>\n                <\/div>\n            \n                                                                        <a class=\"uk-position-cover\" data-js-lightbox href=\"\/visja\/wp-content\/uploads\/sites\/3\/2026\/09\/5-Iva-Bednar_mala-Veronika.jpg\" data-type=\"image\" data-caption=\"5 Iva Bednar Mala Veronika\"><\/a>\n                                                \n        <\/div>\n\n    \n    \n        \n        \n    \n    \n<\/div>\n        <\/div>\n\n                    \n        <div>\n        \n<div class=\"uk-panel\">\n\n    \n        <div class=\"uk-inline-clip uk-transition-toggle \">\n\n            <img loading=\"lazy\" decoding=\"async\" src=\"\/visja\/wp-content\/uploads\/sites\/3\/2026\/09\/4-Iva-Bednar_mala-Veronika.jpg\" class=\"uk-transition-scale-up uk-transition-opaque\" alt=\"4 Iva Bednar Mala Veronika\" width=\"1536\" height=\"1024\">\n            \n                        <div class=\"uk-overlay uk-overlay-primary uk-position-cover uk-transition-fade\"><\/div>\n            \n                            <div class=\"uk-position-center uk-light\">\n                    <span class=\"uk-transition-fade\" uk-overlay-icon><\/span>\n                <\/div>\n            \n                                                                        <a class=\"uk-position-cover\" data-js-lightbox href=\"\/visja\/wp-content\/uploads\/sites\/3\/2026\/09\/4-Iva-Bednar_mala-Veronika.jpg\" data-type=\"image\" data-caption=\"4 Iva Bednar Mala Veronika\"><\/a>\n                                                \n        <\/div>\n\n    \n    \n        \n        \n    \n    \n<\/div>\n        <\/div>\n\n                    \n        <div>\n        \n<div class=\"uk-panel\">\n\n    \n        <div class=\"uk-inline-clip uk-transition-toggle \">\n\n            <img loading=\"lazy\" decoding=\"async\" src=\"\/visja\/wp-content\/uploads\/sites\/3\/2026\/09\/3-Iva-Bednar_mala-Veronika.jpg\" class=\"uk-transition-scale-up uk-transition-opaque\" alt=\"3 Iva Bednar Mala Veronika\" width=\"1536\" height=\"1024\">\n            \n                        <div class=\"uk-overlay uk-overlay-primary uk-position-cover uk-transition-fade\"><\/div>\n            \n                            <div class=\"uk-position-center uk-light\">\n                    <span class=\"uk-transition-fade\" uk-overlay-icon><\/span>\n                <\/div>\n            \n                                                                        <a class=\"uk-position-cover\" data-js-lightbox href=\"\/visja\/wp-content\/uploads\/sites\/3\/2026\/09\/3-Iva-Bednar_mala-Veronika.jpg\" data-type=\"image\" data-caption=\"3 Iva Bednar Mala Veronika\"><\/a>\n                                                \n        <\/div>\n\n    \n    \n        \n        \n    \n    \n<\/div>\n        <\/div>\n\n                    \n        <div>\n        \n<div class=\"uk-panel\">\n\n    \n        <div class=\"uk-inline-clip uk-transition-toggle \">\n\n            <img loading=\"lazy\" decoding=\"async\" src=\"\/visja\/wp-content\/uploads\/sites\/3\/2026\/09\/2-Iva-Bednar_mala-Veronika.jpg\" class=\"uk-transition-scale-up uk-transition-opaque\" alt=\"2 Iva Bednar Mala Veronika\" width=\"1536\" height=\"1024\">\n            \n                        <div class=\"uk-overlay uk-overlay-primary uk-position-cover uk-transition-fade\"><\/div>\n            \n                            <div class=\"uk-position-center uk-light\">\n                    <span class=\"uk-transition-fade\" uk-overlay-icon><\/span>\n                <\/div>\n            \n                                                                        <a class=\"uk-position-cover\" data-js-lightbox href=\"\/visja\/wp-content\/uploads\/sites\/3\/2026\/09\/2-Iva-Bednar_mala-Veronika.jpg\" data-type=\"image\" data-caption=\"2 Iva Bednar Mala Veronika\"><\/a>\n                                                \n        <\/div>\n\n    \n    \n        \n        \n    \n    \n<\/div>\n        <\/div>\n\n            \n    <\/div>\n\n\n\n<script>\n\n    (function(UIkit){\n\n        var $ = UIkit.util;\n\n        $.ready(function () {\n            if (!$.$('.uk-gallery-container')) {\n                $.append(document.body, '<div class=\"uk-scope uk-gallery-container\">');\n            }\n        });\n\n    })(window.UIkitwk || window.UIkit);\n\n<\/script>\n\n","protected":false},"excerpt":{"rendered":"<p>Veronikina izlo\u017eba 2026 tudi letos povezuje poezijo in vizualno umetnost ter pesmi mladih ustvarjalcev ume\u0161\u010da v javni prostor Celja. Za leto\u0161njo postavitev je Iva Bednar, \u0161tudentka fotografije na Vi\u0161ji strokovni [&hellip;]<\/p>\n","protected":false},"author":1,"featured_media":0,"comment_status":"closed","ping_status":"open","sticky":false,"template":"","format":"standard","meta":{"footnotes":""},"categories":[24],"tags":[],"class_list":["post-4217","post","type-post","status-publish","format-standard","hentry","category-dosezki-studentov"],"publishpress_future_action":{"enabled":false,"date":"2026-09-12 08:00:24","action":"change-status","newStatus":"draft","terms":[],"taxonomy":"category","extraData":[]},"publishpress_future_workflow_manual_trigger":{"enabledWorkflows":[]},"_links":{"self":[{"href":"https:\/\/www.hvu.si\/visja\/wp-json\/wp\/v2\/posts\/4217","targetHints":{"allow":["GET"]}}],"collection":[{"href":"https:\/\/www.hvu.si\/visja\/wp-json\/wp\/v2\/posts"}],"about":[{"href":"https:\/\/www.hvu.si\/visja\/wp-json\/wp\/v2\/types\/post"}],"author":[{"embeddable":true,"href":"https:\/\/www.hvu.si\/visja\/wp-json\/wp\/v2\/users\/1"}],"replies":[{"embeddable":true,"href":"https:\/\/www.hvu.si\/visja\/wp-json\/wp\/v2\/comments?post=4217"}],"version-history":[{"count":6,"href":"https:\/\/www.hvu.si\/visja\/wp-json\/wp\/v2\/posts\/4217\/revisions"}],"predecessor-version":[{"id":4243,"href":"https:\/\/www.hvu.si\/visja\/wp-json\/wp\/v2\/posts\/4217\/revisions\/4243"}],"wp:attachment":[{"href":"https:\/\/www.hvu.si\/visja\/wp-json\/wp\/v2\/media?parent=4217"}],"wp:term":[{"taxonomy":"category","embeddable":true,"href":"https:\/\/www.hvu.si\/visja\/wp-json\/wp\/v2\/categories?post=4217"},{"taxonomy":"post_tag","embeddable":true,"href":"https:\/\/www.hvu.si\/visja\/wp-json\/wp\/v2\/tags?post=4217"}],"curies":[{"name":"wp","href":"https:\/\/api.w.org\/{rel}","templated":true}]}}