{"id":4029,"date":"2026-03-02T08:29:52","date_gmt":"2026-03-02T07:29:52","guid":{"rendered":"https:\/\/www.hvu.si\/visja\/?p=4029"},"modified":"2026-03-02T08:29:52","modified_gmt":"2026-03-02T07:29:52","slug":"startup-sola-podjetniska-pot-v-london","status":"publish","type":"post","link":"https:\/\/www.hvu.si\/visja\/startup-sola-podjetniska-pot-v-london\/","title":{"rendered":"Startup \u0161ola &#8220;Podjetni\u0161ka pot v London&#8221;"},"content":{"rendered":"<p style=\"text-align: justify\"><span style=\"font-family: 'book antiqua', palatino, serif\">Skupnost VS\u0160 v sodelovanju z Inkubatorjem Savinjske regije pripravlja <strong>Startup \u0161olo Podjetni\u0161ka pot v London<\/strong>, ki bo potekala <strong>16., 17. in 18. marca 2026<\/strong> (10.00\u201314.00) v Celju.<\/span><\/p>\n<p style=\"text-align: justify\"><span style=\"font-family: 'book antiqua', palatino, serif\">Program je namenjen mladim <strong>do 30. leta starosti<\/strong>. Udele\u017eenci bodo v treh dneh razvijali svojo podjetni\u0161ko idejo, oblikovali MVP, poslovni model in pripravili predstavitev pred komisijo. Najbolj\u0161a ekipa oziroma posameznik prejme udele\u017ebo na<strong>\u00a03-tedenskem programu European Innovation Academy v Londonu (\u0161olnino krije organizator)<\/strong>. Ve\u010d informacij je na voljo <a href=\"https:\/\/www.skupnost-vss.si\/startup-sola-podjetniska-pot-v-london\/\"> TUKAJ<\/a>, prijava poteka do 11. marca.<\/span><\/p>\n<p style=\"text-align: justify\">\u00a0<\/p>\n","protected":false},"excerpt":{"rendered":"<p>Skupnost VS\u0160 v sodelovanju z Inkubatorjem Savinjske regije pripravlja Startup \u0161olo Podjetni\u0161ka pot v London, ki bo potekala 16., 17. in 18. marca 2026 (10.00\u201314.00) v Celju. Program je namenjen [&hellip;]<\/p>\n","protected":false},"author":6,"featured_media":4031,"comment_status":"closed","ping_status":"open","sticky":false,"template":"","format":"standard","meta":{"footnotes":""},"categories":[15],"tags":[],"class_list":["post-4029","post","type-post","status-publish","format-standard","has-post-thumbnail","hentry","category-obvestila-za-studente"],"_links":{"self":[{"href":"https:\/\/www.hvu.si\/visja\/wp-json\/wp\/v2\/posts\/4029","targetHints":{"allow":["GET"]}}],"collection":[{"href":"https:\/\/www.hvu.si\/visja\/wp-json\/wp\/v2\/posts"}],"about":[{"href":"https:\/\/www.hvu.si\/visja\/wp-json\/wp\/v2\/types\/post"}],"author":[{"embeddable":true,"href":"https:\/\/www.hvu.si\/visja\/wp-json\/wp\/v2\/users\/6"}],"replies":[{"embeddable":true,"href":"https:\/\/www.hvu.si\/visja\/wp-json\/wp\/v2\/comments?post=4029"}],"version-history":[{"count":1,"href":"https:\/\/www.hvu.si\/visja\/wp-json\/wp\/v2\/posts\/4029\/revisions"}],"predecessor-version":[{"id":4030,"href":"https:\/\/www.hvu.si\/visja\/wp-json\/wp\/v2\/posts\/4029\/revisions\/4030"}],"wp:featuredmedia":[{"embeddable":true,"href":"https:\/\/www.hvu.si\/visja\/wp-json\/wp\/v2\/media\/4031"}],"wp:attachment":[{"href":"https:\/\/www.hvu.si\/visja\/wp-json\/wp\/v2\/media?parent=4029"}],"wp:term":[{"taxonomy":"category","embeddable":true,"href":"https:\/\/www.hvu.si\/visja\/wp-json\/wp\/v2\/categories?post=4029"},{"taxonomy":"post_tag","embeddable":true,"href":"https:\/\/www.hvu.si\/visja\/wp-json\/wp\/v2\/tags?post=4029"}],"curies":[{"name":"wp","href":"https:\/\/api.w.org\/{rel}","templated":true}]}}