{"id":1151,"date":"2019-09-22T12:12:53","date_gmt":"2019-09-22T10:12:53","guid":{"rendered":"http:\/\/www.hvu.si\/visja\/?p=1151"},"modified":"2019-10-08T17:39:01","modified_gmt":"2019-10-08T15:39:01","slug":"vrtnice-in-umetnost","status":"publish","type":"post","link":"https:\/\/www.hvu.si\/visja\/vrtnice-in-umetnost\/","title":{"rendered":"Vrtnice in umetnost"},"content":{"rendered":"<p style=\"text-align: justify;\"><span style=\"font-family: book antiqua, palatino, serif; font-size: 14pt;\"><strong>VABILO<\/strong><strong>\u00a0<\/strong><\/span><\/p>\n<p style=\"text-align: justify;\"><span style=\"font-family: book antiqua, palatino, serif; font-size: 14pt;\">10. oktobra 2019 (\u010detrtek) \u017ee deseti\u010d pripravljamo <u>strokovni posvet<\/u> z naslovom HORTIKULTURA \u2013 mo\u017enosti, prilo\u017enosti, prenos dobre prakse, tokrat na temo <strong>VRTNICE IN UMETNOST<\/strong>. Vrtnice bodo predstavljene z vrtnarskega vidika in umetnosti.<\/span><\/p>\n<p style=\"text-align: justify;\"><span style=\"font-family: book antiqua, palatino, serif; font-size: 14pt;\"><strong>Udele\u017eba je brezpla\u010dna. <\/strong>Na voljo bo brezpla\u010den zbornik na spletnih straneh. <strong>Vljudno vabljeni! <\/strong><\/span><\/p>\n<p style=\"text-align: justify;\"><span style=\"font-family: book antiqua, palatino, serif; font-size: 14pt;\">Za\u017eelene so prijave na tel. 040 637 287, e-mail <a href=\"mailto:nada.natek@hvu.si\">nada.natek@hvu.si<\/a> (Nada Natek) ali na tel. 070 783 683, e-mail <a href=\"mailto:barbara.pajk@hvu.si\">barbara.pajk@hvu.si<\/a> (Barbara Pajk).<\/span><\/p>\n<p style=\"text-align: justify;\"><span style=\"font-family: book antiqua, palatino, serif; font-size: 14pt;\"><strong>PROGRAM<\/strong><\/span><\/p>\n<p style=\"text-align: justify;\"><span style=\"font-family: book antiqua, palatino, serif; font-size: 14pt;\">10. strokovnega posveta Hortikultura\u2014mo\u017enosti, prilo\u017enosti, primeri dobrih praks s temo <strong>VRTNICE IN UMETNOST<\/strong><strong>.<\/strong><\/span><\/p>\n<p style=\"text-align: justify;\"><span style=\"font-family: book antiqua, palatino, serif; font-size: 14pt;\"><strong>10. oktober 2019, \u0160ola za hortikulturo in vizualne umetnosti Celje<\/strong><\/span><\/p>\n<p style=\"text-align: justify;\"><span style=\"font-family: book antiqua, palatino, serif; font-size: 14pt;\">\n<table id=\"tablepress-3\" class=\"tablepress tablepress-id-3\">\n<thead>\n<tr class=\"row-1\">\n\t<th class=\"column-1\">\u010cas predstavitve<\/th><th class=\"column-2\">Predavatelj\/ica<\/th><th class=\"column-3\">Naslov prispevka<\/th>\n<\/tr>\n<\/thead>\n<tbody class=\"row-striping row-hover\">\n<tr class=\"row-2\">\n\t<td class=\"column-1\">15.00<\/td><td class=\"column-2\">\u0160tefanija Kos Zidar,<br \/>\nNada Reber\u0161ek Natek<\/td><td class=\"column-3\">Uvodni pozdrav in predstavitev predavateljev<\/td>\n<\/tr>\n<tr class=\"row-3\">\n\t<td class=\"column-1\">15.05-15.20<\/td><td class=\"column-2\">Edi Pro\u0161t<\/td><td class=\"column-3\">Vrtnice burbonke<\/td>\n<\/tr>\n<tr class=\"row-4\">\n\t<td class=\"column-1\">15.20-15.50<\/td><td class=\"column-2\">Vladimir Planin\u0161ek<\/td><td class=\"column-3\">Predstavitev izbranih sort vrtnic<\/td>\n<\/tr>\n<tr class=\"row-5\">\n\t<td class=\"column-1\">15.50-16.05<\/td><td class=\"column-2\">Breda Bavda\u017e \u010copi<\/td><td class=\"column-3\">Odporne vrtnice (\u017elahtnjenje, vzgoja)<\/td>\n<\/tr>\n<tr class=\"row-6\">\n\t<td class=\"column-1\">16.05-16.20<\/td><td class=\"column-2\">Emil \u0160pes<\/td><td class=\"column-3\">Uporaba vrtnic v javnih nasadih<\/td>\n<\/tr>\n<tr class=\"row-7\">\n\t<td class=\"column-1\">16.20-16.35<\/td><td class=\"column-2\">Matja\u017e Mastnak<\/td><td class=\"column-3\">Zgodovina vrtnic, ki jo dokumentirajo slike Narodne galerije<\/td>\n<\/tr>\n<tr class=\"row-8\">\n\t<td class=\"column-1\">16.35-16.50<\/td><td class=\"column-2\">odmor<\/td><td class=\"column-3\"><\/td>\n<\/tr>\n<tr class=\"row-9\">\n\t<td class=\"column-1\">16.50-17.05<\/td><td class=\"column-2\">Nina \u0160tarkel<\/td><td class=\"column-3\">\u0160kodljivci ali vir hrane - dvojna vloga u\u0161i na vrtnicah<\/td>\n<\/tr>\n<tr class=\"row-10\">\n\t<td class=\"column-1\">17.05-17.30<\/td><td class=\"column-2\">Majda Ortan<\/td><td class=\"column-3\">Ro\u017ea \u017eivljenja in njena sporo\u010dila<\/td>\n<\/tr>\n<tr class=\"row-11\">\n\t<td class=\"column-1\">17.30-17.45<\/td><td class=\"column-2\">Ana Soto\u0161ek<\/td><td class=\"column-3\">Glamelia \u2013 vrtnice v cvetli\u010dnih vezavah, demonstracija<\/td>\n<\/tr>\n<tr class=\"row-12\">\n\t<td class=\"column-1\">17.45-18.00<\/td><td class=\"column-2\">Danica Koro\u0161ec<\/td><td class=\"column-3\">Vrtnica v risbi, demonstracija<\/td>\n<\/tr>\n<tr class=\"row-13\">\n\t<td class=\"column-1\">18.00-18.15<\/td><td class=\"column-2\">Metka Mestnik<\/td><td class=\"column-3\">Vrtnice v pravljici Oscarja Wilda<\/td>\n<\/tr>\n<tr class=\"row-14\">\n\t<td class=\"column-1\">18.15-18.30<\/td><td class=\"column-2\">Tatjana Gor\u0161ek<\/td><td class=\"column-3\">Omamno di\u0161e\u010de in okusno<\/td>\n<\/tr>\n<tr class=\"row-15\">\n\t<td class=\"column-1\">18.30-\u2026<\/td><td class=\"column-2\">Diskusija<\/td><td class=\"column-3\"><\/td>\n<\/tr>\n<\/tbody>\n<\/table>\n<\/span><\/p>\n<p style=\"text-align: justify;\"><span style=\"font-family: book antiqua, palatino, serif; font-size: 14pt;\">Posvet bo vodila ravnateljica Vi\u0161je strokovne \u0161ole ga. Nada R. Natek.<\/span><\/p>\n<p><span style=\"font-family: book antiqua, palatino, serif; font-size: 14pt;\">Direkten prenos si lahko ogledate na tej <\/span><a href=\"\/visja\/?page_id=1187\"><span style=\"font-family: book antiqua, palatino, serif; font-size: 14pt;\">povezavi.<\/span><\/a><\/p>\n","protected":false},"excerpt":{"rendered":"<p>VABILO\u00a0 10. oktobra 2019 (\u010detrtek) \u017ee deseti\u010d pripravljamo strokovni posvet z naslovom HORTIKULTURA \u2013 mo\u017enosti, prilo\u017enosti, prenos dobre prakse, tokrat na temo VRTNICE IN UMETNOST. Vrtnice bodo predstavljene z vrtnarskega [&hellip;]<\/p>\n","protected":false},"author":1,"featured_media":0,"comment_status":"open","ping_status":"open","sticky":false,"template":"","format":"standard","meta":{"footnotes":""},"categories":[15],"tags":[],"class_list":["post-1151","post","type-post","status-publish","format-standard","hentry","category-obvestila-za-studente"],"_links":{"self":[{"href":"https:\/\/www.hvu.si\/visja\/wp-json\/wp\/v2\/posts\/1151","targetHints":{"allow":["GET"]}}],"collection":[{"href":"https:\/\/www.hvu.si\/visja\/wp-json\/wp\/v2\/posts"}],"about":[{"href":"https:\/\/www.hvu.si\/visja\/wp-json\/wp\/v2\/types\/post"}],"author":[{"embeddable":true,"href":"https:\/\/www.hvu.si\/visja\/wp-json\/wp\/v2\/users\/1"}],"replies":[{"embeddable":true,"href":"https:\/\/www.hvu.si\/visja\/wp-json\/wp\/v2\/comments?post=1151"}],"version-history":[{"count":4,"href":"https:\/\/www.hvu.si\/visja\/wp-json\/wp\/v2\/posts\/1151\/revisions"}],"predecessor-version":[{"id":1192,"href":"https:\/\/www.hvu.si\/visja\/wp-json\/wp\/v2\/posts\/1151\/revisions\/1192"}],"wp:attachment":[{"href":"https:\/\/www.hvu.si\/visja\/wp-json\/wp\/v2\/media?parent=1151"}],"wp:term":[{"taxonomy":"category","embeddable":true,"href":"https:\/\/www.hvu.si\/visja\/wp-json\/wp\/v2\/categories?post=1151"},{"taxonomy":"post_tag","embeddable":true,"href":"https:\/\/www.hvu.si\/visja\/wp-json\/wp\/v2\/tags?post=1151"}],"curies":[{"name":"wp","href":"https:\/\/api.w.org\/{rel}","templated":true}]}}