{"id":9127,"date":"2026-09-01T07:18:46","date_gmt":"2026-09-01T05:18:46","guid":{"rendered":"https:\/\/www.hvu.si\/srednja\/?p=9127"},"modified":"2026-09-01T07:19:00","modified_gmt":"2026-09-01T05:19:00","slug":"na-pragu-novega-solskega-leta-2026-27","status":"publish","type":"post","link":"https:\/\/www.hvu.si\/srednja\/?p=9127","title":{"rendered":"Na pragu novega \u0161olskega leta 2026\/27 \u2026"},"content":{"rendered":"<p style=\"text-align: justify\"><span style=\"font-family: verdana, geneva, sans-serif\">Na pragu novega \u0161olskega leta smo, ko ste nekateri dijaki prvi\u010d prestopili prag na\u0161e \u0161ole, medtem, ko ste jo dijaki vi\u0161jih letnikov \u017ee vzeli za svoj drugi dom. Veseli smo, da ste postali na\u0161i dijaki in dijakinje. \u0160e posebej pa sem vesela dejstva, da ste dijaki prve generacije programa <strong>Pomo\u010dnik v biotehniki in oskrbi<\/strong> z novim \u0161olskim letom 2026\/27 prvi\u010d sedli v na\u0161e \u0161olske klopi in se tako pridru\u017eili cvetli\u010darjem, vrtnarjem, aran\u017eerskim, fotografskim in hortikulturnim tehnikom. Nov program pomeni pomembno pridobitev za na\u0161o \u0161olo in za celotno savinjsko regijo.<\/span><\/p>\n<p style=\"text-align: justify\"><span style=\"font-family: verdana, geneva, sans-serif\">Prihajate iz vseh koncev Slovenije, najve\u010d pa iz Savinjske regije. Zato je prav zanimivo poslu\u0161ati va\u0161e dialekte in opazovati razli\u010dne kulturne navade. Da se bomo na \u0161oli vsi skupaj \u2013 dijaki, dijakinje, u\u010ditelji, u\u010diteljice in ostali zaposleni, kar najbolje razumeli, je prav, da se dr\u017eimo dogovorjenega hi\u0161nega reda, ki vam ga bodo predstavili va\u0161i razredniki in razredni\u010darke.<\/span><\/p>\n<p style=\"text-align: justify\"><span style=\"font-family: verdana, geneva, sans-serif\">V \u010dasu po\u010ditnic nam je uspelo obnoviti glavni vhod v \u0161olo, z novimi nihajnimi in po\u017earnimi vrati, na novo opremiti u\u010dilnico 6, prenoviti del \u0161ole z IKT opremo in nabaviti manj\u0161e e-vozilo za \u0161olski park.\u00a0 Poleg tega pa se je v \u010dasu po\u010ditnic veliko delalo na izgradnji in opremi \u0161olske telovadnici, ki se po\u010dasi zaklju\u010duje.<\/span><\/p>\n<p style=\"text-align: justify\"><span style=\"font-family: verdana, geneva, sans-serif\">Glede na to, da je telovadnica \u0161e vedno v izgradnji, se dr\u017eite oznak in ne vstopajte na \u00a0obmo\u010dje izgradnje.<\/span><\/p>\n<p style=\"text-align: justify\"><span style=\"font-family: verdana, geneva, sans-serif\">Pouk bo potekal v mati\u010dnih u\u010dilnicah, razen nekaterih strokovnih predmetov, kjer bo pouk potekal v zato namenjenih u\u010dnih prostorih. Ra\u010dunalni\u0161ke u\u010dilnice se zaklepajo. Malica bo potekala tako kot lani &#8211; preko \u010dipov. Poskrbite za maksimalno higieno, kot ste je bili vajeni lansko \u0161olsko leto. Ve\u010d o malici vam bodo povedali razredniki in razredni\u010darke, oz. najdete zapis na spletni strani. Novost lanskega \u0161olskega leta velja tudi letos in sicer so odmori za malico: po 1., po 2. in po 3. \u0161olski uri.<\/span><\/p>\n<p style=\"text-align: justify\"><span style=\"font-family: verdana, geneva, sans-serif\">Zaradi vsega tega pri\u010dakujem od vas spo\u0161tovani dijaki in dijakinje odgovoren odnos do \u0161olskih prostorov in opremo; od vas pri\u010dakujemo dosledno upo\u0161tevanje pravil hi\u0161nega reda na\u0161e \u0161ole.<\/span><\/p>\n<p style=\"text-align: justify\"><span style=\"font-family: verdana, geneva, sans-serif\">Na \u0161olo ste pri\u0161li po znanje, spretnosti in ve\u0161\u010dine, kar je za nas u\u010ditelje in u\u010diteljice velika zaveza. Potrudili se bomo, da bomo kar v najve\u010dji meri opravi\u010dili va\u0161e zaupanje.<\/span><\/p>\n<p style=\"text-align: justify\"><span style=\"font-family: verdana, geneva, sans-serif\">Tudi kadrovsko smo se nekoliko okrepili, tako smo na novo zaposlili u\u010ditelje na podro\u010djih:<\/span><\/p>\n<ul style=\"text-align: justify\">\n<li><span style=\"font-family: verdana, geneva, sans-serif\">fotografije,<\/span><\/li>\n<li><span style=\"font-family: verdana, geneva, sans-serif\">hortikulture,<\/span><\/li>\n<li><span style=\"font-family: verdana, geneva, sans-serif\">\u0161portne vzgoje in<\/span><\/li>\n<li><span style=\"font-family: verdana, geneva, sans-serif\">tujega jezika.<\/span><\/li>\n<\/ul>\n<p style=\"text-align: justify\"><span style=\"font-family: verdana, geneva, sans-serif\">Delovno mesto pomo\u010dnice ravnateljice tudi letos opravlja ga. Vesna Djuri\u0107.<\/span><\/p>\n<p style=\"text-align: justify\"><span style=\"font-family: verdana, geneva, sans-serif\">Novost leto\u0161njega \u0161olskega leta je 4. \u0161olska ura ob sredah, ki bo namenjena kro\u017ekom, pripravi na razli\u010dna tekmovanja, u\u010dni pomo\u010di, pripravi na poklicno maturo, sprejemne izpite ipd.\u00a0 Dijaki se boste lahko vpisali v posamezne kro\u017eke, ki vas zanimajo. Seznam le teh najdete v Vodniku za dijake in star\u0161e na spletni strani \u0161ole. Ure pri kro\u017ekih \u0161e \u0161tejejo v interesne dejavnosti.<\/span><\/p>\n<p style=\"text-align: justify\"><span style=\"font-family: verdana, geneva, sans-serif\">Letos na\u0161a \u0161ola praznuje 80. obletnico obstoja prve \u0161ole s podro\u010dja hortikulture v Sloveniji \u2013 \u0160ole za hortikulturo in vizualne umetnosti Celje kot naslednice Vrtnarske \u0161ole Celje, ustanovljene leta 1946. Ste prav posebna generacija dijakov, ki letos zaklju\u010duje \u0161olanje ob tako pomembnem jubileju. Glede na pomembnost praznovanja smo v ta namen oblikovali osem pomembnej\u0161ih dogodkov, ki se bodo zvrstili vse do 14. oktobra 2026, ko bomo pripravili osrednjo slovesnost. Ob tem pomembnem dogodku bomo tudi odprli novo telovadnico. K sooblikovanju tega najpomembnej\u0161ega dogodka za na\u0161o \u0161olo, ste vljudno povabljeni prav vsi dijaki in dijakinje.<\/span><\/p>\n<p style=\"text-align: justify\"><span style=\"font-family: verdana, geneva, sans-serif\"><strong>Spo\u0161tovani dijaki, spo\u0161tovane dijakinje<\/strong><\/span><\/p>\n<p style=\"text-align: justify\"><span style=\"font-family: verdana, geneva, sans-serif\">Pred vami vsemi je torej nov cilj v \u017eivljenju, pot, po kateri boste stopali, ste si izbrali sami. Ste dijaki in dijakinje \u0161ole, ki vam bo poleg u\u010denja nudila veliko mo\u017enosti, biti to, kar ste.<\/span><\/p>\n<p style=\"text-align: justify\"><span style=\"font-family: verdana, geneva, sans-serif\">Da bo ta pot la\u017eja, imate ob sebi razrednike, u\u010ditelje in u\u010diteljice ter svetovalni delavki, ki vas bodo usmerjali in stali ob strani na va\u0161i poti do cilja. Tudi moja vrata so za vas vedno na \u0161iroko odprta.<\/span><\/p>\n<p style=\"text-align: justify\"><span style=\"font-family: verdana, geneva, sans-serif\">Ozrite se naokoli in kmalu boste spoznali sorodno du\u0161o, ki bo postal\/a va\u0161 novi prijatelj, prijateljica \u2026 ali pa ta \u017ee obstaja in se potrudite, da obdr\u017eite prijateljstvo.<\/span><\/p>\n<p style=\"text-align: justify\"><span style=\"font-family: verdana, geneva, sans-serif\">\u017delim vam uspe\u0161en za\u010detek novega \u0161olskega leta ter varno pot v \u0161olo in nazaj domov.<\/span><\/p>\n<p style=\"text-align: justify\"><span style=\"font-family: verdana, geneva, sans-serif\"><strong>Spo\u0161tovani kolegi u\u010ditelji in u\u010diteljice: <\/strong><\/span><\/p>\n<p style=\"text-align: justify\"><span style=\"font-family: verdana, geneva, sans-serif\">Tudi vam \u017eelim uspe\u0161en za\u010detek novega \u0161olskega leta.<\/span><\/p>\n<p style=\"text-align: justify\"><span style=\"color: #008000;font-family: verdana, geneva, sans-serif\"><em>Dragi dijak, draga dijakinja \u2026 <\/em><\/span><\/p>\n<p style=\"text-align: justify\"><span style=\"color: #008000;font-family: verdana, geneva, sans-serif\"><em>Vlak \u017ee pelje \u2026 hitro stopi v prvi vagon, tam najde\u0161 svoje so\u0161olce \u2026<\/em><\/span><\/p>\n<p style=\"text-align: justify\"><span style=\"color: #008000;font-family: verdana, geneva, sans-serif\"><em>Labirint ustvarjanja \u010daka nate \u2026 postani ustvarjalec in sooblikovalec \u0161olskega parka in hodnika \u0160ole za hortikulturo in vizualne umetnosti Celje tudi ti \u2026 <\/em><\/span><\/p>\n<p style=\"text-align: justify\"><span style=\"font-family: verdana, geneva, sans-serif\">\u0160tefanija Kos Zidar, ravnateljica<\/span><\/p>\n<p style=\"text-align: justify\">\n","protected":false},"excerpt":{"rendered":"<p>Na pragu novega \u0161olskega leta smo, ko ste nekateri dijaki prvi\u010d prestopili prag na\u0161e \u0161ole, medtem, ko ste jo dijaki vi\u0161jih letnikov \u017ee vzeli za svoj drugi dom. Veseli smo, [&hellip;]<\/p>\n","protected":false},"author":7,"featured_media":0,"comment_status":"closed","ping_status":"open","sticky":false,"template":"","format":"standard","meta":{"footnotes":""},"categories":[4],"tags":[],"class_list":["post-9127","post","type-post","status-publish","format-standard","hentry","category-obvestila"],"publishpress_future_action":{"enabled":false,"date":"2026-09-09 10:27:38","action":"change-status","newStatus":"draft","terms":[],"taxonomy":"category","extraData":[]},"publishpress_future_workflow_manual_trigger":{"enabledWorkflows":[]},"_links":{"self":[{"href":"https:\/\/www.hvu.si\/srednja\/index.php?rest_route=\/wp\/v2\/posts\/9127","targetHints":{"allow":["GET"]}}],"collection":[{"href":"https:\/\/www.hvu.si\/srednja\/index.php?rest_route=\/wp\/v2\/posts"}],"about":[{"href":"https:\/\/www.hvu.si\/srednja\/index.php?rest_route=\/wp\/v2\/types\/post"}],"author":[{"embeddable":true,"href":"https:\/\/www.hvu.si\/srednja\/index.php?rest_route=\/wp\/v2\/users\/7"}],"replies":[{"embeddable":true,"href":"https:\/\/www.hvu.si\/srednja\/index.php?rest_route=%2Fwp%2Fv2%2Fcomments&post=9127"}],"version-history":[{"count":2,"href":"https:\/\/www.hvu.si\/srednja\/index.php?rest_route=\/wp\/v2\/posts\/9127\/revisions"}],"predecessor-version":[{"id":9129,"href":"https:\/\/www.hvu.si\/srednja\/index.php?rest_route=\/wp\/v2\/posts\/9127\/revisions\/9129"}],"wp:attachment":[{"href":"https:\/\/www.hvu.si\/srednja\/index.php?rest_route=%2Fwp%2Fv2%2Fmedia&parent=9127"}],"wp:term":[{"taxonomy":"category","embeddable":true,"href":"https:\/\/www.hvu.si\/srednja\/index.php?rest_route=%2Fwp%2Fv2%2Fcategories&post=9127"},{"taxonomy":"post_tag","embeddable":true,"href":"https:\/\/www.hvu.si\/srednja\/index.php?rest_route=%2Fwp%2Fv2%2Ftags&post=9127"}],"curies":[{"name":"wp","href":"https:\/\/api.w.org\/{rel}","templated":true}]}}