{"id":8531,"date":"2026-03-05T10:33:49","date_gmt":"2026-03-05T09:33:49","guid":{"rendered":"https:\/\/www.hvu.si\/srednja\/?p=8531"},"modified":"2026-03-06T09:27:01","modified_gmt":"2026-03-06T08:27:01","slug":"obisk-sejma-flora","status":"publish","type":"post","link":"https:\/\/www.hvu.si\/srednja\/?p=8531","title":{"rendered":"OBISK SEJMA FLORA"},"content":{"rendered":"<p><span style=\"font-family: verdana, geneva, sans-serif\"><strong>OBISK SEJMA FLORA, ki bo v <\/strong><strong>petek, 13. 3. 2026.<\/strong><\/span><\/p>\n<p><span style=\"font-family: verdana, geneva, sans-serif\">Pouk bo za vse dijake potekal do vklju\u010dno s tretjo \u0161olsko uro (do 10.15).<\/span><\/p>\n<p><span style=\"font-family: verdana, geneva, sans-serif\">Dijaki naj s seboj vzamejo malico, ki jo dvignejo v okrep\u010devalnici.<\/span><\/p>\n<p><span style=\"font-family: verdana, geneva, sans-serif\">Ob 11.00 se dijaki zberejo pred vhodom na sejmi\u0161\u010de (De\u010dkova cesta 1, 3000 Celje).<\/span><\/p>\n<p><span style=\"font-family: verdana, geneva, sans-serif\">Razredni blagajniki zberejo denar za vstopnice (5 EUR) in ga najkasneje do \u010detrtka, 12. 3. 2026, prinesejo v tajni\u0161tvo \u0161ole.<\/span><\/p>\n<p><span style=\"font-family: verdana, geneva, sans-serif\">Spremljajo\u010di u\u010ditelji in priprava delovnega lista:<\/span><\/p>\n<table style=\"width: 76.0399%\" border=\"3\" cellspacing=\"0\" cellpadding=\"1\">\n<tbody>\n<tr>\n<td style=\"width: 12.8141%\" width=\"113\"><span style=\"font-family: verdana, geneva, sans-serif\"><strong>Razred<\/strong><\/span><\/td>\n<td style=\"width: 45.054%\" width=\"359\"><span style=\"font-family: verdana, geneva, sans-serif\"><strong>Spremljajo\u010di u\u010ditelji<\/strong><\/span><\/td>\n<td style=\"width: 41.5702%\" width=\"189\"><span style=\"font-family: verdana, geneva, sans-serif\"><strong>Priprava delovnega lista<\/strong><\/span><\/td>\n<\/tr>\n<tr>\n<td style=\"width: 12.8141%\" width=\"113\"><span style=\"font-family: verdana, geneva, sans-serif\">1FT, HT<\/span><\/td>\n<td style=\"width: 45.054%\" width=\"359\"><span style=\"font-family: verdana, geneva, sans-serif\">Tja\u0161a Ogrizek, Anja \u017du\u017eej Gobec<\/span><\/td>\n<td style=\"width: 41.5702%\" width=\"189\"><span style=\"font-family: verdana, geneva, sans-serif\">Darja Kos<\/span><\/td>\n<\/tr>\n<tr>\n<td style=\"width: 12.8141%\" width=\"113\"><span style=\"font-family: verdana, geneva, sans-serif\">1 CV<\/span><\/td>\n<td style=\"width: 45.054%\" width=\"359\"><span style=\"font-family: verdana, geneva, sans-serif\">Manica Godec \u010cizmarevi\u010d<\/span><\/td>\n<td style=\"width: 41.5702%\" width=\"189\"><span style=\"font-family: verdana, geneva, sans-serif\">Katja Funtek<\/span><\/td>\n<\/tr>\n<tr>\n<td style=\"width: 12.8141%\" width=\"113\"><span style=\"font-family: verdana, geneva, sans-serif\">2 HT<\/span><\/td>\n<td style=\"width: 45.054%\" width=\"359\"><span style=\"font-family: verdana, geneva, sans-serif\">Klara Urlep<\/span><\/td>\n<td style=\"width: 41.5702%\" width=\"189\"><span style=\"font-family: verdana, geneva, sans-serif\">Anja \u017du\u017eej Gobec<\/span><\/td>\n<\/tr>\n<tr>\n<td style=\"width: 12.8141%\" width=\"113\"><span style=\"font-family: verdana, geneva, sans-serif\">2 CV<\/span><\/td>\n<td style=\"width: 45.054%\" width=\"359\"><span style=\"font-family: verdana, geneva, sans-serif\">Lidija Oblak<\/span><\/td>\n<td style=\"width: 41.5702%\" width=\"189\"><span style=\"font-family: verdana, geneva, sans-serif\">Katja Funtek<\/span><\/td>\n<\/tr>\n<tr>\n<td style=\"width: 12.8141%\" width=\"113\"><span style=\"font-family: verdana, geneva, sans-serif\">1 AT<\/span><\/td>\n<td style=\"width: 45.054%\" width=\"359\"><span style=\"font-family: verdana, geneva, sans-serif\">Erika Kramar\u0161ek Evelina Klan\u0161ek<\/span><\/td>\n<td style=\"width: 41.5702%\" width=\"189\"><span style=\"font-family: verdana, geneva, sans-serif\">Danica Koro\u0161ec<\/span><\/td>\n<\/tr>\n<tr>\n<td style=\"width: 12.8141%\" width=\"113\"><span style=\"font-family: verdana, geneva, sans-serif\">2 AT<\/span><\/td>\n<td style=\"width: 45.054%\" width=\"359\"><span style=\"font-family: verdana, geneva, sans-serif\">Branka Tur\u0161i\u010d, Mojca Kolar<\/span><\/td>\n<td style=\"width: 41.5702%\" width=\"189\"><span style=\"font-family: verdana, geneva, sans-serif\">Matja\u017e Pustoslem\u0161ek<\/span><\/td>\n<\/tr>\n<tr>\n<td style=\"width: 12.8141%\" width=\"113\"><span style=\"font-family: verdana, geneva, sans-serif\">2 FT<\/span><\/td>\n<td style=\"width: 45.054%\" width=\"359\"><span style=\"font-family: verdana, geneva, sans-serif\">Mitja Zupanc, Romana \u0160pes<\/span><\/td>\n<td style=\"width: 41.5702%\" width=\"189\"><span style=\"font-family: verdana, geneva, sans-serif\">Mitja Zupanc<\/span><\/td>\n<\/tr>\n<tr>\n<td style=\"width: 12.8141%\" width=\"113\"><span style=\"font-family: verdana, geneva, sans-serif\">3 AT<\/span><\/td>\n<td style=\"width: 45.054%\" width=\"359\"><span style=\"font-family: verdana, geneva, sans-serif\">Danica Koro\u0161ec, Katja Funtek<\/span><\/td>\n<td style=\"width: 41.5702%\" width=\"189\"><span style=\"font-family: verdana, geneva, sans-serif\">Danica Koro\u0161ec<\/span><\/td>\n<\/tr>\n<tr>\n<td style=\"width: 12.8141%\" width=\"113\"><span style=\"font-family: verdana, geneva, sans-serif\">3 FT<\/span><\/td>\n<td style=\"width: 45.054%\" width=\"359\"><span style=\"font-family: verdana, geneva, sans-serif\">Darja Kos, Cvetko Veronika<\/span><\/td>\n<td style=\"width: 41.5702%\" width=\"189\"><span style=\"font-family: verdana, geneva, sans-serif\">Darja Kos<\/span><\/td>\n<\/tr>\n<tr>\n<td style=\"width: 12.8141%\" width=\"113\"><span style=\"font-family: verdana, geneva, sans-serif\">3 HT<\/span><\/td>\n<td style=\"width: 45.054%\" width=\"359\"><span style=\"font-family: verdana, geneva, sans-serif\">Klemen Vodovnik<\/span><\/td>\n<td style=\"width: 41.5702%\" width=\"189\"><span style=\"font-family: verdana, geneva, sans-serif\">Anja \u017du\u017eej Gobec<\/span><\/td>\n<\/tr>\n<tr>\n<td style=\"width: 12.8141%\" width=\"113\"><span style=\"font-family: verdana, geneva, sans-serif\">4 AT, 4 HT<\/span><\/td>\n<td style=\"width: 45.054%\" width=\"359\"><span style=\"font-family: verdana, geneva, sans-serif\">Sergeja Jekl<\/span><\/td>\n<td style=\"width: 41.5702%\" width=\"189\"><span style=\"font-family: verdana, geneva, sans-serif\">Matja\u017e Pustoslem\u0161ek, Anja \u017du\u017eej Gobec<\/span><\/td>\n<\/tr>\n<tr>\n<td style=\"width: 12.8141%\" width=\"113\"><span style=\"font-family: verdana, geneva, sans-serif\">4 FT<\/span><\/td>\n<td style=\"width: 45.054%\" width=\"359\"><span style=\"font-family: verdana, geneva, sans-serif\">Manja Vivod Smolnikar, Petja Matjan Zupan<\/span><\/td>\n<td style=\"width: 41.5702%\" width=\"189\"><span style=\"font-family: verdana, geneva, sans-serif\">Mitja Zupanc<\/span><\/td>\n<\/tr>\n<tr>\n<td style=\"width: 12.8141%\" width=\"113\"><span style=\"font-family: verdana, geneva, sans-serif\">4 dHT<\/span><\/td>\n<td style=\"width: 45.054%\" width=\"359\"><span style=\"font-family: verdana, geneva, sans-serif\">Bogdana Kapitler<\/span><\/td>\n<td style=\"width: 41.5702%\" width=\"189\"><span style=\"font-family: verdana, geneva, sans-serif\">Romana \u0160pes<\/span><\/td>\n<\/tr>\n<tr>\n<td style=\"width: 12.8141%\" width=\"113\"><span style=\"font-family: verdana, geneva, sans-serif\">5 dHT<\/span><\/td>\n<td style=\"width: 45.054%\" width=\"359\"><span style=\"font-family: verdana, geneva, sans-serif\">Elizabeta Stren\u010dan<\/span><\/td>\n<td style=\"width: 41.5702%\" width=\"189\"><span style=\"font-family: verdana, geneva, sans-serif\">Romana \u0160pes<\/span><\/td>\n<\/tr>\n<\/tbody>\n<\/table>\n<p>&nbsp;<\/p>\n","protected":false},"excerpt":{"rendered":"<p>OBISK SEJMA FLORA, ki bo v petek, 13. 3. 2026. Pouk bo za vse dijake potekal do vklju\u010dno s tretjo \u0161olsko uro (do 10.15). Dijaki naj s seboj vzamejo malico, ki jo dvignejo v okrep\u010devalnici. Ob 11.00 se dijaki zberejo pred vhodom na sejmi\u0161\u010de (De\u010dkova cesta 1, 3000 Celje). Razredni blagajniki zberejo denar za vstopnice [&hellip;]<\/p>\n","protected":false},"author":7,"featured_media":8536,"comment_status":"closed","ping_status":"open","sticky":false,"template":"","format":"standard","meta":{"footnotes":""},"categories":[4],"tags":[],"class_list":["post-8531","post","type-post","status-publish","format-standard","has-post-thumbnail","hentry","category-obvestila"],"_links":{"self":[{"href":"https:\/\/www.hvu.si\/srednja\/index.php?rest_route=\/wp\/v2\/posts\/8531","targetHints":{"allow":["GET"]}}],"collection":[{"href":"https:\/\/www.hvu.si\/srednja\/index.php?rest_route=\/wp\/v2\/posts"}],"about":[{"href":"https:\/\/www.hvu.si\/srednja\/index.php?rest_route=\/wp\/v2\/types\/post"}],"author":[{"embeddable":true,"href":"https:\/\/www.hvu.si\/srednja\/index.php?rest_route=\/wp\/v2\/users\/7"}],"replies":[{"embeddable":true,"href":"https:\/\/www.hvu.si\/srednja\/index.php?rest_route=%2Fwp%2Fv2%2Fcomments&post=8531"}],"version-history":[{"count":5,"href":"https:\/\/www.hvu.si\/srednja\/index.php?rest_route=\/wp\/v2\/posts\/8531\/revisions"}],"predecessor-version":[{"id":8537,"href":"https:\/\/www.hvu.si\/srednja\/index.php?rest_route=\/wp\/v2\/posts\/8531\/revisions\/8537"}],"wp:featuredmedia":[{"embeddable":true,"href":"https:\/\/www.hvu.si\/srednja\/index.php?rest_route=\/wp\/v2\/media\/8536"}],"wp:attachment":[{"href":"https:\/\/www.hvu.si\/srednja\/index.php?rest_route=%2Fwp%2Fv2%2Fmedia&parent=8531"}],"wp:term":[{"taxonomy":"category","embeddable":true,"href":"https:\/\/www.hvu.si\/srednja\/index.php?rest_route=%2Fwp%2Fv2%2Fcategories&post=8531"},{"taxonomy":"post_tag","embeddable":true,"href":"https:\/\/www.hvu.si\/srednja\/index.php?rest_route=%2Fwp%2Fv2%2Ftags&post=8531"}],"curies":[{"name":"wp","href":"https:\/\/api.w.org\/{rel}","templated":true}]}}