{"id":8315,"date":"2026-01-27T12:01:16","date_gmt":"2026-01-27T11:01:16","guid":{"rendered":"https:\/\/www.hvu.si\/srednja\/?p=8315"},"modified":"2026-01-27T12:16:06","modified_gmt":"2026-01-27T11:16:06","slug":"motivacija-nove-generacije-kako-pritegniti-dijake-ki-zivijo-v-svetu-takojsnje-pozornosti","status":"publish","type":"post","link":"https:\/\/www.hvu.si\/srednja\/?p=8315","title":{"rendered":"Motivacija nove generacije &#8211; Kako pritegniti dijake, ki \u017eivijo v svetu takoj\u0161nje pozornosti?"},"content":{"rendered":"<p style=\"text-align: center\"><span style=\"font-family: verdana, geneva, sans-serif\"><strong>Spo\u0161tovani star\u0161i<\/strong><\/span><\/p>\n<p style=\"text-align: center\"><span style=\"font-family: verdana, geneva, sans-serif\">Vljudno vas vabimo na izobra\u017eevanje na temo \u00a0<\/span><\/p>\n<p style=\"text-align: center\"><span style=\"font-family: verdana, geneva, sans-serif\"><strong>Motivacija nove generacije \u2013 kako pritegniti dijake, ki \u017eivijo v svetu takoj\u0161nje pozornosti?<\/strong><\/span><\/p>\n<p style=\"text-align: center\"><span style=\"font-family: verdana, geneva, sans-serif\">ki bo v torek, 3. Februarja 2026, ob 16.30 v predavalnici 25.<\/span><\/p>\n<p><span style=\"font-family: verdana, geneva, sans-serif\"><strong>Delavnica bo odprla naslednje klju\u010dne teme:<\/strong><\/span><\/p>\n<ul>\n<li><span style=\"font-family: verdana, geneva, sans-serif\">zakaj klasi\u010dni motivacijski pristopi ne delujejo ve\u010d pri dana\u0161njih dijakih,<\/span><\/li>\n<li><span style=\"font-family: verdana, geneva, sans-serif\">kako prepoznati meje zunanje motivacije ter kdaj jo vseeno smiselno uporabiti,<\/span><\/li>\n<li><span style=\"font-family: verdana, geneva, sans-serif\">kako graditi notranjo motivacijo na temelju ob\u010dutka smisla, izbire, povezanosti in napredka,<\/span><\/li>\n<li><span style=\"font-family: verdana, geneva, sans-serif\">katere komunikacijske strategije spodbujajo sodelovanje in samoiniciativnost,<\/span><\/li>\n<li><span style=\"font-family: verdana, geneva, sans-serif\">konkretni motivacijski \u00bbtriki\u00ab in primeri iz prakse, ki jih lahko uporabite takoj.<\/span><\/li>\n<\/ul>\n<p style=\"text-align: justify\"><span style=\"font-family: verdana, geneva, sans-serif\"><strong>Predavatelj Miha Andri\u010d<\/strong>\u00a0je filozof, sociolog ter trener komunikacije in debate, ki ima 15 let izku\u0161enj z delom z mladimi ter z izobra\u017eevanjem\u00a0in usposabljanjem pedago\u0161kih delavcev. Pri svojem delu razvija nacionalne in mednarodne izobra\u017eevalne programe na podro\u010dju kriti\u010dnega mi\u0161ljenja, komunikacije in sodobnih oblik pou\u010devanja. Kot gostujo\u010di predavatelj je izvajal treninge za mlade, u\u010ditelje ter ljudi iz poslovnega sveta na \u0161olah, univerzah in v privatnem sektorju v ve\u010d kot 30 dr\u017eavah po celem svetu. Bil je programski vodja ve\u010d mednarodnih debatnih akademij, direktor nacionalne debatne organizacije in \u010dlan sveta direktorjev IDEA (International Debate Education Association). Trenutno med drugimi vlogami deluje tudi kot \u010dlan sveta IPPF (International public policy forum) ter kot direktor in programski vodja Izobra\u017eevalnega centra Argument. V letih 2020 in 2021 je bil vodja Mednarodne filozofske olimpijade za mlade.<\/span><\/p>\n<p><span style=\"font-family: verdana, geneva, sans-serif\">Pri\u010dakujemo va\u0161o udele\u017ebo.<\/span><\/p>\n<p><span style=\"font-family: verdana, geneva, sans-serif\">S spo\u0161tovanjem in prijazen pozdrav.<\/span><\/p>\n","protected":false},"excerpt":{"rendered":"<p>Spo\u0161tovani star\u0161i Vljudno vas vabimo na izobra\u017eevanje na temo \u00a0 Motivacija nove generacije \u2013 kako pritegniti dijake, ki \u017eivijo v svetu takoj\u0161nje pozornosti? ki bo v torek, 3. Februarja 2026, ob 16.30 v predavalnici 25. Delavnica bo odprla naslednje klju\u010dne teme: zakaj klasi\u010dni motivacijski pristopi ne delujejo ve\u010d pri dana\u0161njih dijakih, kako prepoznati meje zunanje [&hellip;]<\/p>\n","protected":false},"author":7,"featured_media":8316,"comment_status":"closed","ping_status":"open","sticky":false,"template":"","format":"standard","meta":{"footnotes":""},"categories":[9],"tags":[],"class_list":["post-8315","post","type-post","status-publish","format-standard","has-post-thumbnail","hentry","category-sola-za-starse"],"_links":{"self":[{"href":"https:\/\/www.hvu.si\/srednja\/index.php?rest_route=\/wp\/v2\/posts\/8315","targetHints":{"allow":["GET"]}}],"collection":[{"href":"https:\/\/www.hvu.si\/srednja\/index.php?rest_route=\/wp\/v2\/posts"}],"about":[{"href":"https:\/\/www.hvu.si\/srednja\/index.php?rest_route=\/wp\/v2\/types\/post"}],"author":[{"embeddable":true,"href":"https:\/\/www.hvu.si\/srednja\/index.php?rest_route=\/wp\/v2\/users\/7"}],"replies":[{"embeddable":true,"href":"https:\/\/www.hvu.si\/srednja\/index.php?rest_route=%2Fwp%2Fv2%2Fcomments&post=8315"}],"version-history":[{"count":2,"href":"https:\/\/www.hvu.si\/srednja\/index.php?rest_route=\/wp\/v2\/posts\/8315\/revisions"}],"predecessor-version":[{"id":8318,"href":"https:\/\/www.hvu.si\/srednja\/index.php?rest_route=\/wp\/v2\/posts\/8315\/revisions\/8318"}],"wp:featuredmedia":[{"embeddable":true,"href":"https:\/\/www.hvu.si\/srednja\/index.php?rest_route=\/wp\/v2\/media\/8316"}],"wp:attachment":[{"href":"https:\/\/www.hvu.si\/srednja\/index.php?rest_route=%2Fwp%2Fv2%2Fmedia&parent=8315"}],"wp:term":[{"taxonomy":"category","embeddable":true,"href":"https:\/\/www.hvu.si\/srednja\/index.php?rest_route=%2Fwp%2Fv2%2Fcategories&post=8315"},{"taxonomy":"post_tag","embeddable":true,"href":"https:\/\/www.hvu.si\/srednja\/index.php?rest_route=%2Fwp%2Fv2%2Ftags&post=8315"}],"curies":[{"name":"wp","href":"https:\/\/api.w.org\/{rel}","templated":true}]}}