{"id":8025,"date":"2025-10-16T11:44:12","date_gmt":"2025-10-16T09:44:12","guid":{"rendered":"https:\/\/www.hvu.si\/srednja\/?p=8025"},"modified":"2025-10-16T11:48:33","modified_gmt":"2025-10-16T09:48:33","slug":"interesne-dejavnosti-projekt-rastem-s-knjigo-2","status":"publish","type":"post","link":"https:\/\/www.hvu.si\/srednja\/?p=8025","title":{"rendered":"Interesne dejavnosti \u2013 Projekt \u00bbRastem s knjigo\u00ab"},"content":{"rendered":"<p style=\"text-align: justify\"><span style=\"font-family: verdana, geneva, sans-serif\">\u0160HVU je \u017ee vrsto let vklju\u010dena v projekt rastem s knjigo. Projekt \u00bbRastem s knjigo\u00ab \u00a0je nacionalni projekt spodbujanja bralne kulture.<\/span><\/p>\n<p style=\"text-align: justify\"><span style=\"font-family: verdana, geneva, sans-serif\">Dijaki 1. CV, 1. AT, 1. FT, 1.HT in 4. DHT bodo v tednu od 4. do 7. novembra 2025, obiskali OSREDNJO KNJI\u017dNICO CELJE. Dijaki se zberejo pred OSREDNJO KNJI\u017dNICO CELJE ob 7.50 uri. Zaklju\u010dijo ob 9.30.<\/span><\/p>\n<p style=\"text-align: justify\"><span style=\"font-family: verdana, geneva, sans-serif\">Ko se vrnejo v \u0161olo imajo malico in 4. uro (ob 10.45) nadaljujejo s poukom.<\/span><\/p>\n<table style=\"width: 66.8808%\" border=\"3\" cellspacing=\"0\" cellpadding=\"1\">\n<tbody>\n<tr>\n<td style=\"width: 29.3919%;text-align: center\" width=\"276\"><\/td>\n<td style=\"width: 20.2703%;text-align: center\" width=\"187\"><span style=\"font-family: verdana, geneva, sans-serif\">Oddelek<\/span><\/td>\n<td style=\"width: 49.6622%;text-align: center\" width=\"470\"><span style=\"font-family: verdana, geneva, sans-serif\">Spremljevalni u\u010ditelji<\/span><\/td>\n<\/tr>\n<tr>\n<td style=\"width: 29.3919%;text-align: center\" width=\"276\"><span style=\"font-family: verdana, geneva, sans-serif\">Torek, 4. 11. 2025<\/span><\/td>\n<td style=\"width: 20.2703%;text-align: center\" width=\"187\"><span style=\"font-family: verdana, geneva, sans-serif\">\u00a01.\u00a0 AT<\/span><\/td>\n<td style=\"width: 49.6622%;text-align: center\" width=\"470\"><span style=\"font-family: verdana, geneva, sans-serif\">Ana Soto\u0161ek<\/span><\/td>\n<\/tr>\n<tr>\n<td style=\"width: 29.3919%;text-align: center\" width=\"276\"><span style=\"font-family: verdana, geneva, sans-serif\">Sreda, 5. 11. 2025<\/span><\/td>\n<td style=\"width: 20.2703%;text-align: center\" width=\"187\"><span style=\"font-family: verdana, geneva, sans-serif\">1.\u00a0 CV<\/span><\/td>\n<td style=\"width: 49.6622%;text-align: center\" width=\"470\"><span style=\"font-family: verdana, geneva, sans-serif\">Matja\u017e Pustoslem\u0161ek<\/span><\/td>\n<\/tr>\n<tr>\n<td style=\"width: 29.3919%;text-align: center\" width=\"276\"><span style=\"font-family: verdana, geneva, sans-serif\">\u010cetrtek, 6. 11. 2025<\/span><\/td>\n<td style=\"width: 20.2703%;text-align: center\" width=\"187\"><span style=\"font-family: verdana, geneva, sans-serif\">4. dHT<\/span><\/td>\n<td style=\"width: 49.6622%;text-align: center\" width=\"470\"><span style=\"font-family: verdana, geneva, sans-serif\">Klemen Vodovnik<\/span><\/td>\n<\/tr>\n<tr>\n<td style=\"width: 29.3919%;text-align: center\" width=\"276\"><span style=\"font-family: verdana, geneva, sans-serif\">Petek, 7. 11. 2025<\/span><\/td>\n<td style=\"width: 20.2703%;text-align: center\" width=\"187\"><span style=\"font-family: verdana, geneva, sans-serif\">1.\u00a0 FT, HT<\/span><\/td>\n<td style=\"width: 49.6622%;text-align: center\" width=\"470\"><span style=\"font-family: verdana, geneva, sans-serif\">Darja Kos<\/span><\/td>\n<\/tr>\n<\/tbody>\n<\/table>\n<p>&nbsp;<\/p>\n","protected":false},"excerpt":{"rendered":"<p>\u0160HVU je \u017ee vrsto let vklju\u010dena v projekt rastem s knjigo. Projekt \u00bbRastem s knjigo\u00ab \u00a0je nacionalni projekt spodbujanja bralne kulture. Dijaki 1. CV, 1. AT, 1. FT, 1.HT in 4. DHT bodo v tednu od 4. do 7. novembra 2025, obiskali OSREDNJO KNJI\u017dNICO CELJE. Dijaki se zberejo pred OSREDNJO KNJI\u017dNICO CELJE ob 7.50 uri. [&hellip;]<\/p>\n","protected":false},"author":7,"featured_media":8028,"comment_status":"closed","ping_status":"open","sticky":false,"template":"","format":"standard","meta":{"footnotes":""},"categories":[4],"tags":[],"class_list":["post-8025","post","type-post","status-publish","format-standard","has-post-thumbnail","hentry","category-obvestila"],"_links":{"self":[{"href":"https:\/\/www.hvu.si\/srednja\/index.php?rest_route=\/wp\/v2\/posts\/8025","targetHints":{"allow":["GET"]}}],"collection":[{"href":"https:\/\/www.hvu.si\/srednja\/index.php?rest_route=\/wp\/v2\/posts"}],"about":[{"href":"https:\/\/www.hvu.si\/srednja\/index.php?rest_route=\/wp\/v2\/types\/post"}],"author":[{"embeddable":true,"href":"https:\/\/www.hvu.si\/srednja\/index.php?rest_route=\/wp\/v2\/users\/7"}],"replies":[{"embeddable":true,"href":"https:\/\/www.hvu.si\/srednja\/index.php?rest_route=%2Fwp%2Fv2%2Fcomments&post=8025"}],"version-history":[{"count":2,"href":"https:\/\/www.hvu.si\/srednja\/index.php?rest_route=\/wp\/v2\/posts\/8025\/revisions"}],"predecessor-version":[{"id":8027,"href":"https:\/\/www.hvu.si\/srednja\/index.php?rest_route=\/wp\/v2\/posts\/8025\/revisions\/8027"}],"wp:featuredmedia":[{"embeddable":true,"href":"https:\/\/www.hvu.si\/srednja\/index.php?rest_route=\/wp\/v2\/media\/8028"}],"wp:attachment":[{"href":"https:\/\/www.hvu.si\/srednja\/index.php?rest_route=%2Fwp%2Fv2%2Fmedia&parent=8025"}],"wp:term":[{"taxonomy":"category","embeddable":true,"href":"https:\/\/www.hvu.si\/srednja\/index.php?rest_route=%2Fwp%2Fv2%2Fcategories&post=8025"},{"taxonomy":"post_tag","embeddable":true,"href":"https:\/\/www.hvu.si\/srednja\/index.php?rest_route=%2Fwp%2Fv2%2Ftags&post=8025"}],"curies":[{"name":"wp","href":"https:\/\/api.w.org\/{rel}","templated":true}]}}