{"id":6824,"date":"2024-12-16T10:34:15","date_gmt":"2024-12-16T09:34:15","guid":{"rendered":"https:\/\/www.hvu.si\/srednja\/?p=6824"},"modified":"2024-12-16T10:35:03","modified_gmt":"2024-12-16T09:35:03","slug":"pregledna-razstava-slovenske-mladinske-fotografije-2024","status":"publish","type":"post","link":"https:\/\/www.hvu.si\/srednja\/?p=6824","title":{"rendered":"Pregledna razstava slovenske mladinske fotografije 2024"},"content":{"rendered":"<p style=\"text-align: justify\"><span style=\"font-family: verdana, geneva, sans-serif\"><strong>Uspehi na\u0161ih dijakov na Pregledni razstavi slovenske mladinske fotografije 2024<\/strong><\/span><\/p>\n<p style=\"text-align: justify\"><span style=\"font-family: verdana, geneva, sans-serif\">Na leto\u0161nji <strong>Pregledni razstavi slovenske mladinske fotografije 2024<\/strong>, ki zdru\u017euje najbolj\u0161e mlade fotografe iz Slovenije, so se na\u0161i dijaki izkazali z izjemnimi dose\u017eki.<\/span><\/p>\n<p style=\"text-align: justify\"><span style=\"font-family: verdana, geneva, sans-serif\">Bronasto medaljo je dosegel <span style=\"color: #800000\"><strong>Rene Kra\u010dun<\/strong><\/span> s svojo fotografijo <em>Begunka,<\/em> <strong><span style=\"color: #800000\">Vid Podlesnik<\/span>\u00a0<\/strong>pa je prejel diplomo FZS s fotografijo <em>Nepremi\u0161ljenost.<\/em><\/span><\/p>\n<p style=\"text-align: justify\"><span style=\"font-family: verdana, geneva, sans-serif\">Med sodelujo\u010dimi so imeli sprejete fotografije \u0161e: <strong><span style=\"color: #800000\">Ana Drofenik, Elina Gruber, Lili Hole\u010dek, Tim Kav\u0161ek, Maks Kolari\u010d, Aneja Novak, Julija Rajter in Nace Vrbek<\/span>, <\/strong>ki so s svojimi ustvarjalnimi fotografijami prepri\u010dali strokovno komisijo. Poleg osebnih dose\u017ekov so na\u0161i dijaki s svojimi uspehi tudi ponosno zastopali na\u0161o \u0161olo na nacionalni ravni.<\/span><\/p>\n<p style=\"text-align: justify\"><span style=\"font-family: verdana, geneva, sans-serif\">Iskrene \u010destitke vsem sodelujo\u010dim in nagrajencem za njihove izjemne dose\u017eke!\u00a0Ponosni smo na na\u0161e dijake in jim \u017eelimo \u0161e veliko uspehov na njihovi ustvarjalni poti! \ud83c\udf1f<\/span><\/p>\n<p style=\"text-align: justify\"><strong><span style=\"font-family: verdana, geneva, sans-serif;color: #800000\">Fotografije so na ogled do 2. februarja 2025 v mali galeriji Cankarjevega doma v Ljubljani.<\/span><\/strong><\/p>\n<p style=\"text-align: justify\"><span style=\"font-family: verdana, geneva, sans-serif\">mentor Mitja Zupanc<\/span><\/p>\n<p style=\"text-align: justify\">\n\n    <div id=\"wk-grid26c\" class=\"uk-child-width-1-1 uk-child-width-1-1@s uk-child-width-1-2@m uk-child-width-1-2@l uk-child-width-1-2@xl uk-grid-match \" uk-height-match=\"target: &gt; div &gt; .uk-panel, &gt; div &gt; .uk-card; row: true\" uk-grid  uk-lightbox=\"container: .uk-gallery-container; toggle: a[data-js-lightbox]\">\n\n            \n        <div>\n        \n<div class=\"uk-panel\">\n\n    \n        <div class=\"uk-inline-clip uk-transition-toggle \">\n\n            <img decoding=\"async\" src=\"\/srednja\/wp-content\/uploads\/sites\/2\/2024\/12\/L1071082.jpg\" class=\"uk-transition-scale-up uk-transition-opaque\">\n            \n                        <div class=\"uk-overlay uk-overlay-primary uk-position-cover uk-transition-fade\"><\/div>\n            \n                            <div class=\"uk-position-center uk-light\">\n                    <span class=\"uk-transition-fade\" uk-overlay-icon><\/span>\n                <\/div>\n            \n                                                                        <a class=\"uk-position-cover\" data-js-lightbox href=\"\/srednja\/wp-content\/uploads\/sites\/2\/2024\/12\/L1071082.jpg\" data-type=\"image\" ><\/a>\n                                                \n        <\/div>\n\n    \n    \n        \n        \n    \n    \n<\/div>\n        <\/div>\n\n                    \n        <div>\n        \n<div class=\"uk-panel\">\n\n    \n        <div class=\"uk-inline-clip uk-transition-toggle \">\n\n            <img decoding=\"async\" src=\"\/srednja\/wp-content\/uploads\/sites\/2\/2024\/12\/L1071076.jpg\" class=\"uk-transition-scale-up uk-transition-opaque\">\n            \n                        <div class=\"uk-overlay uk-overlay-primary uk-position-cover uk-transition-fade\"><\/div>\n            \n                            <div class=\"uk-position-center uk-light\">\n                    <span class=\"uk-transition-fade\" uk-overlay-icon><\/span>\n                <\/div>\n            \n                                                                        <a class=\"uk-position-cover\" data-js-lightbox href=\"\/srednja\/wp-content\/uploads\/sites\/2\/2024\/12\/L1071076.jpg\" data-type=\"image\" ><\/a>\n                                                \n        <\/div>\n\n    \n    \n        \n        \n    \n    \n<\/div>\n        <\/div>\n\n                    \n        <div>\n        \n<div class=\"uk-panel\">\n\n    \n        <div class=\"uk-inline-clip uk-transition-toggle \">\n\n            <img decoding=\"async\" src=\"\/srednja\/wp-content\/uploads\/sites\/2\/2024\/12\/L1071080.jpg\" class=\"uk-transition-scale-up uk-transition-opaque\">\n            \n                        <div class=\"uk-overlay uk-overlay-primary uk-position-cover uk-transition-fade\"><\/div>\n            \n                            <div class=\"uk-position-center uk-light\">\n                    <span class=\"uk-transition-fade\" uk-overlay-icon><\/span>\n                <\/div>\n            \n                                                                        <a class=\"uk-position-cover\" data-js-lightbox href=\"\/srednja\/wp-content\/uploads\/sites\/2\/2024\/12\/L1071080.jpg\" data-type=\"image\" ><\/a>\n                                                \n        <\/div>\n\n    \n    \n        \n        \n    \n    \n<\/div>\n        <\/div>\n\n                    \n        <div>\n        \n<div class=\"uk-panel\">\n\n    \n        <div class=\"uk-inline-clip uk-transition-toggle \">\n\n            <img decoding=\"async\" src=\"\/srednja\/wp-content\/uploads\/sites\/2\/2024\/12\/L1071078.jpg\" class=\"uk-transition-scale-up uk-transition-opaque\">\n            \n                        <div class=\"uk-overlay uk-overlay-primary uk-position-cover uk-transition-fade\"><\/div>\n            \n                            <div class=\"uk-position-center uk-light\">\n                    <span class=\"uk-transition-fade\" uk-overlay-icon><\/span>\n                <\/div>\n            \n                                                                        <a class=\"uk-position-cover\" data-js-lightbox href=\"\/srednja\/wp-content\/uploads\/sites\/2\/2024\/12\/L1071078.jpg\" data-type=\"image\" ><\/a>\n                                                \n        <\/div>\n\n    \n    \n        \n        \n    \n    \n<\/div>\n        <\/div>\n\n            \n    <\/div>\n\n\n\n<script>\n\n    (function(UIkit){\n\n        var $ = UIkit.util;\n\n        $.ready(function () {\n            if (!$.$('.uk-gallery-container')) {\n                $.append(document.body, '<div class=\"uk-scope uk-gallery-container\">');\n            }\n        });\n\n    })(window.UIkitwk || window.UIkit);\n\n<\/script>\n<\/p>\n<p style=\"text-align: justify\">\n","protected":false},"excerpt":{"rendered":"<p>Uspehi na\u0161ih dijakov na Pregledni razstavi slovenske mladinske fotografije 2024 Na leto\u0161nji Pregledni razstavi slovenske mladinske fotografije 2024, ki zdru\u017euje najbolj\u0161e mlade fotografe iz Slovenije, so se na\u0161i dijaki izkazali z izjemnimi dose\u017eki. Bronasto medaljo je dosegel Rene Kra\u010dun s svojo fotografijo Begunka, Vid Podlesnik\u00a0pa je prejel diplomo FZS s fotografijo Nepremi\u0161ljenost. Med sodelujo\u010dimi so [&hellip;]<\/p>\n","protected":false},"author":7,"featured_media":6825,"comment_status":"closed","ping_status":"open","sticky":false,"template":"","format":"standard","meta":{"footnotes":""},"categories":[4],"tags":[],"class_list":["post-6824","post","type-post","status-publish","format-standard","has-post-thumbnail","hentry","category-obvestila"],"_links":{"self":[{"href":"https:\/\/www.hvu.si\/srednja\/index.php?rest_route=\/wp\/v2\/posts\/6824","targetHints":{"allow":["GET"]}}],"collection":[{"href":"https:\/\/www.hvu.si\/srednja\/index.php?rest_route=\/wp\/v2\/posts"}],"about":[{"href":"https:\/\/www.hvu.si\/srednja\/index.php?rest_route=\/wp\/v2\/types\/post"}],"author":[{"embeddable":true,"href":"https:\/\/www.hvu.si\/srednja\/index.php?rest_route=\/wp\/v2\/users\/7"}],"replies":[{"embeddable":true,"href":"https:\/\/www.hvu.si\/srednja\/index.php?rest_route=%2Fwp%2Fv2%2Fcomments&post=6824"}],"version-history":[{"count":2,"href":"https:\/\/www.hvu.si\/srednja\/index.php?rest_route=\/wp\/v2\/posts\/6824\/revisions"}],"predecessor-version":[{"id":6831,"href":"https:\/\/www.hvu.si\/srednja\/index.php?rest_route=\/wp\/v2\/posts\/6824\/revisions\/6831"}],"wp:featuredmedia":[{"embeddable":true,"href":"https:\/\/www.hvu.si\/srednja\/index.php?rest_route=\/wp\/v2\/media\/6825"}],"wp:attachment":[{"href":"https:\/\/www.hvu.si\/srednja\/index.php?rest_route=%2Fwp%2Fv2%2Fmedia&parent=6824"}],"wp:term":[{"taxonomy":"category","embeddable":true,"href":"https:\/\/www.hvu.si\/srednja\/index.php?rest_route=%2Fwp%2Fv2%2Fcategories&post=6824"},{"taxonomy":"post_tag","embeddable":true,"href":"https:\/\/www.hvu.si\/srednja\/index.php?rest_route=%2Fwp%2Fv2%2Ftags&post=6824"}],"curies":[{"name":"wp","href":"https:\/\/api.w.org\/{rel}","templated":true}]}}