{"id":6539,"date":"2024-10-04T12:38:59","date_gmt":"2024-10-04T10:38:59","guid":{"rendered":"https:\/\/www.hvu.si\/srednja\/?p=6539"},"modified":"2024-10-04T12:40:20","modified_gmt":"2024-10-04T10:40:20","slug":"aktivnosti-dijakov-ki-ostanejo-na-soli-dne-10-in-11-10-2024","status":"publish","type":"post","link":"https:\/\/www.hvu.si\/srednja\/?p=6539","title":{"rendered":"Aktivnosti dijakov, ki ostanejo na \u0161oli dne 10. in 11. 10. 2024"},"content":{"rendered":"<p><span style=\"font-family: verdana, geneva, sans-serif\"><strong>Aktivnosti dijakov, ki ostanejo na \u0161oli <\/strong><\/span><\/p>\n<p><span style=\"font-family: verdana, geneva, sans-serif\"><strong><u>\u010cetrtek, 10. 10. 2024<\/u><\/strong><\/span><\/p>\n<p><span style=\"font-family: verdana, geneva, sans-serif\">V \u010detrtek je v \u0161oli \u00a0134 dijakov<\/span><\/p>\n<p><span style=\"font-family: verdana, geneva, sans-serif\">Vsi dijaki se zberete <strong><u>ob 8. uri<\/u><\/strong> pred \u0161olo in nato odidete v Celje, kjer obi\u0161\u010dete izbrane aktivnosti po razporedu spodaj. Cena posamezne aktivnosti je <strong>5 eur. <\/strong>Denar imejte s sabo.<\/span><\/p>\n<p><span style=\"font-family: verdana, geneva, sans-serif\">Po kon\u010danih aktivnostih greste v <strong>Cineplexx Celje<\/strong>, kjer si boste <strong><u>ob 12. uri<\/u><\/strong> ogledali filmsko predstavo Opazovanje.\u00a0 Cena\u00a0 je <strong>4 eur. <\/strong>Denar imejte s sabo.<\/span><\/p>\n<table style=\"width: 72.9535%\" border=\"3\" width=\"890\" cellspacing=\"0\" cellpadding=\"1\">\n<tbody>\n<tr>\n<td style=\"width: 13.2733%\" width=\"124\"><span style=\"font-family: verdana, geneva, sans-serif\"><strong>program<\/strong><\/span><\/td>\n<td style=\"width: 25.1969%\" width=\"128\"><span style=\"font-family: verdana, geneva, sans-serif\"><strong>aktivnost<\/strong><\/span><\/td>\n<td style=\"width: 9.78627%\" width=\"120\"><span style=\"font-family: verdana, geneva, sans-serif\"><strong>ura<\/strong><\/span><\/td>\n<td style=\"width: 23.622%\" width=\"98\"><span style=\"font-family: verdana, geneva, sans-serif\"><strong>\u0161tevilo dijakov<\/strong><\/span><\/td>\n<td style=\"width: 27.5591%\" width=\"182\"><span style=\"font-family: verdana, geneva, sans-serif\"><strong>spremljajo\u010di u\u010ditelji<\/strong><\/span><\/td>\n<\/tr>\n<tr>\n<td style=\"width: 13.2733%\" width=\"124\"><span style=\"font-family: verdana, geneva, sans-serif\">HT, V in C<\/span><\/td>\n<td style=\"width: 25.1969%\" width=\"128\"><span style=\"font-family: verdana, geneva, sans-serif\">Muzej novej\u0161e zgodovine Celje<\/span><\/td>\n<td style=\"width: 9.78627%\" width=\"120\"><span style=\"font-family: verdana, geneva, sans-serif\">9.00<\/span><\/p>\n<p><span style=\"font-family: verdana, geneva, sans-serif\">10.00<\/span><\/td>\n<td style=\"width: 23.622%\" width=\"98\"><span style=\"font-family: verdana, geneva, sans-serif\">42<\/span><\/p>\n<p><span style=\"font-family: verdana, geneva, sans-serif\">dve skupini<\/span><\/td>\n<td style=\"width: 27.5591%\" width=\"182\"><span style=\"font-family: verdana, geneva, sans-serif\"><strong>Elizabeta Stren\u010dan<\/strong><\/span><\/p>\n<p><span style=\"font-family: verdana, geneva, sans-serif\">Erika Kramar\u0161ek<\/span><\/p>\n<p><span style=\"font-family: verdana, geneva, sans-serif\">Bogdana Kapitler<\/span><\/td>\n<\/tr>\n<tr>\n<td style=\"width: 13.2733%\" width=\"124\"><span style=\"font-family: verdana, geneva, sans-serif\">AT<\/span><\/td>\n<td style=\"width: 25.1969%\" width=\"128\"><span style=\"font-family: verdana, geneva, sans-serif\">Fotohi\u0161a Pelikan<\/span><\/td>\n<td style=\"width: 9.78627%\" width=\"120\"><span style=\"font-family: verdana, geneva, sans-serif\">9.00<\/span><\/p>\n<p><span style=\"font-family: verdana, geneva, sans-serif\">10.00<\/span><\/td>\n<td style=\"width: 23.622%\" width=\"98\"><span style=\"font-family: verdana, geneva, sans-serif\">45<\/span><\/p>\n<p><span style=\"font-family: verdana, geneva, sans-serif\">tri skupine<\/span><\/td>\n<td style=\"width: 27.5591%\" width=\"182\"><span style=\"font-family: verdana, geneva, sans-serif\"><strong>Matja\u017e Pustoslem\u0161ek<\/strong><\/span><\/p>\n<p><span style=\"font-family: verdana, geneva, sans-serif\">Evelina Klan\u0161ek<\/span><\/p>\n<p><span style=\"font-family: verdana, geneva, sans-serif\">Veronika Cvetko<\/span><\/p>\n<p><span style=\"font-family: verdana, geneva, sans-serif\">Karmen Volav\u0161ek<\/span><\/td>\n<\/tr>\n<tr>\n<td style=\"width: 13.2733%\" width=\"124\"><span style=\"font-family: verdana, geneva, sans-serif\">FT<\/span><\/td>\n<td style=\"width: 25.1969%\" width=\"128\"><span style=\"font-family: verdana, geneva, sans-serif\">Stari pisker (Celjski zapor)<\/span><\/td>\n<td style=\"width: 9.78627%\" width=\"120\"><span style=\"font-family: verdana, geneva, sans-serif\">9.00<\/span><\/p>\n<p><span style=\"font-family: verdana, geneva, sans-serif\">10.00<\/span><\/td>\n<td style=\"width: 23.622%\" width=\"98\"><span style=\"font-family: verdana, geneva, sans-serif\">47<\/span><\/p>\n<p><span style=\"font-family: verdana, geneva, sans-serif\">dve skupini<\/span><\/td>\n<td style=\"width: 27.5591%\" width=\"182\"><span style=\"font-family: verdana, geneva, sans-serif\"><strong>Tja\u0161a Ogrizek<\/strong><\/span><\/p>\n<p><span style=\"font-family: verdana, geneva, sans-serif\">Katja Funtek<\/span><\/p>\n<p><span style=\"font-family: verdana, geneva, sans-serif\">Ana Soto\u0161ek<\/span><\/p>\n<p><span style=\"font-family: verdana, geneva, sans-serif\">Mateja Jamnikar<\/span><\/td>\n<\/tr>\n<\/tbody>\n<\/table>\n<p><span style=\"font-family: verdana, geneva, sans-serif\"><strong>Izbrani u\u010ditelji razdelite dijake na skupine.<\/strong><\/span><\/p>\n<p><span style=\"font-family: verdana, geneva, sans-serif\"><strong>\u00a0<u>P<\/u><\/strong><strong><u>etek, 11. 10. 2024<\/u><\/strong><\/span><\/p>\n<p><span style=\"font-family: verdana, geneva, sans-serif\">V petek je v \u0161oli 74 dijakov in imajo \u010distilno akcijo. Razpored dela pripravi Emil \u0160pes.<\/span><\/p>\n<p style=\"text-align: right\"><span style=\"font-family: verdana, geneva, sans-serif\">\u00a0\u00a0\u00a0\u00a0\u00a0\u00a0\u00a0\u00a0\u00a0\u00a0\u00a0\u00a0\u00a0\u00a0\u00a0\u00a0\u00a0\u00a0\u00a0\u00a0\u00a0\u00a0\u00a0\u00a0\u00a0\u00a0\u00a0\u00a0\u00a0\u00a0\u00a0\u00a0\u00a0\u00a0\u00a0\u00a0\u00a0\u00a0\u00a0\u00a0\u00a0\u00a0\u00a0\u00a0\u00a0\u00a0\u00a0\u00a0\u00a0\u00a0\u00a0\u00a0\u00a0\u00a0\u00a0\u00a0\u00a0\u00a0\u00a0\u00a0\u00a0\u00a0\u00a0\u00a0\u00a0\u00a0\u00a0\u00a0\u00a0\u00a0\u00a0\u00a0\u00a0\u00a0\u00a0\u00a0\u00a0\u00a0\u00a0\u00a0\u00a0\u00a0\u00a0\u00a0\u00a0\u00a0\u00a0\u00a0\u00a0\u00a0\u00a0\u00a0\u00a0\u00a0\u00a0\u00a0\u00a0\u00a0\u00a0\u00a0\u00a0\u00a0\u00a0\u00a0\u00a0 Anja \u017du\u017eej Gobec in Andreja Ger\u010der<\/span><\/p>\n","protected":false},"excerpt":{"rendered":"<p>Aktivnosti dijakov, ki ostanejo na \u0161oli \u010cetrtek, 10. 10. 2024 V \u010detrtek je v \u0161oli \u00a0134 dijakov Vsi dijaki se zberete ob 8. uri pred \u0161olo in nato odidete v Celje, kjer obi\u0161\u010dete izbrane aktivnosti po razporedu spodaj. Cena posamezne aktivnosti je 5 eur. Denar imejte s sabo. Po kon\u010danih aktivnostih greste v Cineplexx Celje, [&hellip;]<\/p>\n","protected":false},"author":7,"featured_media":0,"comment_status":"closed","ping_status":"open","sticky":false,"template":"","format":"standard","meta":{"footnotes":""},"categories":[4],"tags":[],"class_list":["post-6539","post","type-post","status-publish","format-standard","hentry","category-obvestila"],"_links":{"self":[{"href":"https:\/\/www.hvu.si\/srednja\/index.php?rest_route=\/wp\/v2\/posts\/6539","targetHints":{"allow":["GET"]}}],"collection":[{"href":"https:\/\/www.hvu.si\/srednja\/index.php?rest_route=\/wp\/v2\/posts"}],"about":[{"href":"https:\/\/www.hvu.si\/srednja\/index.php?rest_route=\/wp\/v2\/types\/post"}],"author":[{"embeddable":true,"href":"https:\/\/www.hvu.si\/srednja\/index.php?rest_route=\/wp\/v2\/users\/7"}],"replies":[{"embeddable":true,"href":"https:\/\/www.hvu.si\/srednja\/index.php?rest_route=%2Fwp%2Fv2%2Fcomments&post=6539"}],"version-history":[{"count":2,"href":"https:\/\/www.hvu.si\/srednja\/index.php?rest_route=\/wp\/v2\/posts\/6539\/revisions"}],"predecessor-version":[{"id":6541,"href":"https:\/\/www.hvu.si\/srednja\/index.php?rest_route=\/wp\/v2\/posts\/6539\/revisions\/6541"}],"wp:attachment":[{"href":"https:\/\/www.hvu.si\/srednja\/index.php?rest_route=%2Fwp%2Fv2%2Fmedia&parent=6539"}],"wp:term":[{"taxonomy":"category","embeddable":true,"href":"https:\/\/www.hvu.si\/srednja\/index.php?rest_route=%2Fwp%2Fv2%2Fcategories&post=6539"},{"taxonomy":"post_tag","embeddable":true,"href":"https:\/\/www.hvu.si\/srednja\/index.php?rest_route=%2Fwp%2Fv2%2Ftags&post=6539"}],"curies":[{"name":"wp","href":"https:\/\/api.w.org\/{rel}","templated":true}]}}