{"id":6368,"date":"2024-09-19T09:42:48","date_gmt":"2024-09-19T07:42:48","guid":{"rendered":"https:\/\/www.hvu.si\/srednja\/?p=6368"},"modified":"2024-09-19T09:52:30","modified_gmt":"2024-09-19T07:52:30","slug":"volitve-dijakov-v-svet-zavoda-shvu-celje","status":"publish","type":"post","link":"https:\/\/www.hvu.si\/srednja\/?p=6368","title":{"rendered":"Volitve dijakov v svet zavoda \u0160HVU Celje"},"content":{"rendered":"<p><span style=\"font-family: verdana, geneva, sans-serif\"><strong>Volitve dijakov v svet zavoda \u0160HVU Celje<\/strong><\/span><\/p>\n<p><span style=\"font-family: verdana, geneva, sans-serif\"><strong>Volilna komisija:<\/strong><\/span><\/p>\n<ul>\n<li><span style=\"font-family: verdana, geneva, sans-serif\">Megi Romih, 2. C<\/span><\/li>\n<li><span style=\"font-family: verdana, geneva, sans-serif\">Tja\u0161a De\u017eelak, 4. d HT<\/span><\/li>\n<li><span style=\"font-family: verdana, geneva, sans-serif\">Andreja Ger\u010der<\/span><\/li>\n<li><span style=\"font-family: verdana, geneva, sans-serif\">Elizabeta Stren\u010dan<\/span><\/li>\n<\/ul>\n<p><span style=\"font-family: verdana, geneva, sans-serif\">Volitve dijakov v Svet zavoda bodo v <strong>petek, 20. 9. 2024<\/strong> med <strong><u>10 . 45 in\u00a0 11. 30 \u00a0<\/u>uro v knji\u017enici \u0161ole.<\/strong><\/span><\/p>\n<p style=\"text-align: right\"><span style=\"font-family: verdana, geneva, sans-serif\">\u00a0\u00a0\u00a0\u00a0\u00a0\u00a0\u00a0\u00a0\u00a0\u00a0\u00a0\u00a0\u00a0\u00a0\u00a0\u00a0\u00a0\u00a0\u00a0\u00a0\u00a0\u00a0\u00a0\u00a0\u00a0\u00a0\u00a0\u00a0\u00a0\u00a0\u00a0\u00a0\u00a0\u00a0\u00a0\u00a0\u00a0\u00a0\u00a0\u00a0\u00a0\u00a0\u00a0\u00a0\u00a0\u00a0\u00a0\u00a0\u00a0\u00a0\u00a0\u00a0\u00a0\u00a0\u00a0\u00a0\u00a0\u00a0\u00a0\u00a0\u00a0\u00a0\u00a0\u00a0\u00a0 Sergeja Jekl in Andreja Ger\u010der, <\/span><span style=\"font-family: verdana, geneva, sans-serif\">mentorici dija\u0161ke skupnosti<\/span><\/p>\n","protected":false},"excerpt":{"rendered":"<p>Volitve dijakov v svet zavoda \u0160HVU Celje Volilna komisija: Megi Romih, 2. C Tja\u0161a De\u017eelak, 4. d HT Andreja Ger\u010der Elizabeta Stren\u010dan Volitve dijakov v Svet zavoda bodo v petek, 20. 9. 2024 med 10 . 45 in\u00a0 11. 30 \u00a0uro v knji\u017enici \u0161ole. \u00a0\u00a0\u00a0\u00a0\u00a0\u00a0\u00a0\u00a0\u00a0\u00a0\u00a0\u00a0\u00a0\u00a0\u00a0\u00a0\u00a0\u00a0\u00a0\u00a0\u00a0\u00a0\u00a0\u00a0\u00a0\u00a0\u00a0\u00a0\u00a0\u00a0\u00a0\u00a0\u00a0\u00a0\u00a0\u00a0\u00a0\u00a0\u00a0\u00a0\u00a0\u00a0\u00a0\u00a0\u00a0\u00a0\u00a0\u00a0\u00a0\u00a0\u00a0\u00a0\u00a0\u00a0\u00a0\u00a0\u00a0\u00a0\u00a0\u00a0\u00a0\u00a0\u00a0\u00a0\u00a0 Sergeja Jekl in Andreja Ger\u010der, mentorici dija\u0161ke skupnosti<\/p>\n","protected":false},"author":7,"featured_media":0,"comment_status":"closed","ping_status":"open","sticky":false,"template":"","format":"standard","meta":{"footnotes":""},"categories":[4],"tags":[],"class_list":["post-6368","post","type-post","status-publish","format-standard","hentry","category-obvestila"],"_links":{"self":[{"href":"https:\/\/www.hvu.si\/srednja\/index.php?rest_route=\/wp\/v2\/posts\/6368","targetHints":{"allow":["GET"]}}],"collection":[{"href":"https:\/\/www.hvu.si\/srednja\/index.php?rest_route=\/wp\/v2\/posts"}],"about":[{"href":"https:\/\/www.hvu.si\/srednja\/index.php?rest_route=\/wp\/v2\/types\/post"}],"author":[{"embeddable":true,"href":"https:\/\/www.hvu.si\/srednja\/index.php?rest_route=\/wp\/v2\/users\/7"}],"replies":[{"embeddable":true,"href":"https:\/\/www.hvu.si\/srednja\/index.php?rest_route=%2Fwp%2Fv2%2Fcomments&post=6368"}],"version-history":[{"count":1,"href":"https:\/\/www.hvu.si\/srednja\/index.php?rest_route=\/wp\/v2\/posts\/6368\/revisions"}],"predecessor-version":[{"id":6369,"href":"https:\/\/www.hvu.si\/srednja\/index.php?rest_route=\/wp\/v2\/posts\/6368\/revisions\/6369"}],"wp:attachment":[{"href":"https:\/\/www.hvu.si\/srednja\/index.php?rest_route=%2Fwp%2Fv2%2Fmedia&parent=6368"}],"wp:term":[{"taxonomy":"category","embeddable":true,"href":"https:\/\/www.hvu.si\/srednja\/index.php?rest_route=%2Fwp%2Fv2%2Fcategories&post=6368"},{"taxonomy":"post_tag","embeddable":true,"href":"https:\/\/www.hvu.si\/srednja\/index.php?rest_route=%2Fwp%2Fv2%2Ftags&post=6368"}],"curies":[{"name":"wp","href":"https:\/\/api.w.org\/{rel}","templated":true}]}}