{"id":6358,"date":"2024-09-10T17:25:15","date_gmt":"2024-09-10T15:25:15","guid":{"rendered":"https:\/\/www.hvu.si\/srednja\/?p=6358"},"modified":"2024-09-10T17:27:13","modified_gmt":"2024-09-10T15:27:13","slug":"na-pragu-novega-solskega-leta-2024-25","status":"publish","type":"post","link":"https:\/\/www.hvu.si\/srednja\/?p=6358","title":{"rendered":"Na pragu novega \u0161olskega leta 2024\/25 \u2026"},"content":{"rendered":"<p style=\"text-align: justify;\"><span style=\"font-family: book antiqua, palatino, serif; font-size: 14pt;\">Na pragu novega \u0161olskega leta smo, ko ste nekateri dijaki prvi\u010d prestopili prag na\u0161e \u0161ole, medtem, ko ste jo dijaki vi\u0161jih letnikov \u017ee vzeli za svoj drugi dom. Veseli smo, da ste postali na\u0161i dijaki in dijakinje. Tako vsi skupaj predstavljate mavrico poklicev in sicer: Aran\u017eerski tehnik, Fotografski tehnik, Cvetli\u010dar, Vrtnar in Hortikulturni tehnik.<\/span><\/p>\n<p style=\"text-align: justify;\"><span style=\"font-family: book antiqua, palatino, serif; font-size: 14pt;\">Prihajate iz vseh koncev Slovenije, najve\u010d pa iz Savinjske regije. Zato je prav zanimivo poslu\u0161ati va\u0161e dialekte in opazovati razli\u010dne kulturne navade. Da se bomo na \u0161oli vsi skupaj \u2013 dijaki, dijakinje, u\u010ditelji, u\u010diteljice in ostali zaposleni, kar najbolje razumeli, je prav, da se dr\u017eimo dogovorjenega hi\u0161nega reda, ki vam ga bodo predstavili va\u0161i razredniki.<\/span><\/p>\n<p style=\"text-align: justify;\"><span style=\"font-family: book antiqua, palatino, serif; font-size: 14pt;\">V \u010dasu po\u010ditnic nam je uspelo obnoviti sejno sobo, hodnik v severnem delu \u0161ole, v obnavljanju je hodnik v upravnem delu; uredili in opremili smo dve u\u010dilnici: u\u010dilnico 41 in novo fotografsko u\u010dilnico 29, ki je najsodobneje opremljena z IKT opremo ter prepleskati del \u0161olskih prostorov.<\/span><\/p>\n<p style=\"text-align: justify;\"><span style=\"font-family: book antiqua, palatino, serif; font-size: 14pt;\">V fazi obnovitve je teka\u0161ka steza in postavitev plezalnih sten.<\/span><\/p>\n<p style=\"text-align: justify;\"><span style=\"font-family: book antiqua, palatino, serif; font-size: 14pt;\">Pouk bo potekal v mati\u010dnih u\u010dilnicah, razen nekaterih strokovnih predmetov, kjer bo pouk potekal v zato namenjenih u\u010dnih prostorih. Malica bo potekala preko \u010dipov, ki se za\u010dne v naslednjem tednu. Poskrbite za maksimalno higieno, kot ste je bili vajeni lansko \u0161olsko leto. Ve\u010d o malici vam bodo povedali razredniki in razredni\u010darke, oz. najdete zapis na spletni strani. Zaradi vsega tega pri\u010dakujem od vas spo\u0161tovani dijaki in dijakinje odgovoren odnos do \u0161olske imovine in dosledno upo\u0161tevanje pravil hi\u0161nega reda na\u0161e \u0161ole.<\/span><\/p>\n<p style=\"text-align: justify;\"><span style=\"font-family: book antiqua, palatino, serif; font-size: 14pt;\">Na \u0161olo ste pri\u0161li po znanje, spretnosti in ve\u0161\u010dine, kar je za nas u\u010ditelje in u\u010diteljice velika zaveza. Potrudili se bomo, da bomo kar v najve\u010dji meri opravi\u010dili va\u0161e zaupanje.<\/span><\/p>\n<p style=\"text-align: justify;\"><span style=\"font-family: book antiqua, palatino, serif; font-size: 14pt;\">Tudi kadrovsko smo se nekoliko okrepili, tako smo na novo zaposlili u\u010ditelje na podro\u010djih:<\/span><\/p>\n<p style=\"text-align: justify;\"><span style=\"font-family: book antiqua, palatino, serif; font-size: 14pt;\">tujih jezikov,<\/span><br \/>\n<span style=\"font-family: book antiqua, palatino, serif; font-size: 14pt;\">\u0161portne vzgoje in svetovalnega dela.<\/span><\/p>\n<p style=\"text-align: justify;\"><span style=\"font-family: book antiqua, palatino, serif; font-size: 14pt;\">Na novo imamo tudi delovno mesto pomo\u010dnice ravnateljice, ki ga opravlja ga. Vesna Djuri\u0107.<\/span><\/p>\n<p style=\"text-align: justify;\"><span style=\"font-family: book antiqua, palatino, serif; font-size: 14pt;\">V leto\u0161njem \u0161olskem letu nadaljujemo z kro\u017eki. Dijaki se boste lahko vpisali v posamezne kro\u017eke, ki vas zanimajo. Seznam le teh najdete v Vodniku za dijake in star\u0161e. Tisti dijaki, ki boste obiskovali kro\u017eke, se vam bodo lahko ure upo\u0161tevale pri interesnih dejavnostih.<\/span><\/p>\n<p style=\"text-align: justify;\"><span style=\"font-family: book antiqua, palatino, serif; font-size: 14pt;\">Pred vami vsemi je torej nov cilj v \u017eivljenju, pot, po kateri boste stopali, ste si izbrali sami. Ste dijaki in dijakinje \u0161ole, ki vam bo poleg u\u010denja nudila veliko mo\u017enosti, biti to, kar ste.<\/span><\/p>\n<p style=\"text-align: justify;\"><span style=\"font-family: book antiqua, palatino, serif; font-size: 14pt;\">Da bo ta pot la\u017eja, imate ob sebi razrednike, u\u010ditelje in u\u010diteljice ter svetovalno delavko, ki vas bodo usmerjali in stali ob strani na va\u0161i poti do cilja. Tudi moja vrata so za vas vedno na \u0161iroko odprta.<\/span><\/p>\n<p style=\"text-align: justify;\"><span style=\"font-family: book antiqua, palatino, serif; font-size: 14pt;\">Ozrite se naokoli in kmalu boste spoznali sorodno du\u0161o, ki bo postal\/a va\u0161 novi prijatelj, prijateljica \u2026 ali pa ta \u017ee obstaja in se potrudite, da obdr\u017eite prijateljstvo.<\/span><\/p>\n<p style=\"text-align: justify;\"><span style=\"font-family: book antiqua, palatino, serif; font-size: 14pt;\">\u017delim vam uspe\u0161en za\u010detek novega \u0161olskega leta ter varno pot v \u0161olo in nazaj domov.<\/span><\/p>\n<p style=\"text-align: justify;\"><span style=\"font-family: book antiqua, palatino, serif; font-size: 14pt;\">Spo\u0161tovani kolegi u\u010ditelji in u\u010diteljice:<\/span><\/p>\n<p style=\"text-align: justify;\"><span style=\"font-family: book antiqua, palatino, serif; font-size: 14pt;\">Tudi vam \u017eelim uspe\u0161en za\u010detek novega \u0161olskega leta.<\/span><\/p>\n<p style=\"text-align: justify;\"><span style=\"font-family: book antiqua, palatino, serif; font-size: 14pt;\">Dragi dijak, draga dijakinja \u2026<\/span><\/p>\n<p style=\"text-align: justify;\"><span style=\"font-family: book antiqua, palatino, serif; font-size: 14pt;\">Vlak \u017ee pelje \u2026 hitro stopi v prvi vagon, tam najde\u0161 svoje so\u0161olce \u2026<\/span><\/p>\n<p style=\"text-align: justify;\"><span style=\"font-family: book antiqua, palatino, serif; font-size: 14pt;\">Labirint ustvarjanja \u010daka nate \u2026 postani ustvarjalec in sooblikovalec \u0161olskega parka in hodnika \u0160ole za hortikulturo in vizualne umetnosti Celje tudi ti \u2026<\/span><\/p>\n<p style=\"text-align: right;\"><span style=\"font-family: book antiqua, palatino, serif; font-size: 14pt;\">\u0160tefanija Kos Zidar, ravnateljica<\/span><\/p>\n","protected":false},"excerpt":{"rendered":"<p>Na pragu novega \u0161olskega leta smo, ko ste nekateri dijaki prvi\u010d prestopili prag na\u0161e \u0161ole, medtem, ko ste jo dijaki vi\u0161jih letnikov \u017ee vzeli za svoj drugi dom. Veseli smo, da ste postali na\u0161i dijaki in dijakinje. Tako vsi skupaj predstavljate mavrico poklicev in sicer: Aran\u017eerski tehnik, Fotografski tehnik, Cvetli\u010dar, Vrtnar in Hortikulturni tehnik. Prihajate [&hellip;]<\/p>\n","protected":false},"author":1,"featured_media":0,"comment_status":"closed","ping_status":"open","sticky":false,"template":"","format":"standard","meta":{"footnotes":""},"categories":[4],"tags":[],"class_list":["post-6358","post","type-post","status-publish","format-standard","hentry","category-obvestila"],"_links":{"self":[{"href":"https:\/\/www.hvu.si\/srednja\/index.php?rest_route=\/wp\/v2\/posts\/6358","targetHints":{"allow":["GET"]}}],"collection":[{"href":"https:\/\/www.hvu.si\/srednja\/index.php?rest_route=\/wp\/v2\/posts"}],"about":[{"href":"https:\/\/www.hvu.si\/srednja\/index.php?rest_route=\/wp\/v2\/types\/post"}],"author":[{"embeddable":true,"href":"https:\/\/www.hvu.si\/srednja\/index.php?rest_route=\/wp\/v2\/users\/1"}],"replies":[{"embeddable":true,"href":"https:\/\/www.hvu.si\/srednja\/index.php?rest_route=%2Fwp%2Fv2%2Fcomments&post=6358"}],"version-history":[{"count":2,"href":"https:\/\/www.hvu.si\/srednja\/index.php?rest_route=\/wp\/v2\/posts\/6358\/revisions"}],"predecessor-version":[{"id":6360,"href":"https:\/\/www.hvu.si\/srednja\/index.php?rest_route=\/wp\/v2\/posts\/6358\/revisions\/6360"}],"wp:attachment":[{"href":"https:\/\/www.hvu.si\/srednja\/index.php?rest_route=%2Fwp%2Fv2%2Fmedia&parent=6358"}],"wp:term":[{"taxonomy":"category","embeddable":true,"href":"https:\/\/www.hvu.si\/srednja\/index.php?rest_route=%2Fwp%2Fv2%2Fcategories&post=6358"},{"taxonomy":"post_tag","embeddable":true,"href":"https:\/\/www.hvu.si\/srednja\/index.php?rest_route=%2Fwp%2Fv2%2Ftags&post=6358"}],"curies":[{"name":"wp","href":"https:\/\/api.w.org\/{rel}","templated":true}]}}