{"id":6086,"date":"2024-05-21T12:12:55","date_gmt":"2024-05-21T10:12:55","guid":{"rendered":"https:\/\/www.hvu.si\/srednja\/?p=6086"},"modified":"2024-05-21T12:14:46","modified_gmt":"2024-05-21T10:14:46","slug":"obveznosti-do-konca-pouka-za-dijake-nezakljucnih-letnikov-2","status":"publish","type":"post","link":"https:\/\/www.hvu.si\/srednja\/?p=6086","title":{"rendered":"Obveznosti do konca pouka za dijake nezaklju\u010dnih letnikov"},"content":{"rendered":"<ul>\n<li><span style=\"font-family: verdana, geneva, sans-serif\">Redni pouk po urniku bo do petka, 7. junija 2024.<\/span><\/li>\n<li><span style=\"font-family: verdana, geneva, sans-serif\">V \u010dasu med 10. in 14. junijem 2024: \u0161e pridobivanje ocen pri posameznih dijakih po rednem urniku, opravljanje manjkajo\u010dih obveznosti: interesne dejavnosti \u2026, PUD \u2026<\/span><\/li>\n<li><span style=\"font-family: verdana, geneva, sans-serif\"><em>Ocene morajo biti zaklju\u010dene<\/em> do ponedeljka, 17. junija 2024, do 14.00.<\/span><\/li>\n<li><span style=\"font-family: verdana, geneva, sans-serif\"><strong>Redovalna konferenca<\/strong> za nezaklju\u010dne letnike bo v torek, 18. junija 2024.<\/span><\/li>\n<li><span style=\"font-family: verdana, geneva, sans-serif\"><strong>Razdelitev spri\u010deval<\/strong> za nezaklju\u010dne letnike bo v ponedeljek, 24. junija 2024, v \u0161oli;<\/span><\/li>\n<li><span style=\"font-family: verdana, geneva, sans-serif\"><em>Popravni izpiti (spomladanski rok)<\/em> bodo v \u010dasu med petkom, 28. junijem in sredo, 3. julijem 2024; prijavnice dijaki oddajo preko aplikacije Lopolis do petka, 21. junija 2024. Priprave na popravni izpit so v \u010detrtek, 20. junija 2024 (poseben razpored \u2013 dogovor z u\u010diteljem).<\/span><\/li>\n<li><span style=\"font-family: verdana, geneva, sans-serif\"><em>Popravni izpiti (jesenski rok)<\/em> bodo v \u010dasu od srede, 16. avgusta dalje; prijavnice dijaki oddajo prav tako do petka, 21. junija 2024. Zadnji rok za oddajo prijavnice je sreda, 3. julij 2024.<\/span><\/li>\n<\/ul>\n<p><span style=\"font-family: verdana, geneva, sans-serif\"><strong>PUD cvetli\u010dar, vrtnar, hortikulturni tehnik SSI in PTI\u2013 po\u010ditni\u0161ka praksa<\/strong><\/span><\/p>\n<ul>\n<li><span style=\"font-family: verdana, geneva, sans-serif\">1.CV in domski dijaki; 17. do 21. junij 2024, 7.00 do 14.00;<\/span><\/li>\n<li><span style=\"font-family: verdana, geneva, sans-serif\">2. CV: 1. do 5. julij 2024, 7.00 do 14.00;<\/span><\/li>\n<li><span style=\"font-family: verdana, geneva, sans-serif\">4. (d)HT: 15. do 19. julij 2024, 7.00 do 14.00;<\/span><\/li>\n<li><span style=\"font-family: verdana, geneva, sans-serif\">1. HT, 2.HT in 3.HT: 5. do 9. avgust 2024; 7.00 do 14.00;<\/span><\/li>\n<\/ul>\n<p><span style=\"font-family: verdana, geneva, sans-serif\">Prakti\u010dno usposabljanje z\u00a0 delom poteka vsak dan med 7.15 in 14.00 oz. 15.00 (glej razpored zgoraj). V \u0161olo prihajate ob 7.00, kjer se do 7.15 oble\u010dete v delovno obleko glede na program, ki ga obiskujete (cvetli\u010darji \u2013 predpasniki, vrtnarji, hortikulturni tehniki \u2013 farmarke). Poleg imejte \u0161e cepilni no\u017e, vrtnarske \u0161karje, bele\u017eko in svin\u010dnik ter bodite vremenu primerno dodatno oble\u010deni in obuti.<\/span><\/p>\n<p><span style=\"font-family: verdana, geneva, sans-serif\">Dijaki vsak dan sproti <strong>doma<\/strong> pi\u0161ete e-dnevnik <strong>dnevnik<\/strong>, ki ga po kon\u010danem prakti\u010dnem usposabljanju oddate mentorici.<\/span><\/p>\n<p><span style=\"font-family: verdana, geneva, sans-serif\"><strong>Mentorji za PUD:<\/strong><\/span><\/p>\n<ul>\n<li><span style=\"font-family: verdana, geneva, sans-serif\">1.CV: Andreja Ger\u010der<\/span><\/li>\n<li><span style=\"font-family: verdana, geneva, sans-serif\">2.CV: Bogdana Kapitler<\/span><\/li>\n<li><span style=\"font-family: verdana, geneva, sans-serif\">1.HT: Veronika Cvetko<\/span><\/li>\n<li><span style=\"font-family: verdana, geneva, sans-serif\">2.HT: Katja Funtek<\/span><\/li>\n<li><span style=\"font-family: verdana, geneva, sans-serif\">3.HT: Emil \u0160pes<\/span><\/li>\n<li><span style=\"font-family: verdana, geneva, sans-serif\">4.(d)HT: Anja \u017du\u017eej Gobec<\/span><\/li>\n<\/ul>\n<p><span style=\"font-family: verdana, geneva, sans-serif\"><strong>Garderobne omarice:<\/strong> dijaki nezaklju\u010dnih letnikov garderobnih omaric ne boste izpraznili, saj velja pravilo, da imate svojo garderobno omarico v uporabi do kon\u010danja \u0161olanja pri nas na \u0161oli.<\/span><\/p>\n<p><span style=\"font-family: verdana, geneva, sans-serif\"><strong>Knji\u017enica \u2013 vra\u010dilo gradivo: <\/strong>dijaki prinesete u\u010dbenike in gradivo vsak dan med 8.00 in 12.00, do vklju\u010dno petka, 21. junija 2024.<\/span><\/p>\n<p style=\"text-align: right\"><span style=\"font-family: verdana, geneva, sans-serif\">\u00a0\u00a0\u00a0\u00a0\u00a0\u00a0\u00a0\u00a0\u00a0\u00a0\u00a0\u00a0\u00a0\u00a0\u00a0\u00a0\u00a0\u00a0\u00a0\u00a0\u00a0\u00a0\u00a0\u00a0\u00a0\u00a0\u00a0\u00a0\u00a0\u00a0\u00a0\u00a0\u00a0\u00a0\u00a0\u00a0\u00a0\u00a0\u00a0\u00a0\u00a0\u00a0\u00a0\u00a0\u00a0\u00a0\u00a0\u00a0\u00a0\u00a0\u00a0\u00a0\u00a0\u00a0\u00a0\u00a0\u00a0\u00a0\u00a0\u00a0\u00a0\u00a0\u00a0\u00a0\u00a0\u00a0\u00a0\u00a0\u00a0\u00a0\u00a0\u00a0 \u00a0\u00a0\u00a0\u00a0\u00a0\u00a0\u00a0\u00a0\u00a0\u00a0\u00a0\u00a0\u00a0\u00a0\u00a0\u0160tefanija Kos Zidar, <\/span><span style=\"font-family: verdana, geneva, sans-serif\">ravnateljica<\/span><\/p>\n","protected":false},"excerpt":{"rendered":"<p>Redni pouk po urniku bo do petka, 7. junija 2024. V \u010dasu med 10. in 14. junijem 2024: \u0161e pridobivanje ocen pri posameznih dijakih po rednem urniku, opravljanje manjkajo\u010dih obveznosti: interesne dejavnosti \u2026, PUD \u2026 Ocene morajo biti zaklju\u010dene do ponedeljka, 17. junija 2024, do 14.00. Redovalna konferenca za nezaklju\u010dne letnike bo v torek, 18. [&hellip;]<\/p>\n","protected":false},"author":7,"featured_media":0,"comment_status":"closed","ping_status":"open","sticky":false,"template":"","format":"standard","meta":{"footnotes":""},"categories":[4],"tags":[],"class_list":["post-6086","post","type-post","status-publish","format-standard","hentry","category-obvestila"],"_links":{"self":[{"href":"https:\/\/www.hvu.si\/srednja\/index.php?rest_route=\/wp\/v2\/posts\/6086","targetHints":{"allow":["GET"]}}],"collection":[{"href":"https:\/\/www.hvu.si\/srednja\/index.php?rest_route=\/wp\/v2\/posts"}],"about":[{"href":"https:\/\/www.hvu.si\/srednja\/index.php?rest_route=\/wp\/v2\/types\/post"}],"author":[{"embeddable":true,"href":"https:\/\/www.hvu.si\/srednja\/index.php?rest_route=\/wp\/v2\/users\/7"}],"replies":[{"embeddable":true,"href":"https:\/\/www.hvu.si\/srednja\/index.php?rest_route=%2Fwp%2Fv2%2Fcomments&post=6086"}],"version-history":[{"count":2,"href":"https:\/\/www.hvu.si\/srednja\/index.php?rest_route=\/wp\/v2\/posts\/6086\/revisions"}],"predecessor-version":[{"id":6088,"href":"https:\/\/www.hvu.si\/srednja\/index.php?rest_route=\/wp\/v2\/posts\/6086\/revisions\/6088"}],"wp:attachment":[{"href":"https:\/\/www.hvu.si\/srednja\/index.php?rest_route=%2Fwp%2Fv2%2Fmedia&parent=6086"}],"wp:term":[{"taxonomy":"category","embeddable":true,"href":"https:\/\/www.hvu.si\/srednja\/index.php?rest_route=%2Fwp%2Fv2%2Fcategories&post=6086"},{"taxonomy":"post_tag","embeddable":true,"href":"https:\/\/www.hvu.si\/srednja\/index.php?rest_route=%2Fwp%2Fv2%2Ftags&post=6086"}],"curies":[{"name":"wp","href":"https:\/\/api.w.org\/{rel}","templated":true}]}}