{"id":6028,"date":"2024-05-10T12:58:33","date_gmt":"2024-05-10T10:58:33","guid":{"rendered":"https:\/\/www.hvu.si\/srednja\/?p=6028"},"modified":"2024-05-10T13:01:17","modified_gmt":"2024-05-10T11:01:17","slug":"projekt-evropska-vas-2024","status":"publish","type":"post","link":"https:\/\/www.hvu.si\/srednja\/?p=6028","title":{"rendered":"Projekt evropska vas 2024"},"content":{"rendered":"<p style=\"text-align: justify\"><span style=\"font-family: verdana, geneva, sans-serif\">V sredo, 8. maja 2024, je na Glavnem trgu potekala tradicionalna prireditev <strong>Evropska vas<em>, <\/em><\/strong>s katero mesto Celje \u017ee vrsto let obele\u017euje dan Evrope in dan zmage. Letos smo obele\u017eili 20-letnico vstopa Slovenije v EU. Prireditev v Celju je bila vrhunec praznovanja za mlade, zato je bila le-ta, kljub vremenskim izzivom \u0161e posebej prazni\u010dna.<\/span><\/p>\n<p style=\"text-align: justify\"><span style=\"font-family: verdana, geneva, sans-serif\">Na\u0161a \u0161ola \u017ee 11. leto sodeluje na tej prireditvi. Letos smo predstavili dr\u017eavo \u0160panijo. Celostno podobo sta v okviru svoje projektne naloge pod mentorstvom Karmen Volav\u0161ek pripravila dijaka 4. AT, Jaka Gobec in Adrijan Kri\u017ean. Izpostavila sta predstavitev najbolj znanega \u0161panskega umetnika Pabla Picassa in umetni\u0161ko smer kubizem. Na osrednjem odru je Lana Roger, dijakinja 2. AT, zapela pesem Glorie Estefan <em>No Te Olvidar\u00e9<\/em> in po\u017eela velik aplavz.<\/span><\/p>\n<p style=\"text-align: right\"><span style=\"font-family: verdana, geneva, sans-serif\">Karmen Volav\u0161ek<\/span><\/p>\n\n\n    <div id=\"wk-grid465\" class=\"uk-child-width-1-1 uk-child-width-1-1@s uk-child-width-1-2@m uk-child-width-1-2@l uk-child-width-1-2@xl uk-grid-match \" uk-height-match=\"target: &gt; div &gt; .uk-panel, &gt; div &gt; .uk-card; row: true\" uk-grid  uk-lightbox=\"container: .uk-gallery-container; toggle: a[data-js-lightbox]\">\n\n            \n        <div>\n        \n<div class=\"uk-panel\">\n\n    \n        <div class=\"uk-inline-clip uk-transition-toggle \">\n\n            <img decoding=\"async\" src=\"\/srednja\/wp-content\/uploads\/sites\/2\/2024\/05\/Evropska-vas-2024_1-scaled.jpg\" class=\"uk-transition-scale-up uk-transition-opaque\">\n            \n                        <div class=\"uk-overlay uk-overlay-primary uk-position-cover uk-transition-fade\"><\/div>\n            \n                            <div class=\"uk-position-center uk-light\">\n                    <span class=\"uk-transition-fade\" uk-overlay-icon><\/span>\n                <\/div>\n            \n                                                                        <a class=\"uk-position-cover\" data-js-lightbox href=\"\/srednja\/wp-content\/uploads\/sites\/2\/2024\/05\/Evropska-vas-2024_1-scaled.jpg\" data-type=\"image\" ><\/a>\n                                                \n        <\/div>\n\n    \n    \n        \n        \n    \n    \n<\/div>\n        <\/div>\n\n                    \n        <div>\n        \n<div class=\"uk-panel\">\n\n    \n        <div class=\"uk-inline-clip uk-transition-toggle \">\n\n            <img decoding=\"async\" src=\"\/srednja\/wp-content\/uploads\/sites\/2\/2024\/05\/Evropska-vas-2024_3-scaled.jpg\" class=\"uk-transition-scale-up uk-transition-opaque\">\n            \n                        <div class=\"uk-overlay uk-overlay-primary uk-position-cover uk-transition-fade\"><\/div>\n            \n                            <div class=\"uk-position-center uk-light\">\n                    <span class=\"uk-transition-fade\" uk-overlay-icon><\/span>\n                <\/div>\n            \n                                                                        <a class=\"uk-position-cover\" data-js-lightbox href=\"\/srednja\/wp-content\/uploads\/sites\/2\/2024\/05\/Evropska-vas-2024_3-scaled.jpg\" data-type=\"image\" ><\/a>\n                                                \n        <\/div>\n\n    \n    \n        \n        \n    \n    \n<\/div>\n        <\/div>\n\n                    \n        <div>\n        \n<div class=\"uk-panel\">\n\n    \n        <div class=\"uk-inline-clip uk-transition-toggle \">\n\n            <img decoding=\"async\" src=\"\/srednja\/wp-content\/uploads\/sites\/2\/2024\/05\/EV_Lana.jpg\" class=\"uk-transition-scale-up uk-transition-opaque\">\n            \n                        <div class=\"uk-overlay uk-overlay-primary uk-position-cover uk-transition-fade\"><\/div>\n            \n                            <div class=\"uk-position-center uk-light\">\n                    <span class=\"uk-transition-fade\" uk-overlay-icon><\/span>\n                <\/div>\n            \n                                                                        <a class=\"uk-position-cover\" data-js-lightbox href=\"\/srednja\/wp-content\/uploads\/sites\/2\/2024\/05\/EV_Lana.jpg\" data-type=\"image\" ><\/a>\n                                                \n        <\/div>\n\n    \n    \n        \n        \n    \n    \n<\/div>\n        <\/div>\n\n                    \n        <div>\n        \n<div class=\"uk-panel\">\n\n    \n        <div class=\"uk-inline-clip uk-transition-toggle \">\n\n            <img decoding=\"async\" src=\"\/srednja\/wp-content\/uploads\/sites\/2\/2024\/05\/Evropska-vas-2024_4-scaled.jpg\" class=\"uk-transition-scale-up uk-transition-opaque\">\n            \n                        <div class=\"uk-overlay uk-overlay-primary uk-position-cover uk-transition-fade\"><\/div>\n            \n                            <div class=\"uk-position-center uk-light\">\n                    <span class=\"uk-transition-fade\" uk-overlay-icon><\/span>\n                <\/div>\n            \n                                                                        <a class=\"uk-position-cover\" data-js-lightbox href=\"\/srednja\/wp-content\/uploads\/sites\/2\/2024\/05\/Evropska-vas-2024_4-scaled.jpg\" data-type=\"image\" ><\/a>\n                                                \n        <\/div>\n\n    \n    \n        \n        \n    \n    \n<\/div>\n        <\/div>\n\n            \n    <\/div>\n\n\n\n<script>\n\n    (function(UIkit){\n\n        var $ = UIkit.util;\n\n        $.ready(function () {\n            if (!$.$('.uk-gallery-container')) {\n                $.append(document.body, '<div class=\"uk-scope uk-gallery-container\">');\n            }\n        });\n\n    })(window.UIkitwk || window.UIkit);\n\n<\/script>\n\n<p>&nbsp;<\/p>\n","protected":false},"excerpt":{"rendered":"<p>V sredo, 8. maja 2024, je na Glavnem trgu potekala tradicionalna prireditev Evropska vas, s katero mesto Celje \u017ee vrsto let obele\u017euje dan Evrope in dan zmage. Letos smo obele\u017eili 20-letnico vstopa Slovenije v EU. Prireditev v Celju je bila vrhunec praznovanja za mlade, zato je bila le-ta, kljub vremenskim izzivom \u0161e posebej prazni\u010dna. Na\u0161a [&hellip;]<\/p>\n","protected":false},"author":7,"featured_media":6034,"comment_status":"closed","ping_status":"open","sticky":false,"template":"","format":"standard","meta":{"footnotes":""},"categories":[4],"tags":[],"class_list":["post-6028","post","type-post","status-publish","format-standard","has-post-thumbnail","hentry","category-obvestila"],"_links":{"self":[{"href":"https:\/\/www.hvu.si\/srednja\/index.php?rest_route=\/wp\/v2\/posts\/6028","targetHints":{"allow":["GET"]}}],"collection":[{"href":"https:\/\/www.hvu.si\/srednja\/index.php?rest_route=\/wp\/v2\/posts"}],"about":[{"href":"https:\/\/www.hvu.si\/srednja\/index.php?rest_route=\/wp\/v2\/types\/post"}],"author":[{"embeddable":true,"href":"https:\/\/www.hvu.si\/srednja\/index.php?rest_route=\/wp\/v2\/users\/7"}],"replies":[{"embeddable":true,"href":"https:\/\/www.hvu.si\/srednja\/index.php?rest_route=%2Fwp%2Fv2%2Fcomments&post=6028"}],"version-history":[{"count":2,"href":"https:\/\/www.hvu.si\/srednja\/index.php?rest_route=\/wp\/v2\/posts\/6028\/revisions"}],"predecessor-version":[{"id":6036,"href":"https:\/\/www.hvu.si\/srednja\/index.php?rest_route=\/wp\/v2\/posts\/6028\/revisions\/6036"}],"wp:featuredmedia":[{"embeddable":true,"href":"https:\/\/www.hvu.si\/srednja\/index.php?rest_route=\/wp\/v2\/media\/6034"}],"wp:attachment":[{"href":"https:\/\/www.hvu.si\/srednja\/index.php?rest_route=%2Fwp%2Fv2%2Fmedia&parent=6028"}],"wp:term":[{"taxonomy":"category","embeddable":true,"href":"https:\/\/www.hvu.si\/srednja\/index.php?rest_route=%2Fwp%2Fv2%2Fcategories&post=6028"},{"taxonomy":"post_tag","embeddable":true,"href":"https:\/\/www.hvu.si\/srednja\/index.php?rest_route=%2Fwp%2Fv2%2Ftags&post=6028"}],"curies":[{"name":"wp","href":"https:\/\/api.w.org\/{rel}","templated":true}]}}