{"id":5456,"date":"2024-01-22T13:42:33","date_gmt":"2024-01-22T12:42:33","guid":{"rendered":"https:\/\/www.hvu.si\/srednja\/?p=5456"},"modified":"2024-01-22T13:42:33","modified_gmt":"2024-01-22T12:42:33","slug":"karierni-piknik","status":"publish","type":"post","link":"https:\/\/www.hvu.si\/srednja\/?p=5456","title":{"rendered":"Karierni piknik"},"content":{"rendered":"<p><span style=\"font-family: verdana, geneva, sans-serif\">V \u010detrtek, 25. 1. 2024, se boste dijaki naslednjih razredov udele\u017eili kariernega piknika v Celjskem domu 6. in 7. \u0161olsko uro.<\/span><\/p>\n<p><span style=\"font-family: verdana, geneva, sans-serif\">Seznam razredov in spremljajo\u010dih u\u010diteljev:<\/span><\/p>\n<table style=\"width: 890px\" border=\"1\" cellspacing=\"0\" cellpadding=\"3\">\n<tbody>\n<tr>\n<td width=\"302\">\n<div><span style=\"font-family: verdana, geneva, sans-serif\">Razred<\/span><\/div>\n<\/td>\n<td width=\"302\">\n<div><span style=\"font-family: verdana, geneva, sans-serif\">U\u010ditelj<\/span><\/div>\n<\/td>\n<\/tr>\n<tr>\n<td width=\"302\">\n<div><span style=\"font-family: verdana, geneva, sans-serif\">3. AT<\/span><\/div>\n<\/td>\n<td width=\"302\">\n<div><span style=\"font-family: verdana, geneva, sans-serif\">Vesna Djuri\u0107<\/span><\/div>\n<\/td>\n<\/tr>\n<tr>\n<td width=\"302\">\n<div><span style=\"font-family: verdana, geneva, sans-serif\">3. FT<\/span><\/div>\n<\/td>\n<td width=\"302\">\n<div><span style=\"font-family: verdana, geneva, sans-serif\">Darja Kos<\/span><\/div>\n<\/td>\n<\/tr>\n<tr>\n<td width=\"302\">\n<div><span style=\"font-family: verdana, geneva, sans-serif\">2., 3., 4. HT<\/span><\/div>\n<\/td>\n<td width=\"302\">\n<div><span style=\"font-family: verdana, geneva, sans-serif\">Matja\u017e Pustoslem\u0161ek<\/span><\/div>\n<\/td>\n<\/tr>\n<tr>\n<td width=\"302\">\n<div><span style=\"font-family: verdana, geneva, sans-serif\">4., 5. dHT<\/span><\/div>\n<\/td>\n<td width=\"302\">\n<div><span style=\"font-family: verdana, geneva, sans-serif\">Branka Tur\u0161i\u010d<\/span><\/div>\n<\/td>\n<\/tr>\n<tr>\n<td width=\"302\">\n<div><span style=\"font-family: verdana, geneva, sans-serif\">4. AT<\/span><\/div>\n<\/td>\n<td width=\"302\">\n<div><span style=\"font-family: verdana, geneva, sans-serif\">Bogdana Kapitler<\/span><\/div>\n<\/td>\n<\/tr>\n<\/tbody>\n<\/table>\n<p>&nbsp;<\/p>\n<p><span style=\"font-family: verdana, geneva, sans-serif\">Zborno mesto je ob 12.30 pred vhodom v Celjski dom (Krekov trg 3).<\/span><\/p>\n","protected":false},"excerpt":{"rendered":"<p>V \u010detrtek, 25. 1. 2024, se boste dijaki naslednjih razredov udele\u017eili kariernega piknika v Celjskem domu 6. in 7. \u0161olsko uro. Seznam razredov in spremljajo\u010dih u\u010diteljev: Razred U\u010ditelj 3. AT Vesna Djuri\u0107 3. FT Darja Kos 2., 3., 4. HT Matja\u017e Pustoslem\u0161ek 4., 5. dHT Branka Tur\u0161i\u010d 4. AT Bogdana Kapitler &nbsp; Zborno mesto je [&hellip;]<\/p>\n","protected":false},"author":6,"featured_media":0,"comment_status":"closed","ping_status":"open","sticky":false,"template":"","format":"standard","meta":{"footnotes":""},"categories":[4],"tags":[],"class_list":["post-5456","post","type-post","status-publish","format-standard","hentry","category-obvestila"],"_links":{"self":[{"href":"https:\/\/www.hvu.si\/srednja\/index.php?rest_route=\/wp\/v2\/posts\/5456","targetHints":{"allow":["GET"]}}],"collection":[{"href":"https:\/\/www.hvu.si\/srednja\/index.php?rest_route=\/wp\/v2\/posts"}],"about":[{"href":"https:\/\/www.hvu.si\/srednja\/index.php?rest_route=\/wp\/v2\/types\/post"}],"author":[{"embeddable":true,"href":"https:\/\/www.hvu.si\/srednja\/index.php?rest_route=\/wp\/v2\/users\/6"}],"replies":[{"embeddable":true,"href":"https:\/\/www.hvu.si\/srednja\/index.php?rest_route=%2Fwp%2Fv2%2Fcomments&post=5456"}],"version-history":[{"count":1,"href":"https:\/\/www.hvu.si\/srednja\/index.php?rest_route=\/wp\/v2\/posts\/5456\/revisions"}],"predecessor-version":[{"id":5457,"href":"https:\/\/www.hvu.si\/srednja\/index.php?rest_route=\/wp\/v2\/posts\/5456\/revisions\/5457"}],"wp:attachment":[{"href":"https:\/\/www.hvu.si\/srednja\/index.php?rest_route=%2Fwp%2Fv2%2Fmedia&parent=5456"}],"wp:term":[{"taxonomy":"category","embeddable":true,"href":"https:\/\/www.hvu.si\/srednja\/index.php?rest_route=%2Fwp%2Fv2%2Fcategories&post=5456"},{"taxonomy":"post_tag","embeddable":true,"href":"https:\/\/www.hvu.si\/srednja\/index.php?rest_route=%2Fwp%2Fv2%2Ftags&post=5456"}],"curies":[{"name":"wp","href":"https:\/\/api.w.org\/{rel}","templated":true}]}}