{"id":5348,"date":"2023-12-20T11:05:50","date_gmt":"2023-12-20T10:05:50","guid":{"rendered":"https:\/\/www.hvu.si\/srednja\/?p=5348"},"modified":"2023-12-20T11:05:50","modified_gmt":"2023-12-20T10:05:50","slug":"5348","status":"publish","type":"post","link":"https:\/\/www.hvu.si\/srednja\/?p=5348","title":{"rendered":""},"content":{"rendered":"<p><span style=\"font-family: verdana, geneva, sans-serif\"><strong>Obvestilo za maturante in star\u0161e<\/strong><\/span><\/p>\n<p><span style=\"font-family: verdana, geneva, sans-serif\">Pribli\u017euje se <strong>Maturantski ples \u0160ole za hortikulturo in vizualne umetnosti Celje<\/strong>, ki bo v petek, 12. januarja 2024, s pri\u010detkom ob <strong>18.00, <\/strong>v Kongresnem centru Thermana Park La\u0161ko (novi del zdravili\u0161\u010da).<\/span><\/p>\n<p><span style=\"font-family: verdana, geneva, sans-serif\">Dijaki, ki ple\u0161ejo, se bodo zbrali ob <strong>15.30 na generalki<\/strong>, ostali dijaki pa pridejo ob <strong>16.30<\/strong>, zaradi skupinskega slikanja z razredniki. <strong>Prihod ostalih gostov je ob 17.30.<\/strong><\/span><\/p>\n<p><span style=\"font-family: verdana, geneva, sans-serif\">Predviden zaklju\u010dek dogodka je ob 24.00.<\/span><\/p>\n<p><span style=\"font-family: verdana, geneva, sans-serif\">Cena vstopnice je 51,00 \u20ac\/ osebo, v kateri so zajeti vsi stro\u0161ki maturantskega plesa, razen pija\u010de. <strong>Dijaki poravnajo celotni znesek vstopnic v \u010detrtek, 4. 1. ali v petek, 5. 1. 2024 v \u0161olski knji\u017enici. <\/strong><\/span><\/p>\n<p><span style=\"font-family: verdana, geneva, sans-serif\"><strong>Prijave so dokon\u010dne in odpovedi ni.<\/strong> V kolikor bi do odpovedi pri\u0161lo, se vrnejo samo stro\u0161ki ve\u010derje, ki zna\u0161a 26,00 \u20ac\/osebo, ostalo so stro\u0161ki organizacije in se ne vra\u010dajo.<\/span><\/p>\n<p style=\"text-align: center\"><span style=\"font-family: verdana, geneva, sans-serif\">Meni zajema:<\/span><\/p>\n<p style=\"text-align: center\"><span style=\"font-family: verdana, geneva, sans-serif\">Juha v ju\u0161nikih, <\/span><span style=\"font-family: verdana, geneva, sans-serif\">porcijsko postre\u017eena glavna jed, <\/span><span style=\"font-family: verdana, geneva, sans-serif\">me\u0161ana solata <\/span><span style=\"font-family: verdana, geneva, sans-serif\">in<\/span><\/p>\n<p style=\"text-align: center\"><span style=\"font-family: verdana, geneva, sans-serif\">torta \u2013 \u00bd sadne in \u00bd \u010dokoladne (sve\u010dani razrez v dvorani + vulkan\u010dek).<\/span><\/p>\n<p>\u00a0<span style=\"font-family: verdana, geneva, sans-serif\">Mo\u017eni so vegetarijanski meniji, meniji za osebe s celiakijo in posamezne diete.\u00a0 Spremembo javite do 5. 1. 2024 ali ob nakupu vstopnic. Pija\u010do pla\u010dujete sproti sami. <strong>Prepovedan je vnos pija\u010de na maturantski ples! <\/strong>Lahko pa prinesete pecivo ali sadje, ki naj bo vidno in v zmernih koli\u010dinah.<\/span><\/p>\n<p><span style=\"font-family: verdana, geneva, sans-serif\">PARKIRNA MESTA so zagotovljena neposredno ob kongresnem centru (170 mest) ali v pla\u010dljivi gara\u017eni hi\u0161i (277 mest). Gara\u017ena hi\u0161a je logisti\u010dno povezana s kongresnim hotelom. <\/span><\/p>\n<p><span style=\"font-family: verdana, geneva, sans-serif\">Garderoba je na voljo, vendar za vredne stvari odgovarjate sami.<\/span><\/p>\n<p><span style=\"font-family: verdana, geneva, sans-serif\">Za kakr\u0161ne koli informacije smo vam na voljo na naslovu: <a href=\"mailto:danica.korosec@hvu.si\">danica.korosec@hvu.si<\/a> in <a href=\"mailto:elizabeta.strencan@hvu.si\">elizabeta.strencan@hvu.si<\/a> .<\/span><\/p>\n<p><span style=\"font-family: verdana, geneva, sans-serif\">Prijazen pozdrav in veselimo se sre\u010danja z vami.<\/span><\/p>\n<p>&nbsp;<\/p>\n<p><span style=\"font-family: verdana, geneva, sans-serif\">Organizatorici: <\/span><span style=\"font-family: verdana, geneva, sans-serif\">Danica Koro\u0161ec in Elizabeta Stren\u010dan\u00a0\u00a0\u00a0\u00a0 <\/span><span style=\"font-family: verdana, geneva, sans-serif\">\u00a0\u00a0\u00a0\u00a0\u00a0\u00a0 \u00a0\u00a0\u00a0\u00a0\u00a0\u00a0\u00a0\u00a0\u00a0\u00a0\u00a0\u00a0\u00a0\u00a0\u00a0\u00a0\u00a0\u00a0\u00a0\u00a0\u00a0\u00a0\u00a0\u00a0\u00a0\u00a0\u00a0\u00a0\u00a0\u00a0\u00a0\u00a0\u00a0\u00a0\u00a0\u00a0\u00a0\u00a0\u00a0\u00a0\u00a0\u00a0\u00a0\u00a0\u00a0\u00a0\u00a0\u00a0\u00a0\u00a0\u00a0\u00a0\u00a0\u00a0\u00a0\u00a0\u00a0\u00a0\u00a0\u00a0 \u00a0\u00a0 <\/span><\/p>\n<p><span style=\"font-family: verdana, geneva, sans-serif\"><br \/>\n<\/span><\/p>\n","protected":false},"excerpt":{"rendered":"<p>Obvestilo za maturante in star\u0161e Pribli\u017euje se Maturantski ples \u0160ole za hortikulturo in vizualne umetnosti Celje, ki bo v petek, 12. januarja 2024, s pri\u010detkom ob 18.00, v Kongresnem centru Thermana Park La\u0161ko (novi del zdravili\u0161\u010da). Dijaki, ki ple\u0161ejo, se bodo zbrali ob 15.30 na generalki, ostali dijaki pa pridejo ob 16.30, zaradi skupinskega slikanja [&hellip;]<\/p>\n","protected":false},"author":7,"featured_media":5349,"comment_status":"closed","ping_status":"open","sticky":false,"template":"","format":"standard","meta":{"footnotes":""},"categories":[4],"tags":[],"class_list":["post-5348","post","type-post","status-publish","format-standard","has-post-thumbnail","hentry","category-obvestila"],"_links":{"self":[{"href":"https:\/\/www.hvu.si\/srednja\/index.php?rest_route=\/wp\/v2\/posts\/5348","targetHints":{"allow":["GET"]}}],"collection":[{"href":"https:\/\/www.hvu.si\/srednja\/index.php?rest_route=\/wp\/v2\/posts"}],"about":[{"href":"https:\/\/www.hvu.si\/srednja\/index.php?rest_route=\/wp\/v2\/types\/post"}],"author":[{"embeddable":true,"href":"https:\/\/www.hvu.si\/srednja\/index.php?rest_route=\/wp\/v2\/users\/7"}],"replies":[{"embeddable":true,"href":"https:\/\/www.hvu.si\/srednja\/index.php?rest_route=%2Fwp%2Fv2%2Fcomments&post=5348"}],"version-history":[{"count":2,"href":"https:\/\/www.hvu.si\/srednja\/index.php?rest_route=\/wp\/v2\/posts\/5348\/revisions"}],"predecessor-version":[{"id":5351,"href":"https:\/\/www.hvu.si\/srednja\/index.php?rest_route=\/wp\/v2\/posts\/5348\/revisions\/5351"}],"wp:featuredmedia":[{"embeddable":true,"href":"https:\/\/www.hvu.si\/srednja\/index.php?rest_route=\/wp\/v2\/media\/5349"}],"wp:attachment":[{"href":"https:\/\/www.hvu.si\/srednja\/index.php?rest_route=%2Fwp%2Fv2%2Fmedia&parent=5348"}],"wp:term":[{"taxonomy":"category","embeddable":true,"href":"https:\/\/www.hvu.si\/srednja\/index.php?rest_route=%2Fwp%2Fv2%2Fcategories&post=5348"},{"taxonomy":"post_tag","embeddable":true,"href":"https:\/\/www.hvu.si\/srednja\/index.php?rest_route=%2Fwp%2Fv2%2Ftags&post=5348"}],"curies":[{"name":"wp","href":"https:\/\/api.w.org\/{rel}","templated":true}]}}