{"id":5338,"date":"2023-12-19T13:24:50","date_gmt":"2023-12-19T12:24:50","guid":{"rendered":"https:\/\/www.hvu.si\/srednja\/?p=5338"},"modified":"2023-12-19T13:24:50","modified_gmt":"2023-12-19T12:24:50","slug":"adventni-salzburg-2","status":"publish","type":"post","link":"https:\/\/www.hvu.si\/srednja\/?p=5338","title":{"rendered":"Adventni Salzburg"},"content":{"rendered":"<p style=\"text-align: justify\"><span style=\"font-family: verdana, geneva, sans-serif\">V petek, 15.12.2023, smo z dijaki geografsko-turisti\u010dnega kro\u017eka in ostalimi zainteresiranimi obiskali Mozartovo mesto, Salzburg.<\/span><\/p>\n<p style=\"text-align: justify\"><span style=\"font-family: verdana, geneva, sans-serif\">Najprej smo si ogledali dvorec Mirabell, ki je znan po svojih razko\u0161nih vrtovih. Celoten kompleks z vsemi gospodarskimi poslopji in vrtnimi spomeniki je na Unescovem seznamu svetovne dedi\u0161\u010dine.<\/span><\/p>\n<p style=\"text-align: justify\"><span style=\"font-family: verdana, geneva, sans-serif\">Dijake je navdu\u0161il obisk Hangarja 7, ki je znan po svoji edinstveni arhitekturi. Red Bull je tu razstavil akrobatska \u0161portna letala in zajetne zbirke dirkalnikov F1. Tu so predstavljeni vsi ekstremni \u0161porti, ki jih Red Bull sponzorira.<\/span><\/p>\n<p style=\"text-align: justify\"><span style=\"font-family: verdana, geneva, sans-serif\">Z vzpenja\u010do smo se povzpeli na trdnjavo Hohensalzburg, simbol mesta<em>, ki le\u017ei <\/em>na trdnjavskem gri\u010du. Srednjeve\u0161ki grad izvira iz 11. stoletja in je najve\u010dji popolnoma ohranjen grad v srednji Evropi. U\u017eivali smo v pogledu nad mestom, ki le\u017ei ob reki Salzach.<\/span><\/p>\n<p style=\"text-align: justify\"><span style=\"font-family: verdana, geneva, sans-serif\">Po spustu z gradu smo se sprehodili po pokopali\u0161\u010du in po starem mestnem jedru, kjer smo ob\u010dudovali Mozartovo rojstno hi\u0161o, \u017ditno ulico s \u0161tevilnimi znamenitimi izveski, ogromno zlato kroglo, veli\u010dastno mestno katedralo in \u0161tevilne sve\u010dano okra\u0161ene trge.<\/span><\/p>\n<p style=\"text-align: justify\"><span style=\"font-family: verdana, geneva, sans-serif\">Dan smo zaklju\u010dili na adventnem sejmu, ki je eden najstarej\u0161ih v Evropi in ohranja svoj sloves \u0161e danes. \u0160tevilne lu\u010dke in ble\u0161\u010de\u010di okraski ter vonj po salzbur\u0161kih specialitetah na \u0161tevilnih bo\u017ei\u010dnih stojnicah so nas spremljali na poti domov. Pre\u017eiveli smo \u010dudovit in nepozaben dan.\u00a0<\/span><\/p>\n<p style=\"text-align: justify\">\n<p style=\"text-align: justify\"><span style=\"font-family: verdana, geneva, sans-serif\">Sergeja Jekl, Karmen Volav\u0161ek in Lidija Oblak, spremljevalne u\u010diteljice<\/span><\/p>\n\n<div uk-grid class=\"uk-child-width-1-3\">\n\n            <div class='uk-text-center'>\n\n            \n            <a href='https:\/\/www.hvu.si\/srednja\/?attachment_id=5337'><img loading=\"lazy\" decoding=\"async\" width=\"150\" height=\"150\" src=\"https:\/\/www.hvu.si\/srednja\/wp-content\/uploads\/sites\/2\/2023\/12\/IMG-b478ff2f2e137c1a5ddd9a8b5b12daf1-V-150x150.jpg\" class=\"attachment-thumbnail size-thumbnail\" alt=\"\" srcset=\"https:\/\/www.hvu.si\/srednja\/wp-content\/uploads\/sites\/2\/2023\/12\/IMG-b478ff2f2e137c1a5ddd9a8b5b12daf1-V-150x150.jpg 150w, https:\/\/www.hvu.si\/srednja\/wp-content\/uploads\/sites\/2\/2023\/12\/IMG-b478ff2f2e137c1a5ddd9a8b5b12daf1-V-300x300.jpg 300w, https:\/\/www.hvu.si\/srednja\/wp-content\/uploads\/sites\/2\/2023\/12\/IMG-b478ff2f2e137c1a5ddd9a8b5b12daf1-V-1024x1024.jpg 1024w, https:\/\/www.hvu.si\/srednja\/wp-content\/uploads\/sites\/2\/2023\/12\/IMG-b478ff2f2e137c1a5ddd9a8b5b12daf1-V-768x768.jpg 768w, https:\/\/www.hvu.si\/srednja\/wp-content\/uploads\/sites\/2\/2023\/12\/IMG-b478ff2f2e137c1a5ddd9a8b5b12daf1-V-1536x1536.jpg 1536w, https:\/\/www.hvu.si\/srednja\/wp-content\/uploads\/sites\/2\/2023\/12\/IMG-b478ff2f2e137c1a5ddd9a8b5b12daf1-V.jpg 1600w\" sizes=\"(max-width: 150px) 100vw, 150px\" \/><\/a>\n            \n        <\/div>\n            <div class='uk-text-center'>\n\n            \n            <a href='https:\/\/www.hvu.si\/srednja\/?attachment_id=5336'><img loading=\"lazy\" decoding=\"async\" width=\"150\" height=\"150\" src=\"https:\/\/www.hvu.si\/srednja\/wp-content\/uploads\/sites\/2\/2023\/12\/20231215_172536-150x150.jpg\" class=\"attachment-thumbnail size-thumbnail\" alt=\"\" srcset=\"https:\/\/www.hvu.si\/srednja\/wp-content\/uploads\/sites\/2\/2023\/12\/20231215_172536-150x150.jpg 150w, https:\/\/www.hvu.si\/srednja\/wp-content\/uploads\/sites\/2\/2023\/12\/20231215_172536-300x300.jpg 300w, https:\/\/www.hvu.si\/srednja\/wp-content\/uploads\/sites\/2\/2023\/12\/20231215_172536-1024x1024.jpg 1024w, https:\/\/www.hvu.si\/srednja\/wp-content\/uploads\/sites\/2\/2023\/12\/20231215_172536-768x768.jpg 768w, https:\/\/www.hvu.si\/srednja\/wp-content\/uploads\/sites\/2\/2023\/12\/20231215_172536-1536x1536.jpg 1536w, https:\/\/www.hvu.si\/srednja\/wp-content\/uploads\/sites\/2\/2023\/12\/20231215_172536-2048x2048.jpg 2048w\" sizes=\"(max-width: 150px) 100vw, 150px\" \/><\/a>\n            \n        <\/div>\n            <div class='uk-text-center'>\n\n            \n            <a href='https:\/\/www.hvu.si\/srednja\/?attachment_id=5335'><img loading=\"lazy\" decoding=\"async\" width=\"150\" height=\"150\" src=\"https:\/\/www.hvu.si\/srednja\/wp-content\/uploads\/sites\/2\/2023\/12\/20231215_172913-150x150.jpg\" class=\"attachment-thumbnail size-thumbnail\" alt=\"\" srcset=\"https:\/\/www.hvu.si\/srednja\/wp-content\/uploads\/sites\/2\/2023\/12\/20231215_172913-150x150.jpg 150w, https:\/\/www.hvu.si\/srednja\/wp-content\/uploads\/sites\/2\/2023\/12\/20231215_172913-300x300.jpg 300w, https:\/\/www.hvu.si\/srednja\/wp-content\/uploads\/sites\/2\/2023\/12\/20231215_172913-1024x1024.jpg 1024w, https:\/\/www.hvu.si\/srednja\/wp-content\/uploads\/sites\/2\/2023\/12\/20231215_172913-768x768.jpg 768w, https:\/\/www.hvu.si\/srednja\/wp-content\/uploads\/sites\/2\/2023\/12\/20231215_172913-1536x1536.jpg 1536w, https:\/\/www.hvu.si\/srednja\/wp-content\/uploads\/sites\/2\/2023\/12\/20231215_172913-2048x2048.jpg 2048w\" sizes=\"(max-width: 150px) 100vw, 150px\" \/><\/a>\n            \n        <\/div>\n    \n<\/div>\n\n<p style=\"text-align: justify\">\n<p>&nbsp;<\/p>\n","protected":false},"excerpt":{"rendered":"<p>V petek, 15.12.2023, smo z dijaki geografsko-turisti\u010dnega kro\u017eka in ostalimi zainteresiranimi obiskali Mozartovo mesto, Salzburg. Najprej smo si ogledali dvorec Mirabell, ki je znan po svojih razko\u0161nih vrtovih. Celoten kompleks z vsemi gospodarskimi poslopji in vrtnimi spomeniki je na Unescovem seznamu svetovne dedi\u0161\u010dine. Dijake je navdu\u0161il obisk Hangarja 7, ki je znan po svoji edinstveni [&hellip;]<\/p>\n","protected":false},"author":6,"featured_media":5334,"comment_status":"closed","ping_status":"open","sticky":false,"template":"","format":"standard","meta":{"footnotes":""},"categories":[4],"tags":[],"class_list":["post-5338","post","type-post","status-publish","format-standard","has-post-thumbnail","hentry","category-obvestila"],"_links":{"self":[{"href":"https:\/\/www.hvu.si\/srednja\/index.php?rest_route=\/wp\/v2\/posts\/5338","targetHints":{"allow":["GET"]}}],"collection":[{"href":"https:\/\/www.hvu.si\/srednja\/index.php?rest_route=\/wp\/v2\/posts"}],"about":[{"href":"https:\/\/www.hvu.si\/srednja\/index.php?rest_route=\/wp\/v2\/types\/post"}],"author":[{"embeddable":true,"href":"https:\/\/www.hvu.si\/srednja\/index.php?rest_route=\/wp\/v2\/users\/6"}],"replies":[{"embeddable":true,"href":"https:\/\/www.hvu.si\/srednja\/index.php?rest_route=%2Fwp%2Fv2%2Fcomments&post=5338"}],"version-history":[{"count":1,"href":"https:\/\/www.hvu.si\/srednja\/index.php?rest_route=\/wp\/v2\/posts\/5338\/revisions"}],"predecessor-version":[{"id":5339,"href":"https:\/\/www.hvu.si\/srednja\/index.php?rest_route=\/wp\/v2\/posts\/5338\/revisions\/5339"}],"wp:featuredmedia":[{"embeddable":true,"href":"https:\/\/www.hvu.si\/srednja\/index.php?rest_route=\/wp\/v2\/media\/5334"}],"wp:attachment":[{"href":"https:\/\/www.hvu.si\/srednja\/index.php?rest_route=%2Fwp%2Fv2%2Fmedia&parent=5338"}],"wp:term":[{"taxonomy":"category","embeddable":true,"href":"https:\/\/www.hvu.si\/srednja\/index.php?rest_route=%2Fwp%2Fv2%2Fcategories&post=5338"},{"taxonomy":"post_tag","embeddable":true,"href":"https:\/\/www.hvu.si\/srednja\/index.php?rest_route=%2Fwp%2Fv2%2Ftags&post=5338"}],"curies":[{"name":"wp","href":"https:\/\/api.w.org\/{rel}","templated":true}]}}