{"id":5326,"date":"2023-12-18T11:13:07","date_gmt":"2023-12-18T10:13:07","guid":{"rendered":"https:\/\/www.hvu.si\/srednja\/?p=5326"},"modified":"2023-12-20T09:13:59","modified_gmt":"2023-12-20T08:13:59","slug":"bozicno-novoletni-koncert","status":"publish","type":"post","link":"https:\/\/www.hvu.si\/srednja\/?p=5326","title":{"rendered":"BO\u017dI\u010cNO NOVOLETNI KONCERT"},"content":{"rendered":"<p><span style=\"font-family: verdana, geneva, sans-serif\"><strong>SPO\u0160TOVANI DIJAKI IN U\u010cITELJI TER OSTALI ZAPOSLENI<\/strong><\/span><\/p>\n<p><span style=\"font-family: verdana, geneva, sans-serif\">Vljudno vas vabimo na <strong>BO\u017dI\u010cNO NOVOLETNI KONCERT<\/strong>, ki bo v <u>petek, 22. decembra 2023<\/u>, v u\u010dilnicah \u00a0<strong>25 in 26.<\/strong><\/span><\/p>\n<p><span style=\"font-family: verdana, geneva, sans-serif\"><strong>Koncert bo izveden v dveh ponovitvah:<\/strong><\/span><\/p>\n<ul>\n<li><span style=\"font-family: verdana, geneva, sans-serif\">med 8. in 9. uro za dijake 3. in 4. letnikov (izjema je 3.CV),<\/span><\/li>\n<li><span style=\"font-family: verdana, geneva, sans-serif\">med 9. in 10. uro za dijake 1. in 2. letnikov ter 3.CV.<\/span><\/li>\n<\/ul>\n<p><span style=\"font-family: verdana, geneva, sans-serif\"><strong>Vzporedno potekajo tudi \u010dajanke v razredih z razredniki: <\/strong><\/span><\/p>\n<ul>\n<li><span style=\"font-family: verdana, geneva, sans-serif\">med 8. in 9. uro za dijake 1. in 2. letnikov ter 3. CV,<\/span><\/li>\n<li><span style=\"font-family: verdana, geneva, sans-serif\">med 9. in 10. uro za dijake 3. in 4. letnikov.<\/span><\/li>\n<\/ul>\n<p><span style=\"font-family: verdana, geneva, sans-serif\">Malica bo ob 10. uri za vse dijake.<\/span><\/p>\n","protected":false},"excerpt":{"rendered":"<p>SPO\u0160TOVANI DIJAKI IN U\u010cITELJI TER OSTALI ZAPOSLENI Vljudno vas vabimo na BO\u017dI\u010cNO NOVOLETNI KONCERT, ki bo v petek, 22. decembra 2023, v u\u010dilnicah \u00a025 in 26. Koncert bo izveden v dveh ponovitvah: med 8. in 9. uro za dijake 3. in 4. letnikov (izjema je 3.CV), med 9. in 10. uro za dijake 1. in [&hellip;]<\/p>\n","protected":false},"author":7,"featured_media":5345,"comment_status":"closed","ping_status":"open","sticky":false,"template":"","format":"standard","meta":{"footnotes":""},"categories":[4],"tags":[],"class_list":["post-5326","post","type-post","status-publish","format-standard","has-post-thumbnail","hentry","category-obvestila"],"_links":{"self":[{"href":"https:\/\/www.hvu.si\/srednja\/index.php?rest_route=\/wp\/v2\/posts\/5326","targetHints":{"allow":["GET"]}}],"collection":[{"href":"https:\/\/www.hvu.si\/srednja\/index.php?rest_route=\/wp\/v2\/posts"}],"about":[{"href":"https:\/\/www.hvu.si\/srednja\/index.php?rest_route=\/wp\/v2\/types\/post"}],"author":[{"embeddable":true,"href":"https:\/\/www.hvu.si\/srednja\/index.php?rest_route=\/wp\/v2\/users\/7"}],"replies":[{"embeddable":true,"href":"https:\/\/www.hvu.si\/srednja\/index.php?rest_route=%2Fwp%2Fv2%2Fcomments&post=5326"}],"version-history":[{"count":3,"href":"https:\/\/www.hvu.si\/srednja\/index.php?rest_route=\/wp\/v2\/posts\/5326\/revisions"}],"predecessor-version":[{"id":5330,"href":"https:\/\/www.hvu.si\/srednja\/index.php?rest_route=\/wp\/v2\/posts\/5326\/revisions\/5330"}],"wp:featuredmedia":[{"embeddable":true,"href":"https:\/\/www.hvu.si\/srednja\/index.php?rest_route=\/wp\/v2\/media\/5345"}],"wp:attachment":[{"href":"https:\/\/www.hvu.si\/srednja\/index.php?rest_route=%2Fwp%2Fv2%2Fmedia&parent=5326"}],"wp:term":[{"taxonomy":"category","embeddable":true,"href":"https:\/\/www.hvu.si\/srednja\/index.php?rest_route=%2Fwp%2Fv2%2Fcategories&post=5326"},{"taxonomy":"post_tag","embeddable":true,"href":"https:\/\/www.hvu.si\/srednja\/index.php?rest_route=%2Fwp%2Fv2%2Ftags&post=5326"}],"curies":[{"name":"wp","href":"https:\/\/api.w.org\/{rel}","templated":true}]}}