{"id":5287,"date":"2023-12-04T16:03:34","date_gmt":"2023-12-04T15:03:34","guid":{"rendered":"https:\/\/www.hvu.si\/srednja\/?p=5287"},"modified":"2023-12-04T16:05:11","modified_gmt":"2023-12-04T15:05:11","slug":"adventni-salzburg","status":"publish","type":"post","link":"https:\/\/www.hvu.si\/srednja\/?p=5287","title":{"rendered":"Adventni Salzburg"},"content":{"rendered":"<p style=\"font-weight: 400;text-align: justify\"><span style=\"font-family: verdana, geneva, sans-serif;font-size: 12pt\">V petek, 15. decembra 2023, bomo v okviru geografsko-turisti\u010dnega kro\u017eka organizirali enodnevni obisk predbo\u017ei\u010dnega Salzburga. Poleg glavnih kulturno-zgodovinskih znamenitosti mesta, si bomo ogledali tudi adventni sejem. Odhod avtobusa izpred \u0161ole bo ob 7. uri zjutraj, povratek pa okoli 22.00. Cena zna\u0161a 55 evrov. \u010clani geografsko-turisti\u010dnega kro\u017eka in tudi ostali dijaki \u0161ole, ki bi vas ekskurzija zanimala, se lahko po program in prijavnico oglasite danes in jutri med glavnim odmorom v zbornici \u0161ole pri profesorici Lidiji Oblak. <\/span><\/p>\n<p style=\"font-weight: 400;text-align: justify\"><span style=\"font-family: verdana, geneva, sans-serif;font-size: 12pt\">Rok prijave bo do petka, 8.12.2023 oz. do zapolnitve mest na avtobusu.<\/span><\/p>\n<p style=\"text-align: justify\"><a href=\"http:\/\/www.hvu.si\/srednja\/wp-content\/uploads\/sites\/2\/2023\/12\/adventni-Salzburg.pdf\" target=\"_blank\" rel=\"noopener\"><span style=\"font-family: verdana, geneva, sans-serif;font-size: 12pt\">Program<\/span><\/a><\/p>\n<p style=\"text-align: justify\"><a href=\"http:\/\/www.hvu.si\/srednja\/wp-content\/uploads\/sites\/2\/2023\/12\/SHVU-PREDPRAZNICNI-SALZBURG-Prijavnica.docx\" target=\"_blank\" rel=\"noopener\"><span style=\"font-family: verdana, geneva, sans-serif;font-size: 12pt\">Prijavnica<\/span><\/a><\/p>\n","protected":false},"excerpt":{"rendered":"<p>V petek, 15. decembra 2023, bomo v okviru geografsko-turisti\u010dnega kro\u017eka organizirali enodnevni obisk predbo\u017ei\u010dnega Salzburga. Poleg glavnih kulturno-zgodovinskih znamenitosti mesta, si bomo ogledali tudi adventni sejem. Odhod avtobusa izpred \u0161ole bo ob 7. uri zjutraj, povratek pa okoli 22.00. Cena zna\u0161a 55 evrov. \u010clani geografsko-turisti\u010dnega kro\u017eka in tudi ostali dijaki \u0161ole, ki bi vas ekskurzija [&hellip;]<\/p>\n","protected":false},"author":6,"featured_media":5289,"comment_status":"closed","ping_status":"open","sticky":false,"template":"","format":"standard","meta":{"footnotes":""},"categories":[4],"tags":[],"class_list":["post-5287","post","type-post","status-publish","format-standard","has-post-thumbnail","hentry","category-obvestila"],"_links":{"self":[{"href":"https:\/\/www.hvu.si\/srednja\/index.php?rest_route=\/wp\/v2\/posts\/5287","targetHints":{"allow":["GET"]}}],"collection":[{"href":"https:\/\/www.hvu.si\/srednja\/index.php?rest_route=\/wp\/v2\/posts"}],"about":[{"href":"https:\/\/www.hvu.si\/srednja\/index.php?rest_route=\/wp\/v2\/types\/post"}],"author":[{"embeddable":true,"href":"https:\/\/www.hvu.si\/srednja\/index.php?rest_route=\/wp\/v2\/users\/6"}],"replies":[{"embeddable":true,"href":"https:\/\/www.hvu.si\/srednja\/index.php?rest_route=%2Fwp%2Fv2%2Fcomments&post=5287"}],"version-history":[{"count":1,"href":"https:\/\/www.hvu.si\/srednja\/index.php?rest_route=\/wp\/v2\/posts\/5287\/revisions"}],"predecessor-version":[{"id":5288,"href":"https:\/\/www.hvu.si\/srednja\/index.php?rest_route=\/wp\/v2\/posts\/5287\/revisions\/5288"}],"wp:featuredmedia":[{"embeddable":true,"href":"https:\/\/www.hvu.si\/srednja\/index.php?rest_route=\/wp\/v2\/media\/5289"}],"wp:attachment":[{"href":"https:\/\/www.hvu.si\/srednja\/index.php?rest_route=%2Fwp%2Fv2%2Fmedia&parent=5287"}],"wp:term":[{"taxonomy":"category","embeddable":true,"href":"https:\/\/www.hvu.si\/srednja\/index.php?rest_route=%2Fwp%2Fv2%2Fcategories&post=5287"},{"taxonomy":"post_tag","embeddable":true,"href":"https:\/\/www.hvu.si\/srednja\/index.php?rest_route=%2Fwp%2Fv2%2Ftags&post=5287"}],"curies":[{"name":"wp","href":"https:\/\/api.w.org\/{rel}","templated":true}]}}