{"id":5081,"date":"2023-09-30T21:00:34","date_gmt":"2023-09-30T19:00:34","guid":{"rendered":"https:\/\/www.hvu.si\/srednja\/?p=5081"},"modified":"2023-09-30T21:00:34","modified_gmt":"2023-09-30T19:00:34","slug":"nacionalno-srecanje-unesco-sol-v-naklem-in-na-bledu","status":"publish","type":"post","link":"https:\/\/www.hvu.si\/srednja\/?p=5081","title":{"rendered":"Nacionalno sre\u010danje Unesco \u0161ol v Naklem in na Bledu"},"content":{"rendered":"<p style=\"font-weight: 400;text-align: justify\"><span style=\"font-family: verdana, geneva, sans-serif\">V sredo, 27. 9. 2023, sta se dijakinji Maja Rezar in Lilu Song iz 2. AT, skupaj s koordinatorico Unesco dejavnosti, Karmen Volav\u0161ek, udele\u017eili nacionalnega sre\u010danja Unesco \u0161ol v Naklem in na Bledu z naslovom <strong>Prelepa Gorenjska<\/strong>. S tem dogodkom smo obele\u017eili Dneve evropske kulturne dedi\u0161\u010dine in Teden kulturne dedi\u0161\u010dine. Gostitelji v Naklem in na Bledu so nam pripravili bogat kulturni program in voden potep z re\u0161evanjem ugank po Bledu do Blejskega jezera. Na koncu smo se posladkali tudi z znamenito blejsko rezino in tako spoznali in okusili snovno in nesnovno kulturno dedi\u0161\u010dino tega slovenskega bisera. Pre\u017eiveli smo kulturno bogat in \u010dudovit poletno-jesenski dan v dru\u017ebi skoraj 400 u\u010dencev, dijakov in u\u010diteljev iz cele Slovenije.<\/span><\/p>\n<p style=\"font-weight: 400\"><span style=\"font-family: verdana, geneva, sans-serif\">Karmen Volav\u0161ek,\u00a0<\/span><span style=\"font-family: verdana, geneva, sans-serif\">koordinatorica Unesco \u0161ole<\/span><\/p>\n\n<div uk-grid class=\"uk-child-width-1-3\">\n\n            <div class='uk-text-center'>\n\n            \n            <a href='https:\/\/www.hvu.si\/srednja\/?attachment_id=5083'><img loading=\"lazy\" decoding=\"async\" width=\"150\" height=\"150\" src=\"https:\/\/www.hvu.si\/srednja\/wp-content\/uploads\/sites\/2\/2023\/09\/Unesco-srecanje_Naklo-150x150.jpg\" class=\"attachment-thumbnail size-thumbnail\" alt=\"\" \/><\/a>\n            \n        <\/div>\n            <div class='uk-text-center'>\n\n            \n            <a href='https:\/\/www.hvu.si\/srednja\/?attachment_id=5084'><img loading=\"lazy\" decoding=\"async\" width=\"150\" height=\"150\" src=\"https:\/\/www.hvu.si\/srednja\/wp-content\/uploads\/sites\/2\/2023\/09\/Unesco_Bled_1-150x150.jpg\" class=\"attachment-thumbnail size-thumbnail\" alt=\"\" \/><\/a>\n            \n        <\/div>\n            <div class='uk-text-center'>\n\n            \n            <a href='https:\/\/www.hvu.si\/srednja\/?attachment_id=5085'><img loading=\"lazy\" decoding=\"async\" width=\"150\" height=\"150\" src=\"https:\/\/www.hvu.si\/srednja\/wp-content\/uploads\/sites\/2\/2023\/09\/Unesco_Bled-150x150.jpg\" class=\"attachment-thumbnail size-thumbnail\" alt=\"\" \/><\/a>\n            \n        <\/div>\n            <div class='uk-text-center'>\n\n            \n            <a href='https:\/\/www.hvu.si\/srednja\/?attachment_id=5086'><img loading=\"lazy\" decoding=\"async\" width=\"150\" height=\"150\" src=\"https:\/\/www.hvu.si\/srednja\/wp-content\/uploads\/sites\/2\/2023\/09\/Unesco_skupinska-150x150.jpg\" class=\"attachment-thumbnail size-thumbnail\" alt=\"\" \/><\/a>\n            \n        <\/div>\n            <div class='uk-text-center'>\n\n            \n            <a href='https:\/\/www.hvu.si\/srednja\/?attachment_id=5087'><img loading=\"lazy\" decoding=\"async\" width=\"150\" height=\"150\" src=\"https:\/\/www.hvu.si\/srednja\/wp-content\/uploads\/sites\/2\/2023\/09\/Unesco-proslava-150x150.jpg\" class=\"attachment-thumbnail size-thumbnail\" alt=\"\" \/><\/a>\n            \n        <\/div>\n            <div class='uk-text-center'>\n\n            \n            <a href='https:\/\/www.hvu.si\/srednja\/?attachment_id=5082'><img loading=\"lazy\" decoding=\"async\" width=\"150\" height=\"150\" src=\"https:\/\/www.hvu.si\/srednja\/wp-content\/uploads\/sites\/2\/2023\/09\/Be-a-rebel--150x150.jpg\" class=\"attachment-thumbnail size-thumbnail\" alt=\"\" \/><\/a>\n            \n        <\/div>\n    \n<\/div>\n\n","protected":false},"excerpt":{"rendered":"<p>V sredo, 27. 9. 2023, sta se dijakinji Maja Rezar in Lilu Song iz 2. AT, skupaj s koordinatorico Unesco dejavnosti, Karmen Volav\u0161ek, udele\u017eili nacionalnega sre\u010danja Unesco \u0161ol v Naklem in na Bledu z naslovom Prelepa Gorenjska. S tem dogodkom smo obele\u017eili Dneve evropske kulturne dedi\u0161\u010dine in Teden kulturne dedi\u0161\u010dine. Gostitelji v Naklem in na [&hellip;]<\/p>\n","protected":false},"author":6,"featured_media":5086,"comment_status":"closed","ping_status":"open","sticky":false,"template":"","format":"standard","meta":{"footnotes":""},"categories":[4],"tags":[],"class_list":["post-5081","post","type-post","status-publish","format-standard","has-post-thumbnail","hentry","category-obvestila"],"_links":{"self":[{"href":"https:\/\/www.hvu.si\/srednja\/index.php?rest_route=\/wp\/v2\/posts\/5081","targetHints":{"allow":["GET"]}}],"collection":[{"href":"https:\/\/www.hvu.si\/srednja\/index.php?rest_route=\/wp\/v2\/posts"}],"about":[{"href":"https:\/\/www.hvu.si\/srednja\/index.php?rest_route=\/wp\/v2\/types\/post"}],"author":[{"embeddable":true,"href":"https:\/\/www.hvu.si\/srednja\/index.php?rest_route=\/wp\/v2\/users\/6"}],"replies":[{"embeddable":true,"href":"https:\/\/www.hvu.si\/srednja\/index.php?rest_route=%2Fwp%2Fv2%2Fcomments&post=5081"}],"version-history":[{"count":1,"href":"https:\/\/www.hvu.si\/srednja\/index.php?rest_route=\/wp\/v2\/posts\/5081\/revisions"}],"predecessor-version":[{"id":5088,"href":"https:\/\/www.hvu.si\/srednja\/index.php?rest_route=\/wp\/v2\/posts\/5081\/revisions\/5088"}],"wp:featuredmedia":[{"embeddable":true,"href":"https:\/\/www.hvu.si\/srednja\/index.php?rest_route=\/wp\/v2\/media\/5086"}],"wp:attachment":[{"href":"https:\/\/www.hvu.si\/srednja\/index.php?rest_route=%2Fwp%2Fv2%2Fmedia&parent=5081"}],"wp:term":[{"taxonomy":"category","embeddable":true,"href":"https:\/\/www.hvu.si\/srednja\/index.php?rest_route=%2Fwp%2Fv2%2Fcategories&post=5081"},{"taxonomy":"post_tag","embeddable":true,"href":"https:\/\/www.hvu.si\/srednja\/index.php?rest_route=%2Fwp%2Fv2%2Ftags&post=5081"}],"curies":[{"name":"wp","href":"https:\/\/api.w.org\/{rel}","templated":true}]}}