{"id":4939,"date":"2023-08-31T15:21:58","date_gmt":"2023-08-31T13:21:58","guid":{"rendered":"https:\/\/www.hvu.si\/srednja\/?p=4939"},"modified":"2023-08-31T15:25:42","modified_gmt":"2023-08-31T13:25:42","slug":"misli-ravnateljice-za-prvi-solski-dan","status":"publish","type":"post","link":"https:\/\/www.hvu.si\/srednja\/?p=4939","title":{"rendered":"Misli ravnateljice za prvi \u0161olski dan"},"content":{"rendered":"<p style=\"text-align: justify\"><span style=\"font-family: verdana, geneva, sans-serif\"><strong>Na pragu novega \u0161olskega leta 2023\/24 \u2026 <\/strong><\/span><\/p>\n<p style=\"text-align: justify\"><span style=\"font-family: verdana, geneva, sans-serif\">Na pragu novega \u0161olskega leta smo, ko ste nekateri dijaki prvi\u010d prestopili prag na\u0161e \u0161ole, medtem, ko ste jo dijaki vi\u0161jih letnikov \u017ee vzeli za svoj drugi dom. Veseli smo, da ste postali na\u0161i dijaki in dijakinje. Tako vsi skupaj predstavljate mavrico poklicev in sicer: aran\u017eerski tehnik, fotografski tehnik, cvetli\u010dar, vrtnar in hortikulturni tehnik.<\/span><\/p>\n<p style=\"text-align: justify\"><span style=\"font-family: verdana, geneva, sans-serif\">Prihajate iz vseh koncev Slovenije, najve\u010d pa iz Savinjske regije. Zato je prav zanimivo poslu\u0161ati va\u0161e dialekte in opazovati razli\u010dne kulturne navade. Da se bomo na \u0161oli vsi skupaj \u2013 dijaki, dijakinje, u\u010ditelji, u\u010diteljice in ostali zaposleni, kar najbolje razumeli, je prav, da se dr\u017eimo dogovorjenega hi\u0161nega reda, ki vam ga bodo predstavili va\u0161i razredniki.<\/span><\/p>\n<p style=\"text-align: justify\"><span style=\"font-family: verdana, geneva, sans-serif\">V \u010dasu po\u010ditnic nam je uspelo obnoviti preostanek sanitarij v \u0161oli, postaviti novo mobilno steno v u\u010dilnici 26, urediti in opremiti dve novi u\u010dilnici, urediti in opremiti pogovorno sobo\u00a0 za dijake s pripadajo\u010dim kabinetom, ter prepleskati del \u0161olskih prostorov. V fazi obnove je \u0161olsko ko\u0161arkarsko igri\u0161\u010de, obnova ozvo\u010denja, nabava razli\u010dnih strojev in naprav za podro\u010dje hortikulture ter rekonstrukcija \u0161olskega plastenjaka z vidika avtomatskega sen\u010denja in zra\u010denja.<\/span><\/p>\n<p style=\"text-align: justify\"><span style=\"font-family: verdana, geneva, sans-serif\">Pouk bo potekal v mati\u010dnih u\u010dilnicah, razen strokovnih predmetov, kjer bo pouk potekal v zato namenjenih u\u010dnih prostorih. Malica bo potekala na obi\u010dajen na\u010din, vendar poskrbite za maksimalno higieno, kot ste je bili vajeni lansko \u0161olsko leto. Prve letnike bodo seznanile razredni\u010darke. Zaradi vsega tega pri\u010dakujem od vas spo\u0161tovani dijaki in dijakinje odgovoren odnos do \u0161olske imovine in dosledno upo\u0161tevanje pravil hi\u0161nega reda na\u0161e \u0161ole.<\/span><\/p>\n<p style=\"text-align: justify\"><span style=\"font-family: verdana, geneva, sans-serif\">Na \u0161olo ste pri\u0161li po znanje, spretnosti in ve\u0161\u010dine, kar je za nas u\u010ditelje in u\u010diteljice velika zaveza. Potrudili se bomo, da bomo kar v najve\u010dji meri opravi\u010dili va\u0161e zaupanje.<\/span><\/p>\n<p style=\"text-align: justify\"><span style=\"font-family: verdana, geneva, sans-serif\">Tudi kadrovsko smo se nekoliko okrepili, tako smo na novo zaposlili u\u010ditelje na podro\u010djih:<\/span><\/p>\n<ul style=\"text-align: justify\">\n<li><span style=\"font-family: verdana, geneva, sans-serif\">matematike, kemije,<\/span><\/li>\n<li><span style=\"font-family: verdana, geneva, sans-serif\">sloven\u0161\u010dine, zgodovine in<\/span><\/li>\n<li><span style=\"font-family: verdana, geneva, sans-serif\">fotografije.<\/span><\/li>\n<\/ul>\n<p style=\"text-align: justify\"><span style=\"font-family: verdana, geneva, sans-serif\">V leto\u0161njem \u0161olskem letu nadaljujemo z kro\u017eki, ki bodo vsak 2. in 4. torek v mesecu oz. po dogovoru z u\u010diteljem \u2013 mentorjem. Dijaki se boste lahko vpisali v posamezne kro\u017eke, ki vas zanimajo. Dijaki, ki boste obiskovali kro\u017eke, se vam bodo lahko ure upo\u0161tevale pri interesnih dejavnostih.<\/span><\/p>\n<p style=\"text-align: justify\"><span style=\"font-family: verdana, geneva, sans-serif\">Pred vami vsemi je torej nov cilj v \u017eivljenju, pot, po kateri boste stopali, ste si izbrali sami. Ste dijaki in dijakinje \u0161ole, ki vam bo poleg u\u010denja nudila veliko mo\u017enosti, biti to, kar ste.<\/span><\/p>\n<p style=\"text-align: justify\"><span style=\"font-family: verdana, geneva, sans-serif\">Da bo ta pot la\u017eja, imate ob sebi razrednike, u\u010ditelje in u\u010diteljice ter svetovalno delavko, ki vas bodo usmerjali in stali ob strani na va\u0161i poti do cilja. Tudi moja vrata so za vas vedno na \u0161iroko odprta.<\/span><\/p>\n<p style=\"text-align: justify\"><span style=\"font-family: verdana, geneva, sans-serif\">Ozrite se naokoli in kmalu boste spoznali sorodno du\u0161o, ki bo postal\/a va\u0161 novi prijatelj, prijateljica \u2026 ali pa ta \u017ee obstaja in se potrudite, da obdr\u017eite prijateljstvo.<\/span><\/p>\n<p style=\"text-align: justify\"><span style=\"font-family: verdana, geneva, sans-serif\">\u017delim vam uspe\u0161en za\u010detek novega \u0161olskega leta ter varno pot v \u0161olo in nazaj domov.<\/span><\/p>\n<p style=\"text-align: justify\"><span style=\"font-family: verdana, geneva, sans-serif\"><strong>Spo\u0161tovani kolegi u\u010ditelji in u\u010diteljice: <\/strong><\/span><\/p>\n<p style=\"text-align: justify\"><span style=\"font-family: verdana, geneva, sans-serif\"><strong>\u00a0<\/strong><\/span><span style=\"font-family: verdana, geneva, sans-serif\">Tudi vam \u017eelim uspe\u0161en za\u010detek novega \u0161olskega leta.<\/span><\/p>\n<p style=\"text-align: justify\"><span style=\"font-family: verdana, geneva, sans-serif;color: #800000\"><em>Dragi dijak, draga dijakinja \u2026 <\/em><\/span><\/p>\n<p style=\"text-align: justify\"><span style=\"font-family: verdana, geneva, sans-serif;color: #800000\"><em>Vlak \u017ee pelje \u2026 hitro stopi v prvi vagon, tam najde\u0161 svoje so\u0161olce \u2026<\/em><\/span><\/p>\n<p style=\"text-align: justify\"><span style=\"font-family: verdana, geneva, sans-serif;color: #000000\"><em><span style=\"color: #800000\">Labirint ustvarjanja \u010daka nate \u2026 postani ustvarjalec in sooblikovalec \u0161olskega parka in hodnika \u0160ole za hortikulturo in vizualne umetnosti Celje tudi ti \u2026<\/span> <\/em><\/span><\/p>\n<p style=\"text-align: justify\"><span style=\"font-family: verdana, geneva, sans-serif\">\u0160tefanija Kos Zidar, ravnateljica<\/span><\/p>\n<p style=\"text-align: justify\">\n","protected":false},"excerpt":{"rendered":"<p>Na pragu novega \u0161olskega leta 2023\/24 \u2026 Na pragu novega \u0161olskega leta smo, ko ste nekateri dijaki prvi\u010d prestopili prag na\u0161e \u0161ole, medtem, ko ste jo dijaki vi\u0161jih letnikov \u017ee vzeli za svoj drugi dom. Veseli smo, da ste postali na\u0161i dijaki in dijakinje. Tako vsi skupaj predstavljate mavrico poklicev in sicer: aran\u017eerski tehnik, fotografski [&hellip;]<\/p>\n","protected":false},"author":7,"featured_media":0,"comment_status":"closed","ping_status":"open","sticky":false,"template":"","format":"standard","meta":{"footnotes":""},"categories":[4],"tags":[],"class_list":["post-4939","post","type-post","status-publish","format-standard","hentry","category-obvestila"],"_links":{"self":[{"href":"https:\/\/www.hvu.si\/srednja\/index.php?rest_route=\/wp\/v2\/posts\/4939","targetHints":{"allow":["GET"]}}],"collection":[{"href":"https:\/\/www.hvu.si\/srednja\/index.php?rest_route=\/wp\/v2\/posts"}],"about":[{"href":"https:\/\/www.hvu.si\/srednja\/index.php?rest_route=\/wp\/v2\/types\/post"}],"author":[{"embeddable":true,"href":"https:\/\/www.hvu.si\/srednja\/index.php?rest_route=\/wp\/v2\/users\/7"}],"replies":[{"embeddable":true,"href":"https:\/\/www.hvu.si\/srednja\/index.php?rest_route=%2Fwp%2Fv2%2Fcomments&post=4939"}],"version-history":[{"count":2,"href":"https:\/\/www.hvu.si\/srednja\/index.php?rest_route=\/wp\/v2\/posts\/4939\/revisions"}],"predecessor-version":[{"id":4941,"href":"https:\/\/www.hvu.si\/srednja\/index.php?rest_route=\/wp\/v2\/posts\/4939\/revisions\/4941"}],"wp:attachment":[{"href":"https:\/\/www.hvu.si\/srednja\/index.php?rest_route=%2Fwp%2Fv2%2Fmedia&parent=4939"}],"wp:term":[{"taxonomy":"category","embeddable":true,"href":"https:\/\/www.hvu.si\/srednja\/index.php?rest_route=%2Fwp%2Fv2%2Fcategories&post=4939"},{"taxonomy":"post_tag","embeddable":true,"href":"https:\/\/www.hvu.si\/srednja\/index.php?rest_route=%2Fwp%2Fv2%2Ftags&post=4939"}],"curies":[{"name":"wp","href":"https:\/\/api.w.org\/{rel}","templated":true}]}}