{"id":4657,"date":"2023-05-16T12:25:04","date_gmt":"2023-05-16T10:25:04","guid":{"rendered":"https:\/\/www.hvu.si\/srednja\/?p=4657"},"modified":"2023-05-16T12:25:28","modified_gmt":"2023-05-16T10:25:28","slug":"mediji-in-dan-spargljev","status":"publish","type":"post","link":"https:\/\/www.hvu.si\/srednja\/?p=4657","title":{"rendered":"Mediji o Dnevu \u0161pargljev"},"content":{"rendered":"<p><span class=\"x193iq5w xeuugli x13faqbe x1vvkbs x1xmvt09 x1lliihq x1s928wv xhkezso x1gmr53x x1cpjm7i x1fgarty x1943h6x xudqn12 x3x7a5m x6prxxf xvq8zen xo1l8bm xzsf02u x1yc453h\" dir=\"auto\" style=\"font-family: verdana, geneva, sans-serif\">\u0160ola za hortikulturo in vizualne umetnosti Celje je v sredo 10. maja, pripravila \u017ee 23. Dan \u0161pargljev. Ob tem smo pripravili zanimiva in pou\u010dna predavanja, nato pa smo si vsi skupaj ogledali novi \u0161olski nasad \u0161pargljev in demonstracijo pobiranja \u0161pargljev. V \u0161olski kuhinji so medtem pripravili okusne jedi iz te zelo cenjene in okusne zelenjave, vse to pa smo seveda lahko tudi poskusili in ugotovili, kako zelo okusno je.<\/span><\/p>\n<p><a href=\"https:\/\/www.facebook.com\/TelevizijaCelje\/videos\/1426976631473726\"><span style=\"font-family: verdana, geneva, sans-serif\">Oddaja na TV Celje<\/span><\/a><\/p>\n<p><a href=\"https:\/\/www.facebook.com\/koroskaregionalnatelevizija\/videos\/196050779975551\"><span style=\"font-family: verdana, geneva, sans-serif\">Koro\u0161ka regionalna televizija<\/span><\/a><\/p>\n","protected":false},"excerpt":{"rendered":"<p>\u0160ola za hortikulturo in vizualne umetnosti Celje je v sredo 10. maja, pripravila \u017ee 23. Dan \u0161pargljev. Ob tem smo pripravili zanimiva in pou\u010dna predavanja, nato pa smo si vsi skupaj ogledali novi \u0161olski nasad \u0161pargljev in demonstracijo pobiranja \u0161pargljev. V \u0161olski kuhinji so medtem pripravili okusne jedi iz te zelo cenjene in okusne zelenjave, [&hellip;]<\/p>\n","protected":false},"author":7,"featured_media":4658,"comment_status":"closed","ping_status":"open","sticky":false,"template":"","format":"standard","meta":{"footnotes":""},"categories":[4],"tags":[],"class_list":["post-4657","post","type-post","status-publish","format-standard","has-post-thumbnail","hentry","category-obvestila"],"_links":{"self":[{"href":"https:\/\/www.hvu.si\/srednja\/index.php?rest_route=\/wp\/v2\/posts\/4657","targetHints":{"allow":["GET"]}}],"collection":[{"href":"https:\/\/www.hvu.si\/srednja\/index.php?rest_route=\/wp\/v2\/posts"}],"about":[{"href":"https:\/\/www.hvu.si\/srednja\/index.php?rest_route=\/wp\/v2\/types\/post"}],"author":[{"embeddable":true,"href":"https:\/\/www.hvu.si\/srednja\/index.php?rest_route=\/wp\/v2\/users\/7"}],"replies":[{"embeddable":true,"href":"https:\/\/www.hvu.si\/srednja\/index.php?rest_route=%2Fwp%2Fv2%2Fcomments&post=4657"}],"version-history":[{"count":2,"href":"https:\/\/www.hvu.si\/srednja\/index.php?rest_route=\/wp\/v2\/posts\/4657\/revisions"}],"predecessor-version":[{"id":4660,"href":"https:\/\/www.hvu.si\/srednja\/index.php?rest_route=\/wp\/v2\/posts\/4657\/revisions\/4660"}],"wp:featuredmedia":[{"embeddable":true,"href":"https:\/\/www.hvu.si\/srednja\/index.php?rest_route=\/wp\/v2\/media\/4658"}],"wp:attachment":[{"href":"https:\/\/www.hvu.si\/srednja\/index.php?rest_route=%2Fwp%2Fv2%2Fmedia&parent=4657"}],"wp:term":[{"taxonomy":"category","embeddable":true,"href":"https:\/\/www.hvu.si\/srednja\/index.php?rest_route=%2Fwp%2Fv2%2Fcategories&post=4657"},{"taxonomy":"post_tag","embeddable":true,"href":"https:\/\/www.hvu.si\/srednja\/index.php?rest_route=%2Fwp%2Fv2%2Ftags&post=4657"}],"curies":[{"name":"wp","href":"https:\/\/api.w.org\/{rel}","templated":true}]}}