{"id":4599,"date":"2023-05-08T10:16:52","date_gmt":"2023-05-08T08:16:52","guid":{"rendered":"https:\/\/www.hvu.si\/srednja\/?p=4599"},"modified":"2023-05-23T12:48:39","modified_gmt":"2023-05-23T10:48:39","slug":"glasba-v-vrtu","status":"publish","type":"post","link":"https:\/\/www.hvu.si\/srednja\/?p=4599","title":{"rendered":"Glasba v vrtu"},"content":{"rendered":"<p><span style=\"font-family: verdana, geneva, sans-serif\">V petek 2. junija\u00a0 od 9. 00 do 13. 00 bo na \u0160oli za hortikulturo in vizualne umetnosti Celje v okviru dogodka GLASBA V VRTU\u00a0 delavnica na temo <strong>Drevo, kaj nam ponuja\u0161?<\/strong><\/span><\/p>\n<p><span style=\"font-family: verdana, geneva, sans-serif\">Osnovno\u0161olci prisr\u010dno vabljeni na delavnico v \u0161olski park z dolgoletno tradicijo in\u00a0 s \u0161tevilnimi posebnimi rastlinami. Spoznavali boste drevesa skozi fotografski objektiv. V parku pa je tudi nekaj fosilnih dreves, katerih zgodovina je zanimiva in pou\u010dna. Pi\u0161 vetra, petje ptic in \u0161umenje lista na drevesih vas bo spremljalo na sprehodu po parku.<\/span><\/p>\n<p><span style=\"font-family: verdana, geneva, sans-serif\">Prijave na delavnico sprejemata <a href=\"mailto:romana.spes@hvu.si\">romana.spes@hvu.si<\/a> in <a href=\"mailto:danica.korosec@hvu.si\">danica.korosec@hvu.si<\/a><\/span><\/p>\n<p><a href=\"https:\/\/www.arboretum.si\/arboretum\/dobimo-se-na-vrtovih-2023\/\"><span style=\"font-family: verdana, geneva, sans-serif\">Spletna stran Arboretuma\u00a0<\/span> <\/a><\/p>\n","protected":false},"excerpt":{"rendered":"<p>V petek 2. junija\u00a0 od 9. 00 do 13. 00 bo na \u0160oli za hortikulturo in vizualne umetnosti Celje v okviru dogodka GLASBA V VRTU\u00a0 delavnica na temo Drevo, kaj nam ponuja\u0161? Osnovno\u0161olci prisr\u010dno vabljeni na delavnico v \u0161olski park z dolgoletno tradicijo in\u00a0 s \u0161tevilnimi posebnimi rastlinami. Spoznavali boste drevesa skozi fotografski objektiv. V [&hellip;]<\/p>\n","protected":false},"author":7,"featured_media":4613,"comment_status":"closed","ping_status":"open","sticky":false,"template":"","format":"standard","meta":{"footnotes":""},"categories":[16],"tags":[],"class_list":["post-4599","post","type-post","status-publish","format-standard","has-post-thumbnail","hentry","category-obvestila-os"],"_links":{"self":[{"href":"https:\/\/www.hvu.si\/srednja\/index.php?rest_route=\/wp\/v2\/posts\/4599","targetHints":{"allow":["GET"]}}],"collection":[{"href":"https:\/\/www.hvu.si\/srednja\/index.php?rest_route=\/wp\/v2\/posts"}],"about":[{"href":"https:\/\/www.hvu.si\/srednja\/index.php?rest_route=\/wp\/v2\/types\/post"}],"author":[{"embeddable":true,"href":"https:\/\/www.hvu.si\/srednja\/index.php?rest_route=\/wp\/v2\/users\/7"}],"replies":[{"embeddable":true,"href":"https:\/\/www.hvu.si\/srednja\/index.php?rest_route=%2Fwp%2Fv2%2Fcomments&post=4599"}],"version-history":[{"count":3,"href":"https:\/\/www.hvu.si\/srednja\/index.php?rest_route=\/wp\/v2\/posts\/4599\/revisions"}],"predecessor-version":[{"id":4615,"href":"https:\/\/www.hvu.si\/srednja\/index.php?rest_route=\/wp\/v2\/posts\/4599\/revisions\/4615"}],"wp:featuredmedia":[{"embeddable":true,"href":"https:\/\/www.hvu.si\/srednja\/index.php?rest_route=\/wp\/v2\/media\/4613"}],"wp:attachment":[{"href":"https:\/\/www.hvu.si\/srednja\/index.php?rest_route=%2Fwp%2Fv2%2Fmedia&parent=4599"}],"wp:term":[{"taxonomy":"category","embeddable":true,"href":"https:\/\/www.hvu.si\/srednja\/index.php?rest_route=%2Fwp%2Fv2%2Fcategories&post=4599"},{"taxonomy":"post_tag","embeddable":true,"href":"https:\/\/www.hvu.si\/srednja\/index.php?rest_route=%2Fwp%2Fv2%2Ftags&post=4599"}],"curies":[{"name":"wp","href":"https:\/\/api.w.org\/{rel}","templated":true}]}}