{"id":4587,"date":"2023-05-07T08:38:14","date_gmt":"2023-05-07T06:38:14","guid":{"rendered":"https:\/\/www.hvu.si\/srednja\/?p=4587"},"modified":"2023-05-07T09:07:42","modified_gmt":"2023-05-07T07:07:42","slug":"cvetlicarsko-tekmovanje-v-velenju","status":"publish","type":"post","link":"https:\/\/www.hvu.si\/srednja\/?p=4587","title":{"rendered":"Cvetli\u010darsko tekmovanje v Velenju"},"content":{"rendered":"<p style=\"text-align: justify\"><span style=\"font-family: verdana, geneva, sans-serif\">V Velenju se je v soboto 6. 5. 2023 odvijalo cvetli\u010darsko tekmovanje na cvetli\u010dnem sejmu katerega se je udele\u017eila tudi na\u0161a \u0161ola in sicer dve tekmovalki Lara Gjergjek 2.C ter Eva Jan 2.C s pomo\u010dnico Majo Hren 2.C, pod mentorstvom Ane Soto\u0161ek. Vsak tekmovalec je dobil na razpolago posodo, cvetli\u010darke gobe in cvetje. Tekmovanje je bilo bolj spro\u0161\u010deno od ostalih tekmovanj, saj ni bilo strogega ocenjevanja in stroge omejitve s \u010dasom. Na koncu so vsi tekmovalci dobili nagrade, saj je bil cilj tekmovanja narediti lepe aran\u017emaje za dra\u017ebo ,ki so jo organizirali na sejmu. Na\u0161e dijakinje so zelo u\u017eivale ter ustvarile lepe izdelke.<\/span><\/p>\n\n\n    <div id=\"wk-grid8da\" class=\"uk-child-width-1-1 uk-child-width-1-1@s uk-child-width-1-2@m uk-child-width-1-2@l uk-child-width-1-2@xl uk-grid-match \" uk-height-match=\"target: &gt; div &gt; .uk-panel, &gt; div &gt; .uk-card; row: true\" uk-grid  uk-lightbox=\"container: .uk-gallery-container; toggle: a[data-js-lightbox]\">\n\n            \n        <div>\n        \n<div class=\"uk-panel\">\n\n    \n        <div class=\"uk-inline-clip uk-transition-toggle \">\n\n            <img decoding=\"async\" src=\"\/srednja\/wp-content\/uploads\/sites\/2\/2023\/05\/342615315_207770522033914_9061241667039817117_n.jpg\" class=\"uk-transition-scale-up uk-transition-opaque\">\n            \n                        <div class=\"uk-overlay uk-overlay-primary uk-position-cover uk-transition-fade\"><\/div>\n            \n                            <div class=\"uk-position-center uk-light\">\n                    <span class=\"uk-transition-fade\" uk-overlay-icon><\/span>\n                <\/div>\n            \n                                                                        <a class=\"uk-position-cover\" data-js-lightbox href=\"\/srednja\/wp-content\/uploads\/sites\/2\/2023\/05\/342615315_207770522033914_9061241667039817117_n.jpg\" data-type=\"image\" ><\/a>\n                                                \n        <\/div>\n\n    \n    \n        \n        \n    \n    \n<\/div>\n        <\/div>\n\n                    \n        <div>\n        \n<div class=\"uk-panel\">\n\n    \n        <div class=\"uk-inline-clip uk-transition-toggle \">\n\n            <img decoding=\"async\" src=\"\/srednja\/wp-content\/uploads\/sites\/2\/2023\/05\/342565029_260657176327653_818609859728474062_n.jpg\" class=\"uk-transition-scale-up uk-transition-opaque\">\n            \n                        <div class=\"uk-overlay uk-overlay-primary uk-position-cover uk-transition-fade\"><\/div>\n            \n                            <div class=\"uk-position-center uk-light\">\n                    <span class=\"uk-transition-fade\" uk-overlay-icon><\/span>\n                <\/div>\n            \n                                                                        <a class=\"uk-position-cover\" data-js-lightbox href=\"\/srednja\/wp-content\/uploads\/sites\/2\/2023\/05\/342565029_260657176327653_818609859728474062_n.jpg\" data-type=\"image\" ><\/a>\n                                                \n        <\/div>\n\n    \n    \n        \n        \n    \n    \n<\/div>\n        <\/div>\n\n                    \n        <div>\n        \n<div class=\"uk-panel\">\n\n    \n        <div class=\"uk-inline-clip uk-transition-toggle \">\n\n            <img decoding=\"async\" src=\"\/srednja\/wp-content\/uploads\/sites\/2\/2023\/05\/342633626_3710396519193649_8594524633311886125_n.jpg\" class=\"uk-transition-scale-up uk-transition-opaque\">\n            \n                        <div class=\"uk-overlay uk-overlay-primary uk-position-cover uk-transition-fade\"><\/div>\n            \n                            <div class=\"uk-position-center uk-light\">\n                    <span class=\"uk-transition-fade\" uk-overlay-icon><\/span>\n                <\/div>\n            \n                                                                        <a class=\"uk-position-cover\" data-js-lightbox href=\"\/srednja\/wp-content\/uploads\/sites\/2\/2023\/05\/342633626_3710396519193649_8594524633311886125_n.jpg\" data-type=\"image\" ><\/a>\n                                                \n        <\/div>\n\n    \n    \n        \n        \n    \n    \n<\/div>\n        <\/div>\n\n                    \n        <div>\n        \n<div class=\"uk-panel\">\n\n    \n        <div class=\"uk-inline-clip uk-transition-toggle \">\n\n            <img decoding=\"async\" src=\"\/srednja\/wp-content\/uploads\/sites\/2\/2023\/05\/345204036_1607602039725554_1332633615546566336_n.jpg\" class=\"uk-transition-scale-up uk-transition-opaque\">\n            \n                        <div class=\"uk-overlay uk-overlay-primary uk-position-cover uk-transition-fade\"><\/div>\n            \n                            <div class=\"uk-position-center uk-light\">\n                    <span class=\"uk-transition-fade\" uk-overlay-icon><\/span>\n                <\/div>\n            \n                                                                        <a class=\"uk-position-cover\" data-js-lightbox href=\"\/srednja\/wp-content\/uploads\/sites\/2\/2023\/05\/345204036_1607602039725554_1332633615546566336_n.jpg\" data-type=\"image\" ><\/a>\n                                                \n        <\/div>\n\n    \n    \n        \n        \n    \n    \n<\/div>\n        <\/div>\n\n            \n    <\/div>\n\n\n\n<script>\n\n    (function(UIkit){\n\n        var $ = UIkit.util;\n\n        $.ready(function () {\n            if (!$.$('.uk-gallery-container')) {\n                $.append(document.body, '<div class=\"uk-scope uk-gallery-container\">');\n            }\n        });\n\n    })(window.UIkitwk || window.UIkit);\n\n<\/script>\n\n","protected":false},"excerpt":{"rendered":"<p>V Velenju se je v soboto 6. 5. 2023 odvijalo cvetli\u010darsko tekmovanje na cvetli\u010dnem sejmu katerega se je udele\u017eila tudi na\u0161a \u0161ola in sicer dve tekmovalki Lara Gjergjek 2.C ter Eva Jan 2.C s pomo\u010dnico Majo Hren 2.C, pod mentorstvom Ane Soto\u0161ek. Vsak tekmovalec je dobil na razpolago posodo, cvetli\u010darke gobe in cvetje. Tekmovanje je [&hellip;]<\/p>\n","protected":false},"author":7,"featured_media":4588,"comment_status":"closed","ping_status":"open","sticky":false,"template":"","format":"standard","meta":{"footnotes":""},"categories":[4],"tags":[],"class_list":["post-4587","post","type-post","status-publish","format-standard","has-post-thumbnail","hentry","category-obvestila"],"_links":{"self":[{"href":"https:\/\/www.hvu.si\/srednja\/index.php?rest_route=\/wp\/v2\/posts\/4587","targetHints":{"allow":["GET"]}}],"collection":[{"href":"https:\/\/www.hvu.si\/srednja\/index.php?rest_route=\/wp\/v2\/posts"}],"about":[{"href":"https:\/\/www.hvu.si\/srednja\/index.php?rest_route=\/wp\/v2\/types\/post"}],"author":[{"embeddable":true,"href":"https:\/\/www.hvu.si\/srednja\/index.php?rest_route=\/wp\/v2\/users\/7"}],"replies":[{"embeddable":true,"href":"https:\/\/www.hvu.si\/srednja\/index.php?rest_route=%2Fwp%2Fv2%2Fcomments&post=4587"}],"version-history":[{"count":2,"href":"https:\/\/www.hvu.si\/srednja\/index.php?rest_route=\/wp\/v2\/posts\/4587\/revisions"}],"predecessor-version":[{"id":4594,"href":"https:\/\/www.hvu.si\/srednja\/index.php?rest_route=\/wp\/v2\/posts\/4587\/revisions\/4594"}],"wp:featuredmedia":[{"embeddable":true,"href":"https:\/\/www.hvu.si\/srednja\/index.php?rest_route=\/wp\/v2\/media\/4588"}],"wp:attachment":[{"href":"https:\/\/www.hvu.si\/srednja\/index.php?rest_route=%2Fwp%2Fv2%2Fmedia&parent=4587"}],"wp:term":[{"taxonomy":"category","embeddable":true,"href":"https:\/\/www.hvu.si\/srednja\/index.php?rest_route=%2Fwp%2Fv2%2Fcategories&post=4587"},{"taxonomy":"post_tag","embeddable":true,"href":"https:\/\/www.hvu.si\/srednja\/index.php?rest_route=%2Fwp%2Fv2%2Ftags&post=4587"}],"curies":[{"name":"wp","href":"https:\/\/api.w.org\/{rel}","templated":true}]}}