{"id":4494,"date":"2023-04-10T09:39:55","date_gmt":"2023-04-10T07:39:55","guid":{"rendered":"https:\/\/www.hvu.si\/srednja\/?p=4494"},"modified":"2023-04-10T09:39:55","modified_gmt":"2023-04-10T07:39:55","slug":"plitvice-in-kvarner","status":"publish","type":"post","link":"https:\/\/www.hvu.si\/srednja\/?p=4494","title":{"rendered":"Plitvice in Kvarner"},"content":{"rendered":"<p style=\"text-align: justify\"><span style=\"font-family: verdana, geneva, sans-serif\">V petek, 12. maja, in v soboto, 13. maja, bomo v okviru geografsko-turisti\u010dnega kro\u017eka organizirali dvodnevno strokovno ekskurzijo.<\/span><\/p>\n<p style=\"text-align: justify\"><span style=\"font-family: verdana, geneva, sans-serif\">Odhod avtobusa izpred \u0161ole bo v petek, ob 6. uri zjutraj. Prvi dan si bomo ogledali Nacionalni park Plitvi\u010dka jezera, nato nas bo pot vodila preko Velebita do morja, kjer se bomo nastanili v hotelu in u\u017eivali popoldne na pla\u017ei. Drugi dan si bomo ogledali mesto Krk na otoku Krk in se zapeljali do Ba\u0161ke ter spoznali skrivnost ba\u0161kih plo\u0161\u010d. Od tam naprej bomo pot nadaljevali proti Reki. Po ogledu Reke bomo od\u0161li \u0161e na bli\u017enji Trsat, kjer bomo ujeli prekrasen pogled na Kvarner v son\u010dnem zahodu. Sledila bo vo\u017enja proti domu. Predviden prihod v Celje bo okoli 22. ure. Cena ekskurzije zna\u0161a 139 evrov.<\/span><\/p>\n<p style=\"text-align: justify\"><span style=\"font-family: verdana, geneva, sans-serif\">Vse zainteresirane dijake, tako \u010dlane geografsko-turisti\u010dnega kro\u017eka kot tudi ostale, vabimo, da program in prijavnice prevzamete danes med glavnim odmorom pri profesorici Lidiji Oblak. Rok prijave je do srede, 12. aprila 2023. Izpolnjene prijavnice oddajte profesorici Karmen Volav\u0161ek.<\/span><\/p>\n<p><a href=\"http:\/\/www.hvu.si\/srednja\/wp-content\/uploads\/sites\/2\/2023\/04\/Plitvice-in-Kvarner.pdf\"><span style=\"font-family: verdana, geneva, sans-serif\">Program<\/span><\/a><\/p>\n<p><a href=\"http:\/\/www.hvu.si\/srednja\/wp-content\/uploads\/sites\/2\/2023\/04\/PRIJAVNICA-PLITVIC\u030cKA-JEZERA-IN-KVARNER.docx\"><span style=\"font-family: verdana, geneva, sans-serif\">Prijavnica<\/span><\/a><\/p>\n","protected":false},"excerpt":{"rendered":"<p>V petek, 12. maja, in v soboto, 13. maja, bomo v okviru geografsko-turisti\u010dnega kro\u017eka organizirali dvodnevno strokovno ekskurzijo. Odhod avtobusa izpred \u0161ole bo v petek, ob 6. uri zjutraj. Prvi dan si bomo ogledali Nacionalni park Plitvi\u010dka jezera, nato nas bo pot vodila preko Velebita do morja, kjer se bomo nastanili v hotelu in u\u017eivali [&hellip;]<\/p>\n","protected":false},"author":6,"featured_media":0,"comment_status":"closed","ping_status":"open","sticky":false,"template":"","format":"standard","meta":{"footnotes":""},"categories":[4],"tags":[],"class_list":["post-4494","post","type-post","status-publish","format-standard","hentry","category-obvestila"],"_links":{"self":[{"href":"https:\/\/www.hvu.si\/srednja\/index.php?rest_route=\/wp\/v2\/posts\/4494","targetHints":{"allow":["GET"]}}],"collection":[{"href":"https:\/\/www.hvu.si\/srednja\/index.php?rest_route=\/wp\/v2\/posts"}],"about":[{"href":"https:\/\/www.hvu.si\/srednja\/index.php?rest_route=\/wp\/v2\/types\/post"}],"author":[{"embeddable":true,"href":"https:\/\/www.hvu.si\/srednja\/index.php?rest_route=\/wp\/v2\/users\/6"}],"replies":[{"embeddable":true,"href":"https:\/\/www.hvu.si\/srednja\/index.php?rest_route=%2Fwp%2Fv2%2Fcomments&post=4494"}],"version-history":[{"count":1,"href":"https:\/\/www.hvu.si\/srednja\/index.php?rest_route=\/wp\/v2\/posts\/4494\/revisions"}],"predecessor-version":[{"id":4495,"href":"https:\/\/www.hvu.si\/srednja\/index.php?rest_route=\/wp\/v2\/posts\/4494\/revisions\/4495"}],"wp:attachment":[{"href":"https:\/\/www.hvu.si\/srednja\/index.php?rest_route=%2Fwp%2Fv2%2Fmedia&parent=4494"}],"wp:term":[{"taxonomy":"category","embeddable":true,"href":"https:\/\/www.hvu.si\/srednja\/index.php?rest_route=%2Fwp%2Fv2%2Fcategories&post=4494"},{"taxonomy":"post_tag","embeddable":true,"href":"https:\/\/www.hvu.si\/srednja\/index.php?rest_route=%2Fwp%2Fv2%2Ftags&post=4494"}],"curies":[{"name":"wp","href":"https:\/\/api.w.org\/{rel}","templated":true}]}}