{"id":4382,"date":"2023-03-10T11:59:21","date_gmt":"2023-03-10T10:59:21","guid":{"rendered":"https:\/\/www.hvu.si\/srednja\/?p=4382"},"modified":"2023-03-10T12:02:42","modified_gmt":"2023-03-10T11:02:42","slug":"altermed-green-vita-2023","status":"publish","type":"post","link":"https:\/\/www.hvu.si\/srednja\/?p=4382","title":{"rendered":"Altermed &amp; Green Vita 2023"},"content":{"rendered":"<p><span style=\"font-family: verdana, geneva, sans-serif\">V petek, 17.3.2023, si bomo ogledali sejem <strong>Altermed &amp; Green Vita<\/strong> (sejem za zdrav na\u010din \u017eivljenja in samooskrbo).<\/span><\/p>\n<p><span style=\"font-family: verdana, geneva, sans-serif\"><strong>Pouk<\/strong> bo za vse dijake potekal do vklju\u010dno tretje \u0161olske ure. <strong>Malica bo za vse dijake<\/strong> ob 10.15 uri.<\/span><\/p>\n<p><span style=\"font-family: verdana, geneva, sans-serif\">Ob 11.00 uri se dijaki zberete pred vhodom sejmi\u0161\u010da. (De\u010dkova cesta 1, 3000 Celje)<\/span><\/p>\n<p><span style=\"font-family: verdana, geneva, sans-serif\"><strong>Razredni blagajniki<\/strong> poberete <strong>denar za vstopnice (4 evre)<\/strong> in ga do srede, 15. marca, prinesete v tajni\u0161tvo \u0161ole.<\/span><\/p>\n<p><span style=\"font-family: verdana, geneva, sans-serif\">Spremljajo\u010di u\u010ditelji:<\/span><\/p>\n<table style=\"width: 890px\" border=\"3\" cellspacing=\"0\" cellpadding=\"1\">\n<tbody>\n<tr>\n<td width=\"201\"><span style=\"font-family: verdana, geneva, sans-serif\"><strong>Razred:<\/strong><\/span><\/td>\n<td width=\"201\"><span style=\"font-family: verdana, geneva, sans-serif\"><strong>Spremljajo\u010di u\u010ditelj:<\/strong><\/span><\/td>\n<td width=\"201\"><span style=\"font-family: verdana, geneva, sans-serif\"><strong>Priprava delovnega lista:<\/strong><\/span><\/td>\n<\/tr>\n<tr>\n<td width=\"201\"><span style=\"font-family: verdana, geneva, sans-serif\">1FT<\/span><\/td>\n<td width=\"201\"><span style=\"font-family: verdana, geneva, sans-serif\">Godec Manica, Klemen Vodovnik<\/span><\/td>\n<td width=\"201\"><span style=\"font-family: verdana, geneva, sans-serif\">Igor Rosina<\/span><\/td>\n<\/tr>\n<tr>\n<td width=\"201\"><span style=\"font-family: verdana, geneva, sans-serif\">1HT<\/span><\/td>\n<td width=\"201\"><span style=\"font-family: verdana, geneva, sans-serif\">Klemen Vodovnik<\/span><\/td>\n<td width=\"201\"><span style=\"font-family: verdana, geneva, sans-serif\">Anja \u017du\u017eej Gobec<\/span><\/td>\n<\/tr>\n<tr>\n<td width=\"201\"><span style=\"font-family: verdana, geneva, sans-serif\">1CV<\/span><\/td>\n<td width=\"201\"><span style=\"font-family: verdana, geneva, sans-serif\">Kapitler Bogdana<\/span><\/td>\n<td width=\"201\"><span style=\"font-family: verdana, geneva, sans-serif\">Romana \u0160pes<\/span><\/td>\n<\/tr>\n<tr>\n<td width=\"201\"><span style=\"font-family: verdana, geneva, sans-serif\">2CV<\/span><\/td>\n<td width=\"201\"><span style=\"font-family: verdana, geneva, sans-serif\">Elizabeta Stren\u010dan<\/span><\/td>\n<td width=\"201\"><span style=\"font-family: verdana, geneva, sans-serif\">Romana \u0160pes<\/span><\/td>\n<\/tr>\n<tr>\n<td width=\"201\"><span style=\"font-family: verdana, geneva, sans-serif\">1AT<\/span><\/td>\n<td width=\"201\"><span style=\"font-family: verdana, geneva, sans-serif\">Sergeja Jekl, Evelina Klan\u0161ek<\/span><\/td>\n<td width=\"201\"><span style=\"font-family: verdana, geneva, sans-serif\">Matja\u017e Pustoslem\u0161ek<\/span><\/td>\n<\/tr>\n<tr>\n<td width=\"201\"><span style=\"font-family: verdana, geneva, sans-serif\">2AT<\/span><\/td>\n<td width=\"201\"><span style=\"font-family: verdana, geneva, sans-serif\">Romana \u0160pes, Matja\u017e Pustoslem\u0161ek<\/span><\/td>\n<td width=\"201\"><span style=\"font-family: verdana, geneva, sans-serif\">Matja\u017e Pustoslem\u0161ek<\/span><\/td>\n<\/tr>\n<tr>\n<td width=\"201\"><span style=\"font-family: verdana, geneva, sans-serif\">2FT,2HT<\/span><\/td>\n<td width=\"201\"><span style=\"font-family: verdana, geneva, sans-serif\">Igor Rosina, Sergej Kos<\/span><\/td>\n<td width=\"201\"><span style=\"font-family: verdana, geneva, sans-serif\">Igor Rosina, Anja \u017du\u017eej Gobec<\/span><\/td>\n<\/tr>\n<tr>\n<td width=\"201\"><span style=\"font-family: verdana, geneva, sans-serif\">3AT,3HT<\/span><\/td>\n<td width=\"201\"><span style=\"font-family: verdana, geneva, sans-serif\">Branka Tur\u0161i\u010d, Anja \u017du\u017eej Gobec<\/span><\/td>\n<td width=\"201\"><span style=\"font-family: verdana, geneva, sans-serif\">Danica Koro\u0161ec, Anja \u017du\u017eej Gobec<\/span><\/td>\n<\/tr>\n<tr>\n<td width=\"201\"><span style=\"font-family: verdana, geneva, sans-serif\">4AT,4HT<\/span><\/td>\n<td width=\"201\"><span style=\"font-family: verdana, geneva, sans-serif\">Danica Koro\u0161ec, Katja Funtek<\/span><\/td>\n<td width=\"201\"><span style=\"font-family: verdana, geneva, sans-serif\">Danica Koro\u0161ec, Anja \u017du\u017eej Gobec<\/span><\/td>\n<\/tr>\n<tr>\n<td width=\"201\"><span style=\"font-family: verdana, geneva, sans-serif\">4dHT<\/span><\/td>\n<td width=\"201\"><span style=\"font-family: verdana, geneva, sans-serif\">Lidija Oblak<\/span><\/td>\n<td width=\"201\"><span style=\"font-family: verdana, geneva, sans-serif\">Elizabeta Stren\u010dan<\/span><\/td>\n<\/tr>\n<tr>\n<td width=\"201\"><span style=\"font-family: verdana, geneva, sans-serif\">5dHT<\/span><\/td>\n<td width=\"201\"><span style=\"font-family: verdana, geneva, sans-serif\">Andreja Ger\u010der<\/span><\/td>\n<td width=\"201\"><span style=\"font-family: verdana, geneva, sans-serif\">Elizabeta Stren\u010dan<\/span><\/td>\n<\/tr>\n<\/tbody>\n<\/table>\n","protected":false},"excerpt":{"rendered":"<p>V petek, 17.3.2023, si bomo ogledali sejem Altermed &amp; Green Vita (sejem za zdrav na\u010din \u017eivljenja in samooskrbo). Pouk bo za vse dijake potekal do vklju\u010dno tretje \u0161olske ure. Malica bo za vse dijake ob 10.15 uri. Ob 11.00 uri se dijaki zberete pred vhodom sejmi\u0161\u010da. (De\u010dkova cesta 1, 3000 Celje) Razredni blagajniki poberete denar [&hellip;]<\/p>\n","protected":false},"author":7,"featured_media":4384,"comment_status":"closed","ping_status":"open","sticky":false,"template":"","format":"standard","meta":{"footnotes":""},"categories":[4],"tags":[],"class_list":["post-4382","post","type-post","status-publish","format-standard","has-post-thumbnail","hentry","category-obvestila"],"_links":{"self":[{"href":"https:\/\/www.hvu.si\/srednja\/index.php?rest_route=\/wp\/v2\/posts\/4382","targetHints":{"allow":["GET"]}}],"collection":[{"href":"https:\/\/www.hvu.si\/srednja\/index.php?rest_route=\/wp\/v2\/posts"}],"about":[{"href":"https:\/\/www.hvu.si\/srednja\/index.php?rest_route=\/wp\/v2\/types\/post"}],"author":[{"embeddable":true,"href":"https:\/\/www.hvu.si\/srednja\/index.php?rest_route=\/wp\/v2\/users\/7"}],"replies":[{"embeddable":true,"href":"https:\/\/www.hvu.si\/srednja\/index.php?rest_route=%2Fwp%2Fv2%2Fcomments&post=4382"}],"version-history":[{"count":1,"href":"https:\/\/www.hvu.si\/srednja\/index.php?rest_route=\/wp\/v2\/posts\/4382\/revisions"}],"predecessor-version":[{"id":4383,"href":"https:\/\/www.hvu.si\/srednja\/index.php?rest_route=\/wp\/v2\/posts\/4382\/revisions\/4383"}],"wp:featuredmedia":[{"embeddable":true,"href":"https:\/\/www.hvu.si\/srednja\/index.php?rest_route=\/wp\/v2\/media\/4384"}],"wp:attachment":[{"href":"https:\/\/www.hvu.si\/srednja\/index.php?rest_route=%2Fwp%2Fv2%2Fmedia&parent=4382"}],"wp:term":[{"taxonomy":"category","embeddable":true,"href":"https:\/\/www.hvu.si\/srednja\/index.php?rest_route=%2Fwp%2Fv2%2Fcategories&post=4382"},{"taxonomy":"post_tag","embeddable":true,"href":"https:\/\/www.hvu.si\/srednja\/index.php?rest_route=%2Fwp%2Fv2%2Ftags&post=4382"}],"curies":[{"name":"wp","href":"https:\/\/api.w.org\/{rel}","templated":true}]}}