{"id":3994,"date":"2023-01-09T07:54:11","date_gmt":"2023-01-09T06:54:11","guid":{"rendered":"https:\/\/www.hvu.si\/srednja\/?p=3994"},"modified":"2023-01-09T07:54:11","modified_gmt":"2023-01-09T06:54:11","slug":"maraton-pozitivne-psihologije-sola-za-starse","status":"publish","type":"post","link":"https:\/\/www.hvu.si\/srednja\/?p=3994","title":{"rendered":"Maraton pozitivne psihologije &#8211; \u0161ola za star\u0161e"},"content":{"rendered":"<p><span style=\"font-family: book antiqua, palatino, serif;font-size: 14pt\">Pozitivna psihologija za bolj\u0161e \u017eivljenje za vas pripravlja \u0160OLO ZA STAR\u0160E \u2013 KER SE U\u010cENJE NIKOLI NE KON\u010cA. Brezpla\u010dna predavanja bodo vsako sredo in soboto ob 19h.<\/span><\/p>\n<p><span style=\"font-family: book antiqua, palatino, serif;font-size: 14pt\">Prijavite se\u00a0<a href=\"http:\/\/sendy.erasmuspluscourses.com\/l\/cuUkDn7jqh5rPUO1r3zTMw\/0AQDKY1z8U892knE892AE9Y763ew\/TAdOJOaWkJNtlFUAVX3c0Q\">tukaj<\/a>.\u00a0<\/span><\/p>\n<p><span style=\"font-family: book antiqua, palatino, serif;font-size: 14pt\">Program:<\/span><\/p>\n<p><span style=\"font-family: book antiqua, palatino, serif;font-size: 14pt\">sreda, 11. 1.<strong>\u00a0\u00a0\u00a0 Urjenje spomina<\/strong>, Nik \u0160krlec<\/span><\/p>\n<p><span style=\"font-family: book antiqua, palatino, serif;font-size: 14pt\">sobota, 14. 1.\u00a0 <strong>\u00bbVseeno mi je\u00ab \u2013 Obrazi \u010dustvenih stisk pri otrocih in mladostnikih<\/strong>, \u0160pela Re\u0161<\/span><\/p>\n<p><span style=\"font-family: book antiqua, palatino, serif;font-size: 14pt\">sreda, 18. 1.\u00a0\u00a0\u00a0 <strong>Star\u0161evstvo po lo\u010ditvi<\/strong>, Matej Zaplotnik<\/span><\/p>\n<p><span style=\"font-family: book antiqua, palatino, serif;font-size: 14pt\">sobota, 21. 1.\u00a0 <strong>Sanacija \u0161kode pri pokoronskih otrocih<\/strong>, Goran \u0160kobalj<\/span><\/p>\n<p><span style=\"font-family: book antiqua, palatino, serif;font-size: 14pt\">sreda, 25. 1.\u00a0\u00a0\u00a0 <strong>Pedokinetika \u2013 razvojni odnos star\u0161-otrok skozi organsko in izvorno dinamiko<\/strong>, Andreja Semoli\u010d<\/span><\/p>\n<p><span style=\"font-family: book antiqua, palatino, serif;font-size: 14pt\">sobota, 28. 1.\u00a0 <strong>Kako, zakaj in \u010demu (sebe in) otroke nau\u010diti prave hvale\u017enosti?<\/strong>\u00a0Doris Polak Kuder<\/span><\/p>\n<p><span style=\"font-family: book antiqua, palatino, serif;font-size: 14pt\">sreda, 1. 2.\u00a0\u00a0\u00a0\u00a0\u00a0 <strong>Kako otroke voditi skozi digitalni gozd dana\u0161njega dne<\/strong>, mag. Martina Pe\u0161taj<\/span><\/p>\n<p><span style=\"font-family: book antiqua, palatino, serif;font-size: 14pt\">sobota, 4. 2.\u00a0\u00a0\u00a0 <strong>Te\u017eave v odra\u0161\u010danju: usoda ali izziv?<\/strong>\u00a0Radovan Radeti\u0107<\/span><\/p>\n<p><span style=\"font-family: book antiqua, palatino, serif;font-size: 14pt\">sobota, 11. 2.\u00a0 <strong>Radosti in pasti nove tehnologije<\/strong>, Miha Kramli<\/span><\/p>\n<p><span style=\"font-family: book antiqua, palatino, serif;font-size: 14pt\"><a href=\"http:\/\/sendy.erasmuspluscourses.com\/l\/cuUkDn7jqh5rPUO1r3zTMw\/GsrU7Kb892oW0BhVEuuGR0hA\/TAdOJOaWkJNtlFUAVX3c0Q\">www.maratonpozitivnepsihologije.si<\/a><\/span><\/p>\n","protected":false},"excerpt":{"rendered":"<p>Pozitivna psihologija za bolj\u0161e \u017eivljenje za vas pripravlja \u0160OLO ZA STAR\u0160E \u2013 KER SE U\u010cENJE NIKOLI NE KON\u010cA. Brezpla\u010dna predavanja bodo vsako sredo in soboto ob 19h. Prijavite se\u00a0tukaj.\u00a0 Program: sreda, 11. 1.\u00a0\u00a0\u00a0 Urjenje spomina, Nik \u0160krlec sobota, 14. 1.\u00a0 \u00bbVseeno mi je\u00ab \u2013 Obrazi \u010dustvenih stisk pri otrocih in mladostnikih, \u0160pela Re\u0161 sreda, 18. [&hellip;]<\/p>\n","protected":false},"author":7,"featured_media":0,"comment_status":"open","ping_status":"open","sticky":false,"template":"","format":"standard","meta":{"footnotes":""},"categories":[4],"tags":[],"class_list":["post-3994","post","type-post","status-publish","format-standard","hentry","category-obvestila"],"_links":{"self":[{"href":"https:\/\/www.hvu.si\/srednja\/index.php?rest_route=\/wp\/v2\/posts\/3994","targetHints":{"allow":["GET"]}}],"collection":[{"href":"https:\/\/www.hvu.si\/srednja\/index.php?rest_route=\/wp\/v2\/posts"}],"about":[{"href":"https:\/\/www.hvu.si\/srednja\/index.php?rest_route=\/wp\/v2\/types\/post"}],"author":[{"embeddable":true,"href":"https:\/\/www.hvu.si\/srednja\/index.php?rest_route=\/wp\/v2\/users\/7"}],"replies":[{"embeddable":true,"href":"https:\/\/www.hvu.si\/srednja\/index.php?rest_route=%2Fwp%2Fv2%2Fcomments&post=3994"}],"version-history":[{"count":1,"href":"https:\/\/www.hvu.si\/srednja\/index.php?rest_route=\/wp\/v2\/posts\/3994\/revisions"}],"predecessor-version":[{"id":3995,"href":"https:\/\/www.hvu.si\/srednja\/index.php?rest_route=\/wp\/v2\/posts\/3994\/revisions\/3995"}],"wp:attachment":[{"href":"https:\/\/www.hvu.si\/srednja\/index.php?rest_route=%2Fwp%2Fv2%2Fmedia&parent=3994"}],"wp:term":[{"taxonomy":"category","embeddable":true,"href":"https:\/\/www.hvu.si\/srednja\/index.php?rest_route=%2Fwp%2Fv2%2Fcategories&post=3994"},{"taxonomy":"post_tag","embeddable":true,"href":"https:\/\/www.hvu.si\/srednja\/index.php?rest_route=%2Fwp%2Fv2%2Ftags&post=3994"}],"curies":[{"name":"wp","href":"https:\/\/api.w.org\/{rel}","templated":true}]}}