{"id":3841,"date":"2022-10-26T08:49:32","date_gmt":"2022-10-26T06:49:32","guid":{"rendered":"https:\/\/www.hvu.si\/srednja\/?p=3841"},"modified":"2022-10-26T08:49:48","modified_gmt":"2022-10-26T06:49:48","slug":"interesne-dejavnosti-projekt-rastem-s-knjigo","status":"publish","type":"post","link":"https:\/\/www.hvu.si\/srednja\/?p=3841","title":{"rendered":"Interesne dejavnosti \u2013 Projekt \u00bbRastem s knjigo\u00ab"},"content":{"rendered":"<p style=\"text-align: justify\"><span style=\"font-family: book antiqua, palatino, serif;font-size: 14pt\">\u0160HVU je \u017ee vrsto let vklju\u010dena v projekt rastem s knjigo. Projekt \u00bbRastem s knjigo\u00ab \u00a0je nacionalni projekt spodbujanja bralne kulture.<\/span><\/p>\n<p style=\"text-align: justify\"><span style=\"font-family: book antiqua, palatino, serif;font-size: 14pt\">Dijaki 1. CV, 1. AT, 1. FT, 1.HT in 4. DHT bodo v tednu od 7. do 10. novembra obiskali OSREDNJO KNJI\u017dNICO CELJE. Dijaki se zberejo pred OSREDNJO KNJI\u017dNICO CELJE ob 7.50 uri. Ko se vrnejo v \u0161olo imajo malico in 4. uro nadaljujejo s poukom.<\/span><\/p>\n<table style=\"width: 890px\" border=\"3\" cellspacing=\"0\" cellpadding=\"1\">\n<tbody>\n<tr>\n<td width=\"208\"><\/td>\n<td width=\"161\"><span style=\"font-family: book antiqua, palatino, serif;font-size: 14pt\">Oddelek:<\/span><\/td>\n<td width=\"236\"><span style=\"font-family: book antiqua, palatino, serif;font-size: 14pt\">Spremljajo\u010di u\u010ditelji:<\/span><\/td>\n<\/tr>\n<tr>\n<td width=\"208\"><span style=\"font-family: book antiqua, palatino, serif;font-size: 14pt\">Ponedeljek, 7. 11. 2022<\/span><\/td>\n<td width=\"161\"><span style=\"font-family: book antiqua, palatino, serif;font-size: 14pt\">4. DHT in 1. HT<\/span><\/td>\n<td width=\"236\"><span style=\"font-family: book antiqua, palatino, serif;font-size: 14pt\">Klemen Vodovnik<\/span><\/td>\n<\/tr>\n<tr>\n<td width=\"208\"><span style=\"font-family: book antiqua, palatino, serif;font-size: 14pt\">Torek, 8. 11. 2022<\/span><\/td>\n<td width=\"161\"><span style=\"font-family: book antiqua, palatino, serif;font-size: 14pt\">1.\u00a0\u00a0\u00a0\u00a0 AT<\/span><\/td>\n<td width=\"236\"><span style=\"font-family: book antiqua, palatino, serif;font-size: 14pt\">Matja\u017e Pustoslem\u0161ek<\/span><\/td>\n<\/tr>\n<tr>\n<td width=\"208\"><span style=\"font-family: book antiqua, palatino, serif;font-size: 14pt\">Sreda, 9. 11. 2022<\/span><\/td>\n<td width=\"161\"><span style=\"font-family: book antiqua, palatino, serif;font-size: 14pt\">1.\u00a0\u00a0\u00a0\u00a0 CV<\/span><\/td>\n<td width=\"236\"><span style=\"font-family: book antiqua, palatino, serif;font-size: 14pt\">Veronika Cvetko<\/span><\/td>\n<\/tr>\n<tr>\n<td width=\"208\"><span style=\"font-family: book antiqua, palatino, serif;font-size: 14pt\">\u010cetrtek, 10. 11. 2022<\/span><\/td>\n<td width=\"161\"><span style=\"font-family: book antiqua, palatino, serif;font-size: 14pt\">1.\u00a0\u00a0\u00a0\u00a0 FT<\/span><\/td>\n<td width=\"236\"><span style=\"font-family: book antiqua, palatino, serif;font-size: 14pt\">Danica Koro\u0161ec<\/span><\/td>\n<\/tr>\n<\/tbody>\n<\/table>\n<p style=\"text-align: justify\">\n","protected":false},"excerpt":{"rendered":"<p>\u0160HVU je \u017ee vrsto let vklju\u010dena v projekt rastem s knjigo. Projekt \u00bbRastem s knjigo\u00ab \u00a0je nacionalni projekt spodbujanja bralne kulture. Dijaki 1. CV, 1. AT, 1. FT, 1.HT in 4. DHT bodo v tednu od 7. do 10. novembra obiskali OSREDNJO KNJI\u017dNICO CELJE. Dijaki se zberejo pred OSREDNJO KNJI\u017dNICO CELJE ob 7.50 uri. Ko [&hellip;]<\/p>\n","protected":false},"author":7,"featured_media":0,"comment_status":"open","ping_status":"open","sticky":false,"template":"","format":"standard","meta":{"footnotes":""},"categories":[4],"tags":[],"class_list":["post-3841","post","type-post","status-publish","format-standard","hentry","category-obvestila"],"_links":{"self":[{"href":"https:\/\/www.hvu.si\/srednja\/index.php?rest_route=\/wp\/v2\/posts\/3841","targetHints":{"allow":["GET"]}}],"collection":[{"href":"https:\/\/www.hvu.si\/srednja\/index.php?rest_route=\/wp\/v2\/posts"}],"about":[{"href":"https:\/\/www.hvu.si\/srednja\/index.php?rest_route=\/wp\/v2\/types\/post"}],"author":[{"embeddable":true,"href":"https:\/\/www.hvu.si\/srednja\/index.php?rest_route=\/wp\/v2\/users\/7"}],"replies":[{"embeddable":true,"href":"https:\/\/www.hvu.si\/srednja\/index.php?rest_route=%2Fwp%2Fv2%2Fcomments&post=3841"}],"version-history":[{"count":2,"href":"https:\/\/www.hvu.si\/srednja\/index.php?rest_route=\/wp\/v2\/posts\/3841\/revisions"}],"predecessor-version":[{"id":3843,"href":"https:\/\/www.hvu.si\/srednja\/index.php?rest_route=\/wp\/v2\/posts\/3841\/revisions\/3843"}],"wp:attachment":[{"href":"https:\/\/www.hvu.si\/srednja\/index.php?rest_route=%2Fwp%2Fv2%2Fmedia&parent=3841"}],"wp:term":[{"taxonomy":"category","embeddable":true,"href":"https:\/\/www.hvu.si\/srednja\/index.php?rest_route=%2Fwp%2Fv2%2Fcategories&post=3841"},{"taxonomy":"post_tag","embeddable":true,"href":"https:\/\/www.hvu.si\/srednja\/index.php?rest_route=%2Fwp%2Fv2%2Ftags&post=3841"}],"curies":[{"name":"wp","href":"https:\/\/api.w.org\/{rel}","templated":true}]}}