{"id":3718,"date":"2022-09-15T22:18:08","date_gmt":"2022-09-15T20:18:08","guid":{"rendered":"https:\/\/www.hvu.si\/srednja\/?p=3718"},"modified":"2022-09-17T10:12:40","modified_gmt":"2022-09-17T08:12:40","slug":"sportni-dan-23-9","status":"publish","type":"post","link":"https:\/\/www.hvu.si\/srednja\/?p=3718","title":{"rendered":"\u0160portni dan, 23. 9."},"content":{"rendered":"<p style=\"text-align: justify\" align=\"center\"><span style=\"font-family: book antiqua, palatino, serif\"><strong><u><span lang=\"SL\" style=\"font-size: 14pt\">Jesenski \u0161portni dan <\/span><\/u><\/strong><\/span><\/p>\n<p style=\"text-align: justify\"><span style=\"font-family: book antiqua, palatino, serif\"><u><span lang=\"SL\" style=\"font-size: 14pt\">Splo\u0161na navodila:<\/span><\/u><\/span><\/p>\n<p style=\"text-align: justify\"><span style=\"font-family: book antiqua, palatino, serif\"><span lang=\"SL\" style=\"font-size: 14pt\">V petek, 23. 9. 2022, je predviden \u0161portni dan za dijake od 1. do 4. letnika. Dijaki se zberejo po razredih ob to\u010dno dolo\u010denem \u010dasu in kraju, ki je objavljen na oglasni tabli. <\/span><span lang=\"SL\" style=\"font-size: 14.0pt\">Sledi razdelitev malice ter napotki razrednikov oziroma njihovih spremljevalcev o varni hoji v skladu z vsemi aktualnimi priporo\u010dili NIJZ.<\/span><\/span><\/p>\n<p style=\"text-align: justify\"><span lang=\"SL\" style=\"font-size: 14pt;font-family: book antiqua, palatino, serif\">Dijaki se z nekajminutnim zamikom v okviru svojega razreda pod budnim o\u010desom spremljevalcev odpravijo na pohod.\u00a0 Ves \u010das se je potrebno dr\u017eati svoje skupine in med sabo vzdr\u017eevati priporo\u010deno medsebojno razdaljo. Povratek vseh skupin je predviden do 12.00.\u00a0 <\/span><\/p>\n<p style=\"text-align: justify\"><span lang=\"SL\" style=\"font-size: 14pt;font-family: book antiqua, palatino, serif\">Dijaki morajo biti v primerni \u0161portni opremi in obuti v pohodne \u010devlje (debel gumijast podplat, \u010devlji naj segajo \u010dez gle\u017eenj). Po potrebi naj dijaki vzamejo s sabo pohodne palice, odvra\u010dalo za klope, sade\u017e, \u010dokolado ali energijsko rezino, dodatno pija\u010do, najbolje vodo in majico za preoble\u010di. Alkohol in kajenje na \u0161portnem dnevu niso dovoljeni.<\/span><\/p>\n<p style=\"text-align: justify\"><span lang=\"SL\" style=\"font-family: book antiqua, palatino, serif\">\u00a0<\/span><\/p>\n<p style=\"text-align: justify\"><span style=\"font-family: book antiqua, palatino, serif\"><em><u><span lang=\"SL\" style=\"font-size: 14pt\">Dijaki 1. in 4. letnikov prevzamejo malico na \u0161oli 10 minut pred odhodom skupine! Ostalim razredom malico razdelijo spremljevalni u\u010ditelji.<\/span><\/u><\/em><\/span><\/p>\n<p style=\"text-align: justify\"><span lang=\"SL\" style=\"font-size: 14pt;font-family: book antiqua, palatino, serif\">5. dHT oddelek ima pouk po posebnem razporedu.<\/span><\/p>\n<p style=\"text-align: justify\"><span lang=\"SL\" style=\"font-size: 14pt;font-family: book antiqua, palatino, serif\">S \u0161portnim dnevom bomo obele\u017eili tudi Dan slovenskega \u0161porta.<\/span><\/p>\n<p style=\"text-align: right\">Klemen Vodovnik, prof.<\/p>\n","protected":false},"excerpt":{"rendered":"<p>Jesenski \u0161portni dan Splo\u0161na navodila: V petek, 23. 9. 2022, je predviden \u0161portni dan za dijake od 1. do 4. letnika. Dijaki se zberejo po razredih ob to\u010dno dolo\u010denem \u010dasu in kraju, ki je objavljen na oglasni tabli. Sledi razdelitev malice ter napotki razrednikov oziroma njihovih spremljevalcev o varni hoji v skladu z vsemi aktualnimi [&hellip;]<\/p>\n","protected":false},"author":6,"featured_media":0,"comment_status":"open","ping_status":"open","sticky":false,"template":"","format":"standard","meta":{"footnotes":""},"categories":[4],"tags":[],"class_list":["post-3718","post","type-post","status-publish","format-standard","hentry","category-obvestila"],"_links":{"self":[{"href":"https:\/\/www.hvu.si\/srednja\/index.php?rest_route=\/wp\/v2\/posts\/3718","targetHints":{"allow":["GET"]}}],"collection":[{"href":"https:\/\/www.hvu.si\/srednja\/index.php?rest_route=\/wp\/v2\/posts"}],"about":[{"href":"https:\/\/www.hvu.si\/srednja\/index.php?rest_route=\/wp\/v2\/types\/post"}],"author":[{"embeddable":true,"href":"https:\/\/www.hvu.si\/srednja\/index.php?rest_route=\/wp\/v2\/users\/6"}],"replies":[{"embeddable":true,"href":"https:\/\/www.hvu.si\/srednja\/index.php?rest_route=%2Fwp%2Fv2%2Fcomments&post=3718"}],"version-history":[{"count":3,"href":"https:\/\/www.hvu.si\/srednja\/index.php?rest_route=\/wp\/v2\/posts\/3718\/revisions"}],"predecessor-version":[{"id":3727,"href":"https:\/\/www.hvu.si\/srednja\/index.php?rest_route=\/wp\/v2\/posts\/3718\/revisions\/3727"}],"wp:attachment":[{"href":"https:\/\/www.hvu.si\/srednja\/index.php?rest_route=%2Fwp%2Fv2%2Fmedia&parent=3718"}],"wp:term":[{"taxonomy":"category","embeddable":true,"href":"https:\/\/www.hvu.si\/srednja\/index.php?rest_route=%2Fwp%2Fv2%2Fcategories&post=3718"},{"taxonomy":"post_tag","embeddable":true,"href":"https:\/\/www.hvu.si\/srednja\/index.php?rest_route=%2Fwp%2Fv2%2Ftags&post=3718"}],"curies":[{"name":"wp","href":"https:\/\/api.w.org\/{rel}","templated":true}]}}