{"id":3625,"date":"2022-08-29T11:47:47","date_gmt":"2022-08-29T09:47:47","guid":{"rendered":"https:\/\/www.hvu.si\/srednja\/?p=3625"},"modified":"2022-08-30T08:34:47","modified_gmt":"2022-08-30T06:34:47","slug":"obvestilo-prvi-solski-dan","status":"publish","type":"post","link":"https:\/\/www.hvu.si\/srednja\/?p=3625","title":{"rendered":"Obvestilo &#8211; prvi \u0161olski dan"},"content":{"rendered":"<p style=\"text-align: left\"><span style=\"font-family: book antiqua, palatino, serif;font-size: 14pt\">Verjamemo, da ste pre\u017eiveli prijetne po\u010ditnice in ste si nabrali energijo za novo \u0161olsko leto 2022\/2023.<\/span><\/p>\n<p style=\"text-align: justify\"><span style=\"font-family: book antiqua, palatino, serif;font-size: 14pt\">Pouk se pri\u010dne v \u010detrtek, 1. 9. 2022 ob 8.00. <\/span><span style=\"font-family: book antiqua, palatino, serif;font-size: 14pt\">Dijaki prvih letnikov boste z razrednikom prve tri ure, dijaki vi\u0161jih letnikov pa prvi dve uri. Po razrednih urah nadaljujete s poukom po <strong><span style=\"color: #800000\"><a style=\"color: #800000\" href=\"http:\/\/www.hvu.si\/srednja\/wp-content\/uploads\/sites\/2\/2022\/08\/urnik_1-2-9.docx\">URNIKU<\/a><\/span><\/strong>.<\/span><\/p>\n<p style=\"text-align: left\"><span style=\"font-family: book antiqua, palatino, serif;font-size: 14pt\">\u017delimo vam prijetne zadnje po\u010ditni\u0161ke dni in uspe\u0161en pri\u010detek novega \u0161olskega leta.<\/span><span style=\"font-family: book antiqua, palatino, serif;font-size: 14pt\">\u00a0\u00a0\u00a0\u00a0\u00a0\u00a0\u00a0\u00a0\u00a0\u00a0\u00a0\u00a0\u00a0\u00a0\u00a0\u00a0\u00a0\u00a0\u00a0\u00a0\u00a0\u00a0\u00a0\u00a0\u00a0\u00a0\u00a0\u00a0\u00a0\u00a0\u00a0\u00a0\u00a0\u00a0\u00a0\u00a0\u00a0\u00a0\u00a0\u00a0\u00a0\u00a0\u00a0\u00a0\u00a0\u00a0\u00a0\u00a0\u00a0\u00a0\u00a0\u00a0\u00a0\u00a0\u00a0\u00a0\u00a0\u00a0\u00a0\u00a0\u00a0\u00a0\u00a0\u00a0\u00a0\u00a0\u00a0\u00a0\u00a0\u00a0\u00a0\u00a0\u00a0\u00a0\u00a0\u00a0\u00a0\u00a0\u00a0\u00a0\u00a0\u00a0\u00a0\u00a0\u00a0\u00a0\u00a0\u00a0\u00a0\u00a0\u00a0\u00a0\u00a0<\/span><\/p>\n<p style=\"text-align: right\"><span style=\"font-family: book antiqua, palatino, serif;font-size: 14pt\">\u0160tefanija Kos Zidar, ravnateljica<\/span><\/p>\n<p style=\"text-align: left\">\n","protected":false},"excerpt":{"rendered":"<p>Verjamemo, da ste pre\u017eiveli prijetne po\u010ditnice in ste si nabrali energijo za novo \u0161olsko leto 2022\/2023. Pouk se pri\u010dne v \u010detrtek, 1. 9. 2022 ob 8.00. Dijaki prvih letnikov boste z razrednikom prve tri ure, dijaki vi\u0161jih letnikov pa prvi dve uri. Po razrednih urah nadaljujete s poukom po URNIKU. \u017delimo vam prijetne zadnje po\u010ditni\u0161ke [&hellip;]<\/p>\n","protected":false},"author":7,"featured_media":0,"comment_status":"open","ping_status":"open","sticky":false,"template":"","format":"standard","meta":{"footnotes":""},"categories":[4],"tags":[],"class_list":["post-3625","post","type-post","status-publish","format-standard","hentry","category-obvestila"],"_links":{"self":[{"href":"https:\/\/www.hvu.si\/srednja\/index.php?rest_route=\/wp\/v2\/posts\/3625","targetHints":{"allow":["GET"]}}],"collection":[{"href":"https:\/\/www.hvu.si\/srednja\/index.php?rest_route=\/wp\/v2\/posts"}],"about":[{"href":"https:\/\/www.hvu.si\/srednja\/index.php?rest_route=\/wp\/v2\/types\/post"}],"author":[{"embeddable":true,"href":"https:\/\/www.hvu.si\/srednja\/index.php?rest_route=\/wp\/v2\/users\/7"}],"replies":[{"embeddable":true,"href":"https:\/\/www.hvu.si\/srednja\/index.php?rest_route=%2Fwp%2Fv2%2Fcomments&post=3625"}],"version-history":[{"count":4,"href":"https:\/\/www.hvu.si\/srednja\/index.php?rest_route=\/wp\/v2\/posts\/3625\/revisions"}],"predecessor-version":[{"id":3632,"href":"https:\/\/www.hvu.si\/srednja\/index.php?rest_route=\/wp\/v2\/posts\/3625\/revisions\/3632"}],"wp:attachment":[{"href":"https:\/\/www.hvu.si\/srednja\/index.php?rest_route=%2Fwp%2Fv2%2Fmedia&parent=3625"}],"wp:term":[{"taxonomy":"category","embeddable":true,"href":"https:\/\/www.hvu.si\/srednja\/index.php?rest_route=%2Fwp%2Fv2%2Fcategories&post=3625"},{"taxonomy":"post_tag","embeddable":true,"href":"https:\/\/www.hvu.si\/srednja\/index.php?rest_route=%2Fwp%2Fv2%2Ftags&post=3625"}],"curies":[{"name":"wp","href":"https:\/\/api.w.org\/{rel}","templated":true}]}}