{"id":3565,"date":"2022-06-23T10:56:45","date_gmt":"2022-06-23T08:56:45","guid":{"rendered":"https:\/\/www.hvu.si\/srednja\/?p=3565"},"modified":"2022-06-23T10:57:08","modified_gmt":"2022-06-23T08:57:08","slug":"dijakom-in-dijakinjam-ob-zakljucku-solskega-leta-2021-2022-in-31-obletnici-samostojne-drzave-slovenije","status":"publish","type":"post","link":"https:\/\/www.hvu.si\/srednja\/?p=3565","title":{"rendered":"Dijakom in dijakinjam ob zaklju\u010dku \u0161olskega leta  2021\/2022 in 31. obletnici samostojne dr\u017eave Slovenije"},"content":{"rendered":"<p style=\"text-align: justify\"><span style=\"font-family: book antiqua, palatino, serif;font-size: 14pt\">Izteklo se je \u0161e eno posebno \u0161olsko leto, ki nam bo ostalo v spominu zaradi pandemije Covid \u2013 19. Preteklo \u0161olsko leto je bilo v znamenju pouka na daljavo, leto\u0161nje pa je v skladu z uredbami vlade RS potekalo v \u0161oli, kar je velik napredek. Po dveh letih epidemije smo delo v virtualnem svetu vzeli za svojega, tako, da tudi ob\u010dasne karantene dijakov niso bistveno okrnile pedago\u0161ki proces. Vesela sem, da nam uspeva kljub zahtevam \u010dasa ohranjati dobre medosebne odnose, ki se obi\u010dajno ob tak\u0161nih krizah razrahljajo. Zato je \u0161e toliko bolj pomembno, da smo \u010duje\u010di in imamo empatijo drug do drugega.<\/span><\/p>\n<p style=\"text-align: justify\"><span style=\"font-family: book antiqua, palatino, serif;font-size: 14pt\">Hkrati se izteka zelo pomembno \u0161olsko leto, ko zaklju\u010dujejo dijaki prve generacije programa <span style=\"color: #631d8f\"><strong>Fotografski tehnik <\/strong><\/span>prvo leto \u0161olanja pri nas. Novi program prina\u0161a nadgradnjo oz. dodano vrednost ostalim programom na \u0161oli: <span style=\"color: #ff0000\">Cvetli\u010dar<\/span>, <span style=\"color: #99cc00\">Vrtnar<\/span>, <span style=\"color: #000080\">Aran\u017eerski<\/span> in<span style=\"color: #008000\"> Hortikulturni tehnik<\/span>. Ta pomemben mejnik v razvoju \u0161ole bo zapisan v zgodovino \u0161ole z velikimi \u010drkami in se navezuje na mesto Celje z bogato fotografsko tradicijo z mojstrom Pelikanom ter njegovim izjemnim steklenim fotografskim ateljejem.<\/span><\/p>\n<p style=\"text-align: justify\"><span style=\"font-family: book antiqua, palatino, serif;font-size: 14pt\">Praznujemo 31. obletnico samostojne dr\u017eave. Uspelo nam je uresni\u010diti zgodovinske sanje in si, z lastnimi mo\u010dmi, izboriti svojo dr\u017eavo. Ni namre\u010d dano vsakemu zemljanu \u017eiveti v svoji domovini in imeti svojo dr\u017eavo. Bodimo ponosni na na\u0161o dr\u017eavo in doma ne pozabimo na dan dr\u017eavnosti \u2013 25. junija izobesiti slovensko in evropsko zastavo.<\/span><\/p>\n<p style=\"text-align: justify\"><span style=\"font-family: book antiqua, palatino, serif;font-size: 14pt\">Po\u010ditnice so pred nami in s tem tudi zaslu\u017een po\u010ditek za vas, dragi dijaki in dijakinje, u\u010ditelji in u\u010diteljice ter ostali zaposleni. Prav je, da se \u0161e enkrat ozremo nazaj na prehojeno pot tega \u0161olskega leta, ki nam je ponudilo zelo veliko izzivov in tudi prilo\u017enosti. Od nas samih je bilo odvisno, ali smo jih znali in hoteli sprejeti. Prepri\u010dana sem, da smo bili tudi tokrat zelo uspe\u0161ni, kljub epidemiji. Bili ste odli\u010dni na razli\u010dnih tekmovanjih.<\/span><\/p>\n<p style=\"text-align: justify\"><span style=\"font-family: book antiqua, palatino, serif;font-size: 14pt\">Na \u0161oli in izven nje izvajamo celo paleto dejavnosti, za katere so odgovorni posamezni u\u010ditelji.<\/span><\/p>\n<p style=\"text-align: justify\"><span style=\"font-family: book antiqua, palatino, serif;font-size: 14pt\">Dragi dijaki in dijakinje, u\u010ditelji in u\u010diteljice ter ostali zaposleni. Prepri\u010dana sem, da ste z dodatnimi dejavnostmi s podro\u010dja hortikulture, aran\u017eerstva in fotografije zelo veliko pripomogli k prepoznavnosti in ugledu na\u0161e \u0161ole.\u00a0 Hvala vam.<\/span><\/p>\n<p style=\"text-align: justify\"><span style=\"font-family: book antiqua, palatino, serif;font-size: 14pt;color: #003366\"><em>Vsem dijakom, dijakinjam, u\u010diteljem, u\u010diteljicam ter ostalim zaposlenim \u017eelim lepe po\u010ditnice. Vzemite si \u010das zase in svoje blji\u017enje, da boste lahko z veseljem poleteli novim izzivom na proti, ki vas \u010dakajo v novem \u0161olskem letu.<\/em><\/span><\/p>\n<p style=\"text-align: right\"><span style=\"font-family: book antiqua, palatino, serif;font-size: 14pt\">\u0160tefanija Kos Zidar, ravnateljica<\/span><\/p>\n","protected":false},"excerpt":{"rendered":"<p>Izteklo se je \u0161e eno posebno \u0161olsko leto, ki nam bo ostalo v spominu zaradi pandemije Covid \u2013 19. Preteklo \u0161olsko leto je bilo v znamenju pouka na daljavo, leto\u0161nje pa je v skladu z uredbami vlade RS potekalo v \u0161oli, kar je velik napredek. Po dveh letih epidemije smo delo v virtualnem svetu vzeli [&hellip;]<\/p>\n","protected":false},"author":7,"featured_media":0,"comment_status":"open","ping_status":"open","sticky":false,"template":"","format":"standard","meta":{"footnotes":""},"categories":[4],"tags":[],"class_list":["post-3565","post","type-post","status-publish","format-standard","hentry","category-obvestila"],"_links":{"self":[{"href":"https:\/\/www.hvu.si\/srednja\/index.php?rest_route=\/wp\/v2\/posts\/3565","targetHints":{"allow":["GET"]}}],"collection":[{"href":"https:\/\/www.hvu.si\/srednja\/index.php?rest_route=\/wp\/v2\/posts"}],"about":[{"href":"https:\/\/www.hvu.si\/srednja\/index.php?rest_route=\/wp\/v2\/types\/post"}],"author":[{"embeddable":true,"href":"https:\/\/www.hvu.si\/srednja\/index.php?rest_route=\/wp\/v2\/users\/7"}],"replies":[{"embeddable":true,"href":"https:\/\/www.hvu.si\/srednja\/index.php?rest_route=%2Fwp%2Fv2%2Fcomments&post=3565"}],"version-history":[{"count":1,"href":"https:\/\/www.hvu.si\/srednja\/index.php?rest_route=\/wp\/v2\/posts\/3565\/revisions"}],"predecessor-version":[{"id":3566,"href":"https:\/\/www.hvu.si\/srednja\/index.php?rest_route=\/wp\/v2\/posts\/3565\/revisions\/3566"}],"wp:attachment":[{"href":"https:\/\/www.hvu.si\/srednja\/index.php?rest_route=%2Fwp%2Fv2%2Fmedia&parent=3565"}],"wp:term":[{"taxonomy":"category","embeddable":true,"href":"https:\/\/www.hvu.si\/srednja\/index.php?rest_route=%2Fwp%2Fv2%2Fcategories&post=3565"},{"taxonomy":"post_tag","embeddable":true,"href":"https:\/\/www.hvu.si\/srednja\/index.php?rest_route=%2Fwp%2Fv2%2Ftags&post=3565"}],"curies":[{"name":"wp","href":"https:\/\/api.w.org\/{rel}","templated":true}]}}