{"id":3533,"date":"2022-06-09T09:09:50","date_gmt":"2022-06-09T07:09:50","guid":{"rendered":"https:\/\/www.hvu.si\/srednja\/?p=3533"},"modified":"2022-06-09T09:09:50","modified_gmt":"2022-06-09T07:09:50","slug":"pocitnisko-delo-za-dijake-v-mesecu-juliju","status":"publish","type":"post","link":"https:\/\/www.hvu.si\/srednja\/?p=3533","title":{"rendered":"Po\u010ditni\u0161ko delo za dijake v mesecu juliju"},"content":{"rendered":"<p style=\"text-align: justify\"><span style=\"font-family: book antiqua, palatino, serif;font-size: 14pt\"><strong>Mestna ob\u010dina Celje, Celjski mladinski center in Javno podjetje Zelenice d.o.o.<\/strong> ponuja prilo\u017enost, da se jim v mesecu juliju pridru\u017eite pri izvajanju po\u010ditni\u0161kega dela ter jim pomagate pri \u010di\u0161\u010denju okolice in s tem aktivno pre\u017eivite svoj prosti \u010das ter sklenete nova prijateljstva.<\/span><\/p>\n<p style=\"text-align: justify\"><span style=\"font-family: book antiqua, palatino, serif;font-size: 14pt\">Delo bo potekalo <strong>med 11. 7. 2022 in 29. 7. 2022<\/strong>, razdeljeno na tri skupine. Prva skupina bo delo opravljala od 11.7 \u2013 15.7, druga skupina od 18.7. do 22.7 ter tretja, od 25.7. do 29.7. Delo je le v dopoldanskem \u010dasu. Pla\u010dilo je 6,17\u20ac na uro (bruto znesek). Prijaviti se je mogo\u010de na en izbran termin in ni mo\u017enosti deljenega dela. Delo se izvaja 5 delovnih dni.<\/span><\/p>\n<p style=\"text-align: justify\"><span style=\"font-family: book antiqua, palatino, serif;font-size: 14pt\">S projektom bomo naslavljali razvoj dru\u017ebene odgovornosti ter krepili zavest o pomenu zdravega in \u010distega bivalnega okolja.<\/span><\/p>\n<p style=\"text-align: justify\"><span style=\"font-family: book antiqua, palatino, serif;font-size: 14pt\">\u0160tevilo mest je omejeno, zato se hitro\u00a0prijavi na\u00a0<a href=\"mailto:info@mc-celje.si\">info@mc-celje.si<\/a>.<\/span><\/p>\n","protected":false},"excerpt":{"rendered":"<p>Mestna ob\u010dina Celje, Celjski mladinski center in Javno podjetje Zelenice d.o.o. ponuja prilo\u017enost, da se jim v mesecu juliju pridru\u017eite pri izvajanju po\u010ditni\u0161kega dela ter jim pomagate pri \u010di\u0161\u010denju okolice in s tem aktivno pre\u017eivite svoj prosti \u010das ter sklenete nova prijateljstva. Delo bo potekalo med 11. 7. 2022 in 29. 7. 2022, razdeljeno na [&hellip;]<\/p>\n","protected":false},"author":7,"featured_media":0,"comment_status":"open","ping_status":"open","sticky":false,"template":"","format":"standard","meta":{"footnotes":""},"categories":[4],"tags":[],"class_list":["post-3533","post","type-post","status-publish","format-standard","hentry","category-obvestila"],"_links":{"self":[{"href":"https:\/\/www.hvu.si\/srednja\/index.php?rest_route=\/wp\/v2\/posts\/3533","targetHints":{"allow":["GET"]}}],"collection":[{"href":"https:\/\/www.hvu.si\/srednja\/index.php?rest_route=\/wp\/v2\/posts"}],"about":[{"href":"https:\/\/www.hvu.si\/srednja\/index.php?rest_route=\/wp\/v2\/types\/post"}],"author":[{"embeddable":true,"href":"https:\/\/www.hvu.si\/srednja\/index.php?rest_route=\/wp\/v2\/users\/7"}],"replies":[{"embeddable":true,"href":"https:\/\/www.hvu.si\/srednja\/index.php?rest_route=%2Fwp%2Fv2%2Fcomments&post=3533"}],"version-history":[{"count":1,"href":"https:\/\/www.hvu.si\/srednja\/index.php?rest_route=\/wp\/v2\/posts\/3533\/revisions"}],"predecessor-version":[{"id":3534,"href":"https:\/\/www.hvu.si\/srednja\/index.php?rest_route=\/wp\/v2\/posts\/3533\/revisions\/3534"}],"wp:attachment":[{"href":"https:\/\/www.hvu.si\/srednja\/index.php?rest_route=%2Fwp%2Fv2%2Fmedia&parent=3533"}],"wp:term":[{"taxonomy":"category","embeddable":true,"href":"https:\/\/www.hvu.si\/srednja\/index.php?rest_route=%2Fwp%2Fv2%2Fcategories&post=3533"},{"taxonomy":"post_tag","embeddable":true,"href":"https:\/\/www.hvu.si\/srednja\/index.php?rest_route=%2Fwp%2Fv2%2Ftags&post=3533"}],"curies":[{"name":"wp","href":"https:\/\/api.w.org\/{rel}","templated":true}]}}