{"id":3377,"date":"2022-04-06T16:16:37","date_gmt":"2022-04-06T14:16:37","guid":{"rendered":"https:\/\/www.hvu.si\/srednja\/?p=3377"},"modified":"2022-04-06T16:16:37","modified_gmt":"2022-04-06T14:16:37","slug":"strokovna-ekskurzija-v-benetke","status":"publish","type":"post","link":"https:\/\/www.hvu.si\/srednja\/?p=3377","title":{"rendered":"Strokovna ekskurzija v Benetke"},"content":{"rendered":"<p><span style=\"font-family: book antiqua, palatino, serif;font-size: 14pt\">V petek, 8. 4. 2022 in v soboto, 9. 4. 2022 je organizirana strokovna ekskurzija za\u00a0 dijake v Benetke.<\/span><\/p>\n<p><span style=\"font-family: book antiqua, palatino, serif;font-size: 14pt\">Od vas \u00a0pri\u010dakujemo odgovorno obna\u0161anje, brez prina\u0161anja alkoholnih pija\u010d in podobnega ter dosledno upo\u0161tevanje navodil spremljajo\u010dih u\u010diteljev.<\/span><\/p>\n<p><span style=\"font-family: book antiqua, palatino, serif;font-size: 14pt\">Dijaki, ki se ne boste udele\u017eili ekskurzije, imate organizirane druge dejavnosti v \u0161olskem parku, ki bodo potekale med 8. in 13. uro. V \u0161olo pridete pravo\u010dasno, primerno oble\u010deni in obuti.<\/span><\/p>\n<p><span style=\"font-family: book antiqua, palatino, serif;font-size: 14pt\">Dijaki, ki se ne boste udele\u017eili organiziranih dejavnosti, boste morali manjkajo\u010da dneva kasneje nadomestiti.<\/span><\/p>\n<p><span style=\"font-family: book antiqua, palatino, serif;font-size: 14pt\">V pojasnilo, nadome\u0161\u010da se 2 dneva in sicer 25. 4. 2022 in 26. 4. 2022, ko boste imeli prvomajske po\u010ditnice.<\/span><\/p>\n<p>&nbsp;<\/p>\n<p style=\"text-align: right\"><span style=\"font-family: book antiqua, palatino, serif;font-size: 14pt\">\u0160tefanija Kos Zidar, ravnateljica<\/span><\/p>\n","protected":false},"excerpt":{"rendered":"<p>V petek, 8. 4. 2022 in v soboto, 9. 4. 2022 je organizirana strokovna ekskurzija za\u00a0 dijake v Benetke. Od vas \u00a0pri\u010dakujemo odgovorno obna\u0161anje, brez prina\u0161anja alkoholnih pija\u010d in podobnega ter dosledno upo\u0161tevanje navodil spremljajo\u010dih u\u010diteljev. Dijaki, ki se ne boste udele\u017eili ekskurzije, imate organizirane druge dejavnosti v \u0161olskem parku, ki bodo potekale med 8. [&hellip;]<\/p>\n","protected":false},"author":6,"featured_media":0,"comment_status":"open","ping_status":"open","sticky":false,"template":"","format":"standard","meta":{"footnotes":""},"categories":[4],"tags":[],"class_list":["post-3377","post","type-post","status-publish","format-standard","hentry","category-obvestila"],"_links":{"self":[{"href":"https:\/\/www.hvu.si\/srednja\/index.php?rest_route=\/wp\/v2\/posts\/3377","targetHints":{"allow":["GET"]}}],"collection":[{"href":"https:\/\/www.hvu.si\/srednja\/index.php?rest_route=\/wp\/v2\/posts"}],"about":[{"href":"https:\/\/www.hvu.si\/srednja\/index.php?rest_route=\/wp\/v2\/types\/post"}],"author":[{"embeddable":true,"href":"https:\/\/www.hvu.si\/srednja\/index.php?rest_route=\/wp\/v2\/users\/6"}],"replies":[{"embeddable":true,"href":"https:\/\/www.hvu.si\/srednja\/index.php?rest_route=%2Fwp%2Fv2%2Fcomments&post=3377"}],"version-history":[{"count":1,"href":"https:\/\/www.hvu.si\/srednja\/index.php?rest_route=\/wp\/v2\/posts\/3377\/revisions"}],"predecessor-version":[{"id":3378,"href":"https:\/\/www.hvu.si\/srednja\/index.php?rest_route=\/wp\/v2\/posts\/3377\/revisions\/3378"}],"wp:attachment":[{"href":"https:\/\/www.hvu.si\/srednja\/index.php?rest_route=%2Fwp%2Fv2%2Fmedia&parent=3377"}],"wp:term":[{"taxonomy":"category","embeddable":true,"href":"https:\/\/www.hvu.si\/srednja\/index.php?rest_route=%2Fwp%2Fv2%2Fcategories&post=3377"},{"taxonomy":"post_tag","embeddable":true,"href":"https:\/\/www.hvu.si\/srednja\/index.php?rest_route=%2Fwp%2Fv2%2Ftags&post=3377"}],"curies":[{"name":"wp","href":"https:\/\/api.w.org\/{rel}","templated":true}]}}