{"id":3316,"date":"2022-03-14T10:20:57","date_gmt":"2022-03-14T09:20:57","guid":{"rendered":"https:\/\/www.hvu.si\/srednja\/?p=3316"},"modified":"2022-03-14T11:51:55","modified_gmt":"2022-03-14T10:51:55","slug":"projekt-rastem-s-knjigo-2","status":"publish","type":"post","link":"https:\/\/www.hvu.si\/srednja\/?p=3316","title":{"rendered":"Projekt Rastem s knjigo"},"content":{"rendered":"<p><span style=\"font-family: book antiqua, palatino, serif;font-size: 14pt\">\u0160HVU je \u017ee vrsto let vklju\u010dena v projekt rastem s knjigo. Projekt \u00bbRastem s knjigo\u00ab. je nacionalni projekt spodbujanja bralne kulture.<\/span><\/p>\n<p><span style=\"font-family: book antiqua, palatino, serif;font-size: 14pt\"><strong>Dijaki 1 CV, 1 AT; 1 FT, HT in 4 DHT bodo obiskali OSREDNJO KNJI\u017dNICO CELJE. <\/strong>Dijaki se zberejo pred OSREDNJO KNJI\u017dNICO CELJE ob.7.25 uri. Nazaj v \u0161olo se vrnejo<\/span><\/p>\n<p><span style=\"font-family: book antiqua, palatino, serif;font-size: 14pt\"> 4. \u0161olsko uro. Malico imajo na \u0161oli.<\/span><\/p>\n<p><span style=\"font-family: book antiqua, palatino, serif;font-size: 14pt\"><strong>Spremljajo\u010di u\u010ditelji:<\/strong><\/span><\/p>\n<p><span style=\"font-family: book antiqua, palatino, serif;font-size: 14pt\">1 .CV: Godec Manica, Kos Sergej<\/span><\/p>\n<p><span style=\"font-family: book antiqua, palatino, serif;font-size: 14pt\">1. FT, HT: Tja\u0161a Ogrizek, Klemen Vodovnik<\/span><\/p>\n<p><span style=\"font-family: book antiqua, palatino, serif;font-size: 14pt\">4. DHT: Godec Manica<\/span><\/p>\n<p><span style=\"font-family: book antiqua, palatino, serif;font-size: 14pt\">1 .AT: Cvetko Veronika, Oblak Lidija<strong>\u00a0<\/strong><\/span><span style=\"font-family: book antiqua, palatino, serif;font-size: 14pt\"><strong>\u00a0<\/strong><\/span><\/p>\n<table style=\"width: 890px\" border=\"3\" width=\"890\" cellspacing=\"0\" cellpadding=\"1\">\n<tbody>\n<tr style=\"height: 56px\">\n<td style=\"width: 34.4971%;height: 56px\" width=\"201\"><span style=\"font-family: book antiqua, palatino, serif;font-size: 14pt\">Ponedeljek, 21. 3. 2022<\/span><\/td>\n<td style=\"width: 16.3114%;height: 56px;text-align: center\" width=\"201\"><span style=\"font-family: book antiqua, palatino, serif;font-size: 14pt\">7.25<\/span><\/td>\n<td style=\"width: 54.669%;height: 56px;text-align: center\" width=\"201\"><span style=\"font-family: book antiqua, palatino, serif;font-size: 14pt\">1. CV<\/span><\/td>\n<\/tr>\n<tr style=\"height: 56px\">\n<td style=\"width: 34.4971%;height: 56px\" width=\"201\"><span style=\"font-family: book antiqua, palatino, serif;font-size: 14pt\">Torek, 22. 3. 2022<\/span><\/td>\n<td style=\"width: 16.3114%;height: 56px;text-align: center\" width=\"201\"><span style=\"font-family: book antiqua, palatino, serif;font-size: 14pt\">7.25<\/span><\/td>\n<td style=\"width: 54.669%;height: 56px;text-align: center\" width=\"201\"><span style=\"font-family: book antiqua, palatino, serif;font-size: 14pt\">4. DHT<\/span><\/td>\n<\/tr>\n<tr style=\"height: 56px\">\n<td style=\"width: 34.4971%;height: 56px\" width=\"201\"><span style=\"font-family: book antiqua, palatino, serif;font-size: 14pt\">\u010cetrtek, 24. 3. 2022<\/span><\/td>\n<td style=\"width: 16.3114%;height: 56px;text-align: center\" width=\"201\"><span style=\"font-family: book antiqua, palatino, serif;font-size: 14pt\">7.25<\/span><\/td>\n<td style=\"width: 54.669%;height: 56px;text-align: center\" width=\"201\"><span style=\"font-family: book antiqua, palatino, serif;font-size: 14pt\">1. FT, HT<\/span><\/td>\n<\/tr>\n<tr style=\"height: 56px\">\n<td style=\"width: 34.4971%;height: 56px\" width=\"201\"><span style=\"font-family: book antiqua, palatino, serif;font-size: 14pt\">Petek, 25. 3. 2022<\/span><\/td>\n<td style=\"width: 16.3114%;height: 56px;text-align: center\" width=\"201\"><span style=\"font-family: book antiqua, palatino, serif;font-size: 14pt\">7.25<\/span><\/td>\n<td style=\"width: 54.669%;height: 56px;text-align: center\" width=\"201\"><span style=\"font-family: book antiqua, palatino, serif;font-size: 14pt\">1. AT<\/span><\/td>\n<\/tr>\n<\/tbody>\n<\/table>\n<p><span style=\"font-family: book antiqua, palatino, serif;font-size: 14pt\"><strong>\u00a0<\/strong><\/span><\/p>\n","protected":false},"excerpt":{"rendered":"<p>\u0160HVU je \u017ee vrsto let vklju\u010dena v projekt rastem s knjigo. Projekt \u00bbRastem s knjigo\u00ab. je nacionalni projekt spodbujanja bralne kulture. Dijaki 1 CV, 1 AT; 1 FT, HT in 4 DHT bodo obiskali OSREDNJO KNJI\u017dNICO CELJE. Dijaki se zberejo pred OSREDNJO KNJI\u017dNICO CELJE ob.7.25 uri. Nazaj v \u0161olo se vrnejo 4. \u0161olsko uro. Malico [&hellip;]<\/p>\n","protected":false},"author":7,"featured_media":0,"comment_status":"open","ping_status":"open","sticky":false,"template":"","format":"standard","meta":{"footnotes":""},"categories":[4],"tags":[],"class_list":["post-3316","post","type-post","status-publish","format-standard","hentry","category-obvestila"],"_links":{"self":[{"href":"https:\/\/www.hvu.si\/srednja\/index.php?rest_route=\/wp\/v2\/posts\/3316","targetHints":{"allow":["GET"]}}],"collection":[{"href":"https:\/\/www.hvu.si\/srednja\/index.php?rest_route=\/wp\/v2\/posts"}],"about":[{"href":"https:\/\/www.hvu.si\/srednja\/index.php?rest_route=\/wp\/v2\/types\/post"}],"author":[{"embeddable":true,"href":"https:\/\/www.hvu.si\/srednja\/index.php?rest_route=\/wp\/v2\/users\/7"}],"replies":[{"embeddable":true,"href":"https:\/\/www.hvu.si\/srednja\/index.php?rest_route=%2Fwp%2Fv2%2Fcomments&post=3316"}],"version-history":[{"count":7,"href":"https:\/\/www.hvu.si\/srednja\/index.php?rest_route=\/wp\/v2\/posts\/3316\/revisions"}],"predecessor-version":[{"id":3331,"href":"https:\/\/www.hvu.si\/srednja\/index.php?rest_route=\/wp\/v2\/posts\/3316\/revisions\/3331"}],"wp:attachment":[{"href":"https:\/\/www.hvu.si\/srednja\/index.php?rest_route=%2Fwp%2Fv2%2Fmedia&parent=3316"}],"wp:term":[{"taxonomy":"category","embeddable":true,"href":"https:\/\/www.hvu.si\/srednja\/index.php?rest_route=%2Fwp%2Fv2%2Fcategories&post=3316"},{"taxonomy":"post_tag","embeddable":true,"href":"https:\/\/www.hvu.si\/srednja\/index.php?rest_route=%2Fwp%2Fv2%2Ftags&post=3316"}],"curies":[{"name":"wp","href":"https:\/\/api.w.org\/{rel}","templated":true}]}}