{"id":3285,"date":"2022-03-07T09:20:45","date_gmt":"2022-03-07T08:20:45","guid":{"rendered":"https:\/\/www.hvu.si\/srednja\/?p=3285"},"modified":"2022-03-07T15:41:50","modified_gmt":"2022-03-07T14:41:50","slug":"humanitarna-pomoc-za-ukrajino","status":"publish","type":"post","link":"https:\/\/www.hvu.si\/srednja\/?p=3285","title":{"rendered":"Humanitarna pomo\u010d za Ukrajino"},"content":{"rendered":"<p class=\"v1msonormal\" style=\"text-align: justify\"><span style=\"font-size: 14pt;font-family: 'Trebuchet MS', sans-serif\"><span style=\"font-family: book antiqua, palatino, serif\">Mestna ob\u010dina Celje se pridru\u017euje humanitarni akciji za pomo\u010d Ukrajini, zato je bila sprejeta odlo\u010ditev, da bomo skupaj z na\u0161imi ob\u010dani zbirali humanitarno pomo\u010d zanje in sicer v sodelovanju s \u00a0Celjskim mladinskim centrom, kjer je organizirano prevzemno mesto. Akcija bo potekala <span style=\"color: #800000\"><strong>od 3. marca 2022 do vklju\u010dno 9. marca 2022<\/strong><\/span>. V priponki vam posredujemo povabilo, ki smo ga objavili na spletni MOC, dostopno tudi na povezavi: <a href=\"https:\/\/moc.celje.si\/novice-in-obvestila\/7525-humanitarno-pomoc-za-ukrajino-bomo-zbirali-v-celjskem-mladinskem-centru\" target=\"_blank\" rel=\"noopener\">https:\/\/moc.celje.si\/novice-in-obvestila\/7525-humanitarno-pomoc-za-ukrajino-bomo-zbirali-v-celjskem-mladinskem-centru<\/a> , s podrobnej\u0161imi podatki.<\/span> <\/span><\/p>\n<p style=\"text-align: justify\"><span style=\"font-family: book antiqua, palatino, serif;font-size: 14pt\">K akciji se pridru\u017euje tudi na\u0161a \u0161ola, zato vse dijake in star\u0161e prosimo za sodelovanje.<\/span><\/p>\n<p style=\"text-align: justify\"><span style=\"font-family: book antiqua, palatino, serif;font-size: 14pt;color: #800000\">Zbirno mesto prine\u0161ene humanitarne pomo\u010di je v knji\u017enici \u0161ole.<\/span><\/p>\n","protected":false},"excerpt":{"rendered":"<p>Mestna ob\u010dina Celje se pridru\u017euje humanitarni akciji za pomo\u010d Ukrajini, zato je bila sprejeta odlo\u010ditev, da bomo skupaj z na\u0161imi ob\u010dani zbirali humanitarno pomo\u010d zanje in sicer v sodelovanju s \u00a0Celjskim mladinskim centrom, kjer je organizirano prevzemno mesto. Akcija bo potekala od 3. marca 2022 do vklju\u010dno 9. marca 2022. V priponki vam posredujemo povabilo, [&hellip;]<\/p>\n","protected":false},"author":7,"featured_media":0,"comment_status":"open","ping_status":"open","sticky":false,"template":"","format":"standard","meta":{"footnotes":""},"categories":[4],"tags":[],"class_list":["post-3285","post","type-post","status-publish","format-standard","hentry","category-obvestila"],"_links":{"self":[{"href":"https:\/\/www.hvu.si\/srednja\/index.php?rest_route=\/wp\/v2\/posts\/3285","targetHints":{"allow":["GET"]}}],"collection":[{"href":"https:\/\/www.hvu.si\/srednja\/index.php?rest_route=\/wp\/v2\/posts"}],"about":[{"href":"https:\/\/www.hvu.si\/srednja\/index.php?rest_route=\/wp\/v2\/types\/post"}],"author":[{"embeddable":true,"href":"https:\/\/www.hvu.si\/srednja\/index.php?rest_route=\/wp\/v2\/users\/7"}],"replies":[{"embeddable":true,"href":"https:\/\/www.hvu.si\/srednja\/index.php?rest_route=%2Fwp%2Fv2%2Fcomments&post=3285"}],"version-history":[{"count":2,"href":"https:\/\/www.hvu.si\/srednja\/index.php?rest_route=\/wp\/v2\/posts\/3285\/revisions"}],"predecessor-version":[{"id":3291,"href":"https:\/\/www.hvu.si\/srednja\/index.php?rest_route=\/wp\/v2\/posts\/3285\/revisions\/3291"}],"wp:attachment":[{"href":"https:\/\/www.hvu.si\/srednja\/index.php?rest_route=%2Fwp%2Fv2%2Fmedia&parent=3285"}],"wp:term":[{"taxonomy":"category","embeddable":true,"href":"https:\/\/www.hvu.si\/srednja\/index.php?rest_route=%2Fwp%2Fv2%2Fcategories&post=3285"},{"taxonomy":"post_tag","embeddable":true,"href":"https:\/\/www.hvu.si\/srednja\/index.php?rest_route=%2Fwp%2Fv2%2Ftags&post=3285"}],"curies":[{"name":"wp","href":"https:\/\/api.w.org\/{rel}","templated":true}]}}