{"id":3233,"date":"2022-02-15T07:37:31","date_gmt":"2022-02-15T06:37:31","guid":{"rendered":"https:\/\/www.hvu.si\/srednja\/?p=3233"},"modified":"2022-02-15T07:37:31","modified_gmt":"2022-02-15T06:37:31","slug":"s-smucarskim-tekom-do-zdravega-nacina-zivljenja","status":"publish","type":"post","link":"https:\/\/www.hvu.si\/srednja\/?p=3233","title":{"rendered":"S smu\u010darskim tekom do zdravega na\u010dina \u017eivljenja"},"content":{"rendered":"<p style=\"text-align: justify\"><span style=\"font-family: book antiqua, palatino, serif;font-size: 14pt\"><em>Tek na smu\u010deh ponuja razko\u0161je u\u017eitkov in svobode gibanja ter poskrbi za celovito gibanje telesa.<\/em><\/span><\/p>\n<p style=\"text-align: justify\"><span style=\"font-family: book antiqua, palatino, serif;font-size: 14pt\">Na \u0161oli nadaljujemo z dejavnostmi, ki spodbujajo zdrav \u017eivljenjski slog. V sklopu cikla aktivnosti zdravega \u017eivljenjskega sloga bomo izvedli delavnico smu\u010darskega teka. <strong>Vsi zainteresirani dijaki vabljeni na delavnico teka na smu\u010deh, ki bo v \u010detrtek, 17. 2. 2022, 14:30\u201316:00 v Mestnem parku Celje na progi za smu\u010darski tek<\/strong> (ob drsali\u0161\u010du). Zbirno mesto je na parkiri\u0161\u010du pred drsali\u0161\u010dem ob 14:30.<\/span><\/p>\n<p style=\"text-align: justify\"><span style=\"font-family: book antiqua, palatino, serif;font-size: 14pt\">Program bomo realizirali v obsegu dveh \u0161olskih ur. Na delavnici bomo spoznali\u00a0 osnovno opremo, ogrevalne vaje ter osnovne elemente teka na smu\u010deh: klasi\u010dne in drsalne tehnike. Udele\u017eenci delavnice oblecite \u0161portna obla\u010dila. Kdor nima smu\u010di, palic ali \u010devljev si jih lahko brezpla\u010dno izposodi v prostorih teni\u0161kega kluba ali pri meni. Vsem dijakom, ki se bodo udele\u017eili delavnice smu\u010darskega teka, se priznata dve uri udele\u017ebe na kro\u017ekih. Vsi, ki se boste udele\u017eili delavnice, se vpi\u0161ite na prilo\u017een seznam (oglasna deska v avli \u0161ole).<\/span><\/p>\n<p style=\"text-align: justify\"><span style=\"font-family: book antiqua, palatino, serif;font-size: 14pt\">V \u00a0primeru slabega vremena delavnica teka na smu\u010deh odpade.<\/span><\/p>\n<p style=\"text-align: justify\"><span style=\"font-family: book antiqua, palatino, serif;font-size: 14pt\">Lepo povabljeni na delavnico smu\u010darskega teka!\u00a0\u00a0\u00a0\u00a0\u00a0\u00a0\u00a0\u00a0\u00a0\u00a0\u00a0\u00a0\u00a0\u00a0\u00a0\u00a0\u00a0\u00a0\u00a0\u00a0\u00a0\u00a0\u00a0 <\/span><\/p>\n<p style=\"text-align: justify\"><span style=\"font-family: book antiqua, palatino, serif;font-size: 14pt\">Klemen Vodovnik, prof.<\/span><\/p>\n","protected":false},"excerpt":{"rendered":"<p>Tek na smu\u010deh ponuja razko\u0161je u\u017eitkov in svobode gibanja ter poskrbi za celovito gibanje telesa. Na \u0161oli nadaljujemo z dejavnostmi, ki spodbujajo zdrav \u017eivljenjski slog. V sklopu cikla aktivnosti zdravega \u017eivljenjskega sloga bomo izvedli delavnico smu\u010darskega teka. Vsi zainteresirani dijaki vabljeni na delavnico teka na smu\u010deh, ki bo v \u010detrtek, 17. 2. 2022, 14:30\u201316:00 v [&hellip;]<\/p>\n","protected":false},"author":7,"featured_media":0,"comment_status":"open","ping_status":"open","sticky":false,"template":"","format":"standard","meta":{"footnotes":""},"categories":[4],"tags":[],"class_list":["post-3233","post","type-post","status-publish","format-standard","hentry","category-obvestila"],"_links":{"self":[{"href":"https:\/\/www.hvu.si\/srednja\/index.php?rest_route=\/wp\/v2\/posts\/3233","targetHints":{"allow":["GET"]}}],"collection":[{"href":"https:\/\/www.hvu.si\/srednja\/index.php?rest_route=\/wp\/v2\/posts"}],"about":[{"href":"https:\/\/www.hvu.si\/srednja\/index.php?rest_route=\/wp\/v2\/types\/post"}],"author":[{"embeddable":true,"href":"https:\/\/www.hvu.si\/srednja\/index.php?rest_route=\/wp\/v2\/users\/7"}],"replies":[{"embeddable":true,"href":"https:\/\/www.hvu.si\/srednja\/index.php?rest_route=%2Fwp%2Fv2%2Fcomments&post=3233"}],"version-history":[{"count":1,"href":"https:\/\/www.hvu.si\/srednja\/index.php?rest_route=\/wp\/v2\/posts\/3233\/revisions"}],"predecessor-version":[{"id":3234,"href":"https:\/\/www.hvu.si\/srednja\/index.php?rest_route=\/wp\/v2\/posts\/3233\/revisions\/3234"}],"wp:attachment":[{"href":"https:\/\/www.hvu.si\/srednja\/index.php?rest_route=%2Fwp%2Fv2%2Fmedia&parent=3233"}],"wp:term":[{"taxonomy":"category","embeddable":true,"href":"https:\/\/www.hvu.si\/srednja\/index.php?rest_route=%2Fwp%2Fv2%2Fcategories&post=3233"},{"taxonomy":"post_tag","embeddable":true,"href":"https:\/\/www.hvu.si\/srednja\/index.php?rest_route=%2Fwp%2Fv2%2Ftags&post=3233"}],"curies":[{"name":"wp","href":"https:\/\/api.w.org\/{rel}","templated":true}]}}