{"id":3199,"date":"2022-02-02T08:16:05","date_gmt":"2022-02-02T07:16:05","guid":{"rendered":"https:\/\/www.hvu.si\/srednja\/?p=3199"},"modified":"2022-02-02T08:18:03","modified_gmt":"2022-02-02T07:18:03","slug":"vtv-velenjska-tv","status":"publish","type":"post","link":"https:\/\/www.hvu.si\/srednja\/?p=3199","title":{"rendered":"VTV &#8211; Velenjska TV"},"content":{"rendered":"<p style=\"text-align: justify\"><span style=\"font-family: book antiqua, palatino, serif;font-size: 14pt\">\u0160olo za hortikulturo in vizualne umetnosti Celje odlikuje ve\u010d kot 75- letna tradicija s podro\u010dja hortikulture in 20-letna tradicija na podro\u010dju aran\u017eerstva. Na \u0160oli za hortikulturo in vizualne umetnosti ter Vi\u0161ji strokovni \u0161oli za hortikulturo Celje izobra\u017eujejo za zelene poklice, ki so poklici prihodnosti.<\/span><\/p>\n<p><span style=\"font-family: book antiqua, palatino, serif;font-size: 14pt\"><a href=\"https:\/\/www.facebook.com\/hvu.celje\/?__cft__%5b0%5d=AZXo53AUTurber_XemQyFyQvd4T6Fdofw4ZdLm0RhJIa3dUF2aZzF-_LDnzG7z_vwFFTZJA56AX8gfUL8OhY8WQKiPtWWNvZWLHJfZu705HKg_lay5iXzgp6IULaBMBSvckOOhdatNTKJqsnFlA0JMNfHVcclGUUAblhW1vy_h5dgg&amp;__tn__=kK-R\">\u0160ola za hortikulturo in vizualne umetnosti Celje &#8211; Srednja \u0161ola<\/a> <a href=\"https:\/\/www.facebook.com\/%C5%A0ola-za-hortikulturo-in-vizualne-umetnosti-Celje-Vi%C5%A1ja-strokovna-%C5%A1ola-1492102404213495\/?__cft__%5b0%5d=AZXo53AUTurber_XemQyFyQvd4T6Fdofw4ZdLm0RhJIa3dUF2aZzF-_LDnzG7z_vwFFTZJA56AX8gfUL8OhY8WQKiPtWWNvZWLHJfZu705HKg_lay5iXzgp6IULaBMBSvckOOhdatNTKJqsnFlA0JMNfHVcclGUUAblhW1vy_h5dgg&amp;__tn__=kK-R\">\u0160ola za hortikulturo in vizualne umetnosti Celje, Vi\u0161ja strokovna \u0161ola<\/a><\/span><\/p>\n<p><a href=\"https:\/\/www.facebook.com\/vtvstudioslo\/videos\/620244455938908\"><span style=\"font-family: book antiqua, palatino, serif;font-size: 14pt\">Oddaja<\/span><\/a><\/p>\n","protected":false},"excerpt":{"rendered":"<p>\u0160olo za hortikulturo in vizualne umetnosti Celje odlikuje ve\u010d kot 75- letna tradicija s podro\u010dja hortikulture in 20-letna tradicija na podro\u010dju aran\u017eerstva. Na \u0160oli za hortikulturo in vizualne umetnosti ter Vi\u0161ji strokovni \u0161oli za hortikulturo Celje izobra\u017eujejo za zelene poklice, ki so poklici prihodnosti. \u0160ola za hortikulturo in vizualne umetnosti Celje &#8211; Srednja \u0161ola \u0160ola [&hellip;]<\/p>\n","protected":false},"author":7,"featured_media":0,"comment_status":"open","ping_status":"open","sticky":false,"template":"","format":"standard","meta":{"footnotes":""},"categories":[10],"tags":[],"class_list":["post-3199","post","type-post","status-publish","format-standard","hentry","category-mediji-o-nas"],"_links":{"self":[{"href":"https:\/\/www.hvu.si\/srednja\/index.php?rest_route=\/wp\/v2\/posts\/3199","targetHints":{"allow":["GET"]}}],"collection":[{"href":"https:\/\/www.hvu.si\/srednja\/index.php?rest_route=\/wp\/v2\/posts"}],"about":[{"href":"https:\/\/www.hvu.si\/srednja\/index.php?rest_route=\/wp\/v2\/types\/post"}],"author":[{"embeddable":true,"href":"https:\/\/www.hvu.si\/srednja\/index.php?rest_route=\/wp\/v2\/users\/7"}],"replies":[{"embeddable":true,"href":"https:\/\/www.hvu.si\/srednja\/index.php?rest_route=%2Fwp%2Fv2%2Fcomments&post=3199"}],"version-history":[{"count":2,"href":"https:\/\/www.hvu.si\/srednja\/index.php?rest_route=\/wp\/v2\/posts\/3199\/revisions"}],"predecessor-version":[{"id":3201,"href":"https:\/\/www.hvu.si\/srednja\/index.php?rest_route=\/wp\/v2\/posts\/3199\/revisions\/3201"}],"wp:attachment":[{"href":"https:\/\/www.hvu.si\/srednja\/index.php?rest_route=%2Fwp%2Fv2%2Fmedia&parent=3199"}],"wp:term":[{"taxonomy":"category","embeddable":true,"href":"https:\/\/www.hvu.si\/srednja\/index.php?rest_route=%2Fwp%2Fv2%2Fcategories&post=3199"},{"taxonomy":"post_tag","embeddable":true,"href":"https:\/\/www.hvu.si\/srednja\/index.php?rest_route=%2Fwp%2Fv2%2Ftags&post=3199"}],"curies":[{"name":"wp","href":"https:\/\/api.w.org\/{rel}","templated":true}]}}