{"id":3085,"date":"2021-12-23T10:24:06","date_gmt":"2021-12-23T09:24:06","guid":{"rendered":"https:\/\/www.hvu.si\/srednja\/?p=3085"},"modified":"2021-12-23T10:24:06","modified_gmt":"2021-12-23T09:24:06","slug":"praznicni-nagovor-dijakom-in-dijakinjam-23-december-2021","status":"publish","type":"post","link":"https:\/\/www.hvu.si\/srednja\/?p=3085","title":{"rendered":"Prazni\u010dni nagovor dijakom in dijakinjam, 23. december 2021"},"content":{"rendered":"<p style=\"text-align: justify\"><span style=\"font-family: book antiqua, palatino, serif;font-size: 14pt\">Po\u010dasi, a nezadr\u017eno se izteka \u0161e eno posebno leto, leto 2021. Ostalo nam bo v spominu zaradi pandemije Covid \u2013 19. Preteklo \u0161olsko leto je bilo v znamenju pouka na daljavo, leto\u0161nje pa v skladu z uredbami vlade RS poteka v \u0161oli, kar je velik napredek. Po dveh letih epidemije smo delo v virtualnem svetu vzeli za svojega, tako, da tudi ob\u010dasne karantene dijakov niso bistveno okrnile pedago\u0161ki proces. Vesela sem, da nam uspeva kljub zahtevam \u010dasa ohranjati dobre medosebne odnose, ki se obi\u010dajno ob tak\u0161nih krizah razrahljajo. Zato je \u0161e toliko bolj pomembno, da smo \u010duje\u010di in imamo empatijo drug do drugega.<\/span><\/p>\n<p style=\"text-align: justify\"><span style=\"font-family: book antiqua, palatino, serif;font-size: 14pt\">To leto je bilo za na\u0161o \u0161olo zelo pomembno, saj nam je resorno Ministrstvo za izobra\u017eevanje, znanost in \u0161port odobrilo nov program <strong>Fotografski tehnik.<\/strong> Prepri\u010dana sem, da novo pridobljeni program prina\u0161a zelo pomemben mejnik v razvoju na\u0161e \u0161ole. Tako ste dijaki prve generacije programa fotografski tehnik z novim \u0161olskim letom 2021\/22 prvi\u010d sedli v na\u0161e \u0161olski klopi. \u017delim, da se po\u010dutite dobro v dru\u017ebi ostalih dijakov.<\/span><\/p>\n<p style=\"text-align: justify\"><span style=\"font-family: book antiqua, palatino, serif;font-size: 14pt\">Pred nami je \u010das najlep\u0161ih praznikov v letu &#8211; bo\u017ei\u010d, novo leto \u2026 To je prilo\u017enost, da dru\u017eina najde \u010das zase in se v krogu nje zopet po\u010dutimo otroci \u2026 Je tudi \u010das 31. obletnice plebiscita, ko smo se Slovenci v zelo velikem \u0161tevilu izrekli za samostojno dr\u017eavo in praznovanja 30. obletnice samostojne dr\u017eave Slovenije. Prav na dana\u0161nji dan pred 30. leti smo slovenci dobili svojo ustavo, ki je moderna in nas uvr\u0161\u010da v skupino evropskih narodov. Iztekajo\u010de se leto je bilo posebno tudi zaradi na\u0161ega predsedovanja EU skupnosti, kjer smo nalogo vode\u010de dr\u017eave odli\u010dno izpeljali.<\/span><!--more--><\/p>\n<p style=\"text-align: justify\"><span style=\"font-family: book antiqua, palatino, serif;font-size: 14pt\"><strong>Dragi dijaki in dijakinje:<\/strong><\/span><\/p>\n<p style=\"text-align: justify\"><span style=\"font-family: book antiqua, palatino, serif;font-size: 14pt\">Bodimo ponosni na na\u0161o dr\u017eavo in doma ne pozabimo izobesiti slovensko in evropsko zastavo ob dr\u017eavnih praznikih. Sedaj je pravi \u010das, da pogledamo nazaj, kako nam je uspelo usvojiti zastavljene cilje in si hkrati \u017ee postavljamo nove. Poleg svojih osebnih ciljev, je vsakdo izmed vas aktiven v neki sredini, kjer je glavno vodilo odigrati vlogo, ki nam je dodeljena in jo tudi najbolje obvladamo.<\/span><\/p>\n<p style=\"text-align: justify\"><span style=\"font-family: book antiqua, palatino, serif;font-size: 14pt\">Iztekajo\u010de se leto 2021 je bilo za na\u0161o \u0161olo zelo uspe\u0161no. Predvsem \u017eelim izpostaviti tisti del, kjer ste se vi, dijaki in dijakinje, posamezno ali v skupini zelo izkazali in tako potrdili, da smo \u0161ola, ki u\u010di za \u017eivljenje. Naj omenim najvidnej\u0161a tekmovanja, dose\u017eke in dogodke:<\/span><\/p>\n<ul style=\"text-align: justify\">\n<li><span style=\"font-family: book antiqua, palatino, serif;font-size: 14pt\">dr\u017eavno predtekmovanje SloveniaSkills 2022 v aran\u017eerstvu, dr\u017eavno predtekmovanje v cvetli\u010darstvu za predizbor Sloveniaskills 2022,<\/span><\/li>\n<li><span style=\"font-family: book antiqua, palatino, serif;font-size: 14pt\">\u0161tevilni zelo dobri dose\u017eki na tekmovanjih iz splo\u0161no izobra\u017eevanih predmetov in ekokvizu,<\/span><\/li>\n<li><span style=\"font-family: book antiqua, palatino, serif;font-size: 14pt\">veliko odli\u010dnih rezultatov na raznih nate\u010dajih in projektih \u0161e zlasti pri programu aran\u017eerski tehnik (Cinkarna celje, nate\u010daj Eko\u0161ole),<\/span><\/li>\n<li><span style=\"font-family: book antiqua, palatino, serif;font-size: 14pt\">visoko ocenjene in uporabne raziskovalne naloge,<\/span><\/li>\n<li><span style=\"font-family: book antiqua, palatino, serif;font-size: 14pt\">zelo dobro pripravljen in izveden dogodek \u00bbXXI. Dan \u0161pargljev \u2013 zasnova novega nasada \u0161pargljev\u00ab,<\/span><\/li>\n<li><span style=\"font-family: book antiqua, palatino, serif;font-size: 14pt\">\u0161tevilne promocijske aktivnosti na O\u0160 in drugje, kot je npr. dekoracija izlo\u017eb na\u0161ih aran\u017eerjev v mestu Celje, instalacija velikono\u010dnega pirha, adventnega venca, bo\u017ei\u010dnega drevesa in \u0161kratov v mestu Celje, adventnega venca v Sl. Gradcu, Lu\u0161tnih jaslic v Lu\u0161tu d. o. o., ki je bilo delo na\u0161ih aran\u017eerjev, cvetli\u010darjev, vrtnarjev in hortikulturnih tehnikov \u2026<\/span><\/li>\n<li><span style=\"font-family: book antiqua, palatino, serif;font-size: 14pt\">odmevna razstava prve generacije Fotografskih tehnikov in \u0161tevilna tekmovanja z odli\u010dnimi uvrstitvami dijakov programa Fotografski tehnik,<\/span><\/li>\n<li><span style=\"font-family: book antiqua, palatino, serif;font-size: 14pt\">zelo uspe\u0161ni dijaki na ZI in PM idr.<\/span><\/li>\n<\/ul>\n<p style=\"text-align: justify\"><span style=\"font-family: book antiqua, palatino, serif;font-size: 14pt\">\u2026, kar predstavlja izjemne dose\u017eke glede na \u0161tevilo na\u0161ih dijakov in dijakinj v primerjavi z drugimi \u0161olami \u2026<\/span><\/p>\n<p style=\"text-align: justify\"><span style=\"font-family: book antiqua, palatino, serif;font-size: 14pt\">Omenjeni dose\u017eki in dogodki potrjujejo, da smo in ostajamo najbolj\u0161a \u0161ola v Sloveniji s podro\u010dja hortikulture in oblikovanja.<\/span><\/p>\n<p style=\"text-align: justify\"><span style=\"font-family: book antiqua, palatino, serif;font-size: 14pt\">Predvsem pa verjamem dragi dijaki in dijakinje, da ste v tem letu spletli med sabo \u0161e bolj\u00a0 pristne vezi in postali pravi prijatelji.<\/span><\/p>\n<p style=\"text-align: justify\"><span style=\"font-family: book antiqua, palatino, serif;font-size: 14pt\"><strong>Dragi dijaki, drage dijakinje \u00a0\u2026<\/strong><\/span><\/p>\n<p style=\"text-align: justify\"><span style=\"font-family: book antiqua, palatino, serif;font-size: 14pt\">Hvala vam za va\u0161o sr\u010dnost, za va\u0161o pripravljenost pri \u0161olskih in ob\u0161olskih dejavnostih in va\u0161 prispevek k prepoznavnosti in dvigu ugleda \u0161ole \u2026<\/span><\/p>\n<p style=\"text-align: justify\"><span style=\"font-family: book antiqua, palatino, serif;font-size: 14pt\">Zahvala velja tudi u\u010diteljem in u\u010diteljicam, strokovnim sodelavcem in ostalim zaposlenim, ki so vas usmerjali na poti do cilja.<\/span><\/p>\n<p style=\"text-align: justify\"><span style=\"font-family: book antiqua, palatino, serif;font-size: 14pt\">Seveda pa je \u0161e pomembnej\u0161i osebni napredek vsakega izmed vas, zato vas povabim, da preletite svoje dose\u017eke v iztekajo\u010dem se letu, si naredite smeli na\u010drt in tako sledite svojemu \u017eivljenjskemu cilju naproti.<\/span><\/p>\n<p style=\"text-align: justify\"><span style=\"font-family: book antiqua, palatino, serif;font-size: 14pt\">Dragi dijaki, dijakinje, u\u010ditelji, u\u010diteljice, strokovni sodelavci in ostali zaposleni \u2026<\/span><\/p>\n<p style=\"text-align: justify\"><span style=\"font-family: book antiqua, palatino, serif;font-size: 14pt\">V prihajajo\u010dih dneh vam torej \u017eelim, da upo\u010dasnite korak, se zazrite vase in si vzemite \u010das za svoje najblji\u017eje.<\/span><\/p>\n<p style=\"text-align: justify\"><span style=\"font-family: book antiqua, palatino, serif;font-size: 14pt\">Vam in va\u0161im doma\u010dim \u017eelim do\u017eivete bo\u017ei\u010dne praznike ter sre\u010dno in zdravo novo leto 2022.<\/span><\/p>\n<p style=\"text-align: justify\"><span style=\"font-family: book antiqua, palatino, serif;font-size: 14pt\">Sre\u010dno \u2026<\/span><\/p>\n<p style=\"text-align: justify\"><span style=\"font-family: book antiqua, palatino, serif;font-size: 14pt\">\u0160tefanija Kos Zidar, ravnateljica<\/span><\/p>\n<p style=\"text-align: justify\">\n<p style=\"text-align: justify\">\n<p style=\"text-align: justify\">\n<p style=\"text-align: justify\">\n","protected":false},"excerpt":{"rendered":"<p>Po\u010dasi, a nezadr\u017eno se izteka \u0161e eno posebno leto, leto 2021. Ostalo nam bo v spominu zaradi pandemije Covid \u2013 19. Preteklo \u0161olsko leto je bilo v znamenju pouka na daljavo, leto\u0161nje pa v skladu z uredbami vlade RS poteka v \u0161oli, kar je velik napredek. Po dveh letih epidemije smo delo v virtualnem svetu [&hellip;]<\/p>\n","protected":false},"author":7,"featured_media":0,"comment_status":"open","ping_status":"open","sticky":false,"template":"","format":"standard","meta":{"footnotes":""},"categories":[4],"tags":[],"class_list":["post-3085","post","type-post","status-publish","format-standard","hentry","category-obvestila"],"_links":{"self":[{"href":"https:\/\/www.hvu.si\/srednja\/index.php?rest_route=\/wp\/v2\/posts\/3085","targetHints":{"allow":["GET"]}}],"collection":[{"href":"https:\/\/www.hvu.si\/srednja\/index.php?rest_route=\/wp\/v2\/posts"}],"about":[{"href":"https:\/\/www.hvu.si\/srednja\/index.php?rest_route=\/wp\/v2\/types\/post"}],"author":[{"embeddable":true,"href":"https:\/\/www.hvu.si\/srednja\/index.php?rest_route=\/wp\/v2\/users\/7"}],"replies":[{"embeddable":true,"href":"https:\/\/www.hvu.si\/srednja\/index.php?rest_route=%2Fwp%2Fv2%2Fcomments&post=3085"}],"version-history":[{"count":1,"href":"https:\/\/www.hvu.si\/srednja\/index.php?rest_route=\/wp\/v2\/posts\/3085\/revisions"}],"predecessor-version":[{"id":3086,"href":"https:\/\/www.hvu.si\/srednja\/index.php?rest_route=\/wp\/v2\/posts\/3085\/revisions\/3086"}],"wp:attachment":[{"href":"https:\/\/www.hvu.si\/srednja\/index.php?rest_route=%2Fwp%2Fv2%2Fmedia&parent=3085"}],"wp:term":[{"taxonomy":"category","embeddable":true,"href":"https:\/\/www.hvu.si\/srednja\/index.php?rest_route=%2Fwp%2Fv2%2Fcategories&post=3085"},{"taxonomy":"post_tag","embeddable":true,"href":"https:\/\/www.hvu.si\/srednja\/index.php?rest_route=%2Fwp%2Fv2%2Ftags&post=3085"}],"curies":[{"name":"wp","href":"https:\/\/api.w.org\/{rel}","templated":true}]}}