{"id":2967,"date":"2021-11-11T11:33:17","date_gmt":"2021-11-11T10:33:17","guid":{"rendered":"https:\/\/www.hvu.si\/srednja\/?p=2967"},"modified":"2021-11-11T11:33:17","modified_gmt":"2021-11-11T10:33:17","slug":"slovenska-pregledna-razstava-mladinske-fotografije-2021","status":"publish","type":"post","link":"https:\/\/www.hvu.si\/srednja\/?p=2967","title":{"rendered":"Slovenska pregledna razstava mladinske fotografije 2021"},"content":{"rendered":"<p style=\"text-align: justify\"><span style=\"font-family: book antiqua, palatino, serif;font-size: 14pt\">Je zaklju\u010dena. Na njej so sodelovali tudi dijaki na\u0161e \u0161ole, predvsem programa FOTOGRAFSKI TEHNIK, nekaj pa iz drugih programov. Zopet so dosegli lep uspeh. V kategoriji do 16 let je sodelovalo kar 136 mladih iz vse Slovenije. Poslali so 480 del, umetni\u0161ki svet FZS v sestavi Matej Peljhan, Andreja Peklaj, Du\u0161an Mi\u0161ka in Matja\u017e \u010cater pa je izbral 183 del med katerimi so podelili osem nagrad.<\/span><\/p>\n<p style=\"text-align: justify\"><span style=\"font-family: book antiqua, palatino, serif;font-size: 14pt\">Na\u0161 dijak Rene KRA\u010cUN si za fotografijo TELEFON prislu\u017eil diplomo ter imel sprejete \u0161e tri fotografije. Poleg njega so imeli sprejete fotografije \u0161e naslednji dijaki:<\/span><\/p>\n<p style=\"text-align: justify\"><span style=\"font-family: book antiqua, palatino, serif;font-size: 14pt\">TIM KAV\u0160EK &#8211; \u0161tiri fotografije, <\/span><span style=\"font-family: book antiqua, palatino, serif;font-size: 14pt\">PATRICIJA REDNJAK &#8211; \u0161tiri fotografije, <\/span><span style=\"font-family: book antiqua, palatino, serif;font-size: 14pt\">VID PODLESNIK &#8211; tri fotografije, <\/span><span style=\"font-family: book antiqua, palatino, serif;font-size: 14pt\">VALENTINA \u0160TANTE &#8211; tri fotografije, <\/span><span style=\"font-family: book antiqua, palatino, serif;font-size: 14pt\">RO\u017dLE KOT &#8211; tri fotografije, <\/span><span style=\"font-family: book antiqua, palatino, serif;font-size: 14pt\">NIKA TURECKI &#8211; tri fotografije, <\/span><span style=\"font-family: book antiqua, palatino, serif;font-size: 14pt\">NATA\u0160A SEMPRIMO\u017dNIK &#8211; tri fotografije, <\/span><span style=\"font-family: book antiqua, palatino, serif;font-size: 14pt\">MINKA BO\u017dANOVI\u010c &#8211; tri fotografije, <\/span><span style=\"font-family: book antiqua, palatino, serif;font-size: 14pt\">EVAN RAK &#8211; tri fotografije, <\/span><span style=\"font-family: book antiqua, palatino, serif;font-size: 14pt\">TIA BREZOVNIK &#8211; dve fotografiji, <\/span><span style=\"font-family: book antiqua, palatino, serif;font-size: 14pt\">KRISTINA RAM\u0160AK &#8211; dve fotografiji, <\/span><span style=\"font-family: book antiqua, palatino, serif;font-size: 14pt\">ULA KRO\u0160L ZAMIDA &#8211; eno fotografijo, <\/span><span style=\"font-family: book antiqua, palatino, serif;font-size: 14pt\">TIA JELENC &#8211; eno fotografijo, <\/span><span style=\"font-family: book antiqua, palatino, serif;font-size: 14pt\">NIKA \u0160MAR\u010cAN &#8211; eno fotografijo, <\/span><span style=\"font-family: book antiqua, palatino, serif;font-size: 14pt\">NAJA REMIC &#8211; eno fotografijo in <\/span><span style=\"font-family: book antiqua, palatino, serif;font-size: 14pt\">ANDREA JE\u017dOVNIK &#8211; eno fotografijo.<\/span><\/p>\n<p style=\"text-align: justify\"><span style=\"font-family: book antiqua, palatino, serif;font-size: 14pt\">Tako so na\u0161i dijaki skupno imeli sprejetih kar 42 fotografi ali 23% med vsemi sprejetimi. <\/span><span style=\"font-family: book antiqua, palatino, serif;font-size: 14pt\">Za dodaten uspeh, pa si lahko \u0161tejemo, da je bilo za SESTAVO KOLEKCIJE ZA MLADINSKI BIENALE V BELGIJI med dvajsetimi fotografijami izbranih kar pet fotografij na\u0161ih dijakov.<\/span><\/p>\n<p style=\"text-align: justify\"><span style=\"font-family: book antiqua, palatino, serif;font-size: 14pt\">Avtorji teh fotografij so: <\/span><span style=\"font-family: book antiqua, palatino, serif;font-size: 14pt\">Rene KRA\u010cUN, \u017eirija je izbrala dve njegovi fotografiji, Patriciji REDJAK, Vidu PODLESNIKU in Ro\u017eletu KOTU pa po eno fotografijo.<\/span><\/p>\n<p style=\"text-align: justify\"><span style=\"font-family: book antiqua, palatino, serif;font-size: 14pt\">Vsem dijakom \u0161e enkrat iskreno \u010destitamo!!!<\/span><\/p>\n<p style=\"text-align: justify\"><img loading=\"lazy\" decoding=\"async\" class=\"aligncenter size-large wp-image-2968\" src=\"http:\/\/www.hvu.si\/srednja\/wp-content\/uploads\/sites\/2\/2021\/11\/Slovenska-pregledna-razstava-mladinske-fotografije-20212-1024x576.jpg\" alt=\"\" width=\"1024\" height=\"576\" srcset=\"https:\/\/www.hvu.si\/srednja\/wp-content\/uploads\/sites\/2\/2021\/11\/Slovenska-pregledna-razstava-mladinske-fotografije-20212-1024x576.jpg 1024w, https:\/\/www.hvu.si\/srednja\/wp-content\/uploads\/sites\/2\/2021\/11\/Slovenska-pregledna-razstava-mladinske-fotografije-20212-300x169.jpg 300w, https:\/\/www.hvu.si\/srednja\/wp-content\/uploads\/sites\/2\/2021\/11\/Slovenska-pregledna-razstava-mladinske-fotografije-20212-768x432.jpg 768w, https:\/\/www.hvu.si\/srednja\/wp-content\/uploads\/sites\/2\/2021\/11\/Slovenska-pregledna-razstava-mladinske-fotografije-20212-1536x864.jpg 1536w, https:\/\/www.hvu.si\/srednja\/wp-content\/uploads\/sites\/2\/2021\/11\/Slovenska-pregledna-razstava-mladinske-fotografije-20212-2048x1152.jpg 2048w\" sizes=\"(max-width: 1024px) 100vw, 1024px\" \/><\/p>\n<p><img loading=\"lazy\" decoding=\"async\" class=\"aligncenter size-large wp-image-2969\" src=\"http:\/\/www.hvu.si\/srednja\/wp-content\/uploads\/sites\/2\/2021\/11\/Slovenska-pregledna-razstava-mladinske-fotografije-20213-1024x576.jpg\" alt=\"\" width=\"1024\" height=\"576\" srcset=\"https:\/\/www.hvu.si\/srednja\/wp-content\/uploads\/sites\/2\/2021\/11\/Slovenska-pregledna-razstava-mladinske-fotografije-20213-1024x576.jpg 1024w, https:\/\/www.hvu.si\/srednja\/wp-content\/uploads\/sites\/2\/2021\/11\/Slovenska-pregledna-razstava-mladinske-fotografije-20213-300x169.jpg 300w, https:\/\/www.hvu.si\/srednja\/wp-content\/uploads\/sites\/2\/2021\/11\/Slovenska-pregledna-razstava-mladinske-fotografije-20213-768x432.jpg 768w, https:\/\/www.hvu.si\/srednja\/wp-content\/uploads\/sites\/2\/2021\/11\/Slovenska-pregledna-razstava-mladinske-fotografije-20213-1536x864.jpg 1536w, https:\/\/www.hvu.si\/srednja\/wp-content\/uploads\/sites\/2\/2021\/11\/Slovenska-pregledna-razstava-mladinske-fotografije-20213-2048x1152.jpg 2048w\" sizes=\"(max-width: 1024px) 100vw, 1024px\" \/><\/p>\n<p><img loading=\"lazy\" decoding=\"async\" class=\"aligncenter size-large wp-image-2970\" src=\"http:\/\/www.hvu.si\/srednja\/wp-content\/uploads\/sites\/2\/2021\/11\/Slovenska-pregledna-razstava-mladinske-fotografije-20211-001-1024x576.jpg\" alt=\"\" width=\"1024\" height=\"576\" srcset=\"https:\/\/www.hvu.si\/srednja\/wp-content\/uploads\/sites\/2\/2021\/11\/Slovenska-pregledna-razstava-mladinske-fotografije-20211-001-1024x576.jpg 1024w, https:\/\/www.hvu.si\/srednja\/wp-content\/uploads\/sites\/2\/2021\/11\/Slovenska-pregledna-razstava-mladinske-fotografije-20211-001-300x169.jpg 300w, https:\/\/www.hvu.si\/srednja\/wp-content\/uploads\/sites\/2\/2021\/11\/Slovenska-pregledna-razstava-mladinske-fotografije-20211-001-768x432.jpg 768w, https:\/\/www.hvu.si\/srednja\/wp-content\/uploads\/sites\/2\/2021\/11\/Slovenska-pregledna-razstava-mladinske-fotografije-20211-001-1536x864.jpg 1536w, https:\/\/www.hvu.si\/srednja\/wp-content\/uploads\/sites\/2\/2021\/11\/Slovenska-pregledna-razstava-mladinske-fotografije-20211-001-2048x1152.jpg 2048w\" sizes=\"(max-width: 1024px) 100vw, 1024px\" \/><\/p>\n<p><img loading=\"lazy\" decoding=\"async\" class=\"aligncenter size-large wp-image-2971\" src=\"http:\/\/www.hvu.si\/srednja\/wp-content\/uploads\/sites\/2\/2021\/11\/Slovenska-pregledna-razstava-mladinske-fotografije-2021-1024x576.jpg\" alt=\"\" width=\"1024\" height=\"576\" srcset=\"https:\/\/www.hvu.si\/srednja\/wp-content\/uploads\/sites\/2\/2021\/11\/Slovenska-pregledna-razstava-mladinske-fotografije-2021-1024x576.jpg 1024w, https:\/\/www.hvu.si\/srednja\/wp-content\/uploads\/sites\/2\/2021\/11\/Slovenska-pregledna-razstava-mladinske-fotografije-2021-300x169.jpg 300w, https:\/\/www.hvu.si\/srednja\/wp-content\/uploads\/sites\/2\/2021\/11\/Slovenska-pregledna-razstava-mladinske-fotografije-2021-768x432.jpg 768w, https:\/\/www.hvu.si\/srednja\/wp-content\/uploads\/sites\/2\/2021\/11\/Slovenska-pregledna-razstava-mladinske-fotografije-2021-1536x864.jpg 1536w, https:\/\/www.hvu.si\/srednja\/wp-content\/uploads\/sites\/2\/2021\/11\/Slovenska-pregledna-razstava-mladinske-fotografije-2021-2048x1152.jpg 2048w\" sizes=\"(max-width: 1024px) 100vw, 1024px\" \/><\/p>\n","protected":false},"excerpt":{"rendered":"<p>Je zaklju\u010dena. Na njej so sodelovali tudi dijaki na\u0161e \u0161ole, predvsem programa FOTOGRAFSKI TEHNIK, nekaj pa iz drugih programov. Zopet so dosegli lep uspeh. V kategoriji do 16 let je sodelovalo kar 136 mladih iz vse Slovenije. Poslali so 480 del, umetni\u0161ki svet FZS v sestavi Matej Peljhan, Andreja Peklaj, Du\u0161an Mi\u0161ka in Matja\u017e \u010cater [&hellip;]<\/p>\n","protected":false},"author":7,"featured_media":0,"comment_status":"open","ping_status":"open","sticky":false,"template":"","format":"standard","meta":{"footnotes":""},"categories":[11],"tags":[],"class_list":["post-2967","post","type-post","status-publish","format-standard","hentry","category-dosezki-dijakov"],"_links":{"self":[{"href":"https:\/\/www.hvu.si\/srednja\/index.php?rest_route=\/wp\/v2\/posts\/2967","targetHints":{"allow":["GET"]}}],"collection":[{"href":"https:\/\/www.hvu.si\/srednja\/index.php?rest_route=\/wp\/v2\/posts"}],"about":[{"href":"https:\/\/www.hvu.si\/srednja\/index.php?rest_route=\/wp\/v2\/types\/post"}],"author":[{"embeddable":true,"href":"https:\/\/www.hvu.si\/srednja\/index.php?rest_route=\/wp\/v2\/users\/7"}],"replies":[{"embeddable":true,"href":"https:\/\/www.hvu.si\/srednja\/index.php?rest_route=%2Fwp%2Fv2%2Fcomments&post=2967"}],"version-history":[{"count":1,"href":"https:\/\/www.hvu.si\/srednja\/index.php?rest_route=\/wp\/v2\/posts\/2967\/revisions"}],"predecessor-version":[{"id":2972,"href":"https:\/\/www.hvu.si\/srednja\/index.php?rest_route=\/wp\/v2\/posts\/2967\/revisions\/2972"}],"wp:attachment":[{"href":"https:\/\/www.hvu.si\/srednja\/index.php?rest_route=%2Fwp%2Fv2%2Fmedia&parent=2967"}],"wp:term":[{"taxonomy":"category","embeddable":true,"href":"https:\/\/www.hvu.si\/srednja\/index.php?rest_route=%2Fwp%2Fv2%2Fcategories&post=2967"},{"taxonomy":"post_tag","embeddable":true,"href":"https:\/\/www.hvu.si\/srednja\/index.php?rest_route=%2Fwp%2Fv2%2Ftags&post=2967"}],"curies":[{"name":"wp","href":"https:\/\/api.w.org\/{rel}","templated":true}]}}