{"id":2932,"date":"2021-10-25T08:51:37","date_gmt":"2021-10-25T06:51:37","guid":{"rendered":"https:\/\/www.hvu.si\/srednja\/?p=2932"},"modified":"2021-10-25T08:51:59","modified_gmt":"2021-10-25T06:51:59","slug":"digitalne-pravice-otrok-posvet","status":"publish","type":"post","link":"https:\/\/www.hvu.si\/srednja\/?p=2932","title":{"rendered":"Digitalne pravice otrok &#8211; posvet"},"content":{"rendered":"<p style=\"text-align: justify\"><span style=\"font-family: book antiqua, palatino, serif;font-size: 14pt\">Obve\u0161\u010damo vas, da bo <strong>26. oktobra 2021, ob 12. uri<\/strong>, potekal strokovni posvet o <strong>digitalnih pravicah otrok<\/strong>.<\/span><\/p>\n<p style=\"text-align: justify\"><span style=\"font-family: book antiqua, palatino, serif;font-size: 14pt\">Tema meseca so digitalne dr\u017eavljanske, politi\u010dne, kulturne, ekonomske in socialne pravice mladih v Sloveniji. Posvet boste lahko v \u017eivo spremljali na portalu Arnes Video na naslednji povezavi <a href=\"https:\/\/informator.arnes.si\/lt.php?id=Nh8BCVAOGl8CVkoBBA9cUA\">&lt;https:\/\/informator.arnes.si\/\/lt.php?id=Nh8BCVAOGl8CVkoBBA9cUA&gt;<\/a>.<\/span><\/p>\n<p><span style=\"font-family: book antiqua, palatino, serif;font-size: 14pt\">Na posvetu bodo sodelovali dr. Jelena Burnik, vodja mednarodnega sodelovanja in nadzora pri Informacijskem poobla\u0161\u010dencu, Pika \u0160arf, raziskovalka na In\u0161titutu za kriminologijo pri Pravni fakulteti v Ljubljani in dr. Jo\u017ee Rupar\u010di\u010d, namestnik varuha \u010dlovekovih pravic.<\/span><\/p>\n","protected":false},"excerpt":{"rendered":"<p>Obve\u0161\u010damo vas, da bo 26. oktobra 2021, ob 12. uri, potekal strokovni posvet o digitalnih pravicah otrok. Tema meseca so digitalne dr\u017eavljanske, politi\u010dne, kulturne, ekonomske in socialne pravice mladih v Sloveniji. Posvet boste lahko v \u017eivo spremljali na portalu Arnes Video na naslednji povezavi &lt;https:\/\/informator.arnes.si\/\/lt.php?id=Nh8BCVAOGl8CVkoBBA9cUA&gt;. Na posvetu bodo sodelovali dr. Jelena Burnik, vodja mednarodnega sodelovanja [&hellip;]<\/p>\n","protected":false},"author":7,"featured_media":0,"comment_status":"open","ping_status":"open","sticky":false,"template":"","format":"standard","meta":{"footnotes":""},"categories":[4],"tags":[],"class_list":["post-2932","post","type-post","status-publish","format-standard","hentry","category-obvestila"],"_links":{"self":[{"href":"https:\/\/www.hvu.si\/srednja\/index.php?rest_route=\/wp\/v2\/posts\/2932","targetHints":{"allow":["GET"]}}],"collection":[{"href":"https:\/\/www.hvu.si\/srednja\/index.php?rest_route=\/wp\/v2\/posts"}],"about":[{"href":"https:\/\/www.hvu.si\/srednja\/index.php?rest_route=\/wp\/v2\/types\/post"}],"author":[{"embeddable":true,"href":"https:\/\/www.hvu.si\/srednja\/index.php?rest_route=\/wp\/v2\/users\/7"}],"replies":[{"embeddable":true,"href":"https:\/\/www.hvu.si\/srednja\/index.php?rest_route=%2Fwp%2Fv2%2Fcomments&post=2932"}],"version-history":[{"count":2,"href":"https:\/\/www.hvu.si\/srednja\/index.php?rest_route=\/wp\/v2\/posts\/2932\/revisions"}],"predecessor-version":[{"id":2934,"href":"https:\/\/www.hvu.si\/srednja\/index.php?rest_route=\/wp\/v2\/posts\/2932\/revisions\/2934"}],"wp:attachment":[{"href":"https:\/\/www.hvu.si\/srednja\/index.php?rest_route=%2Fwp%2Fv2%2Fmedia&parent=2932"}],"wp:term":[{"taxonomy":"category","embeddable":true,"href":"https:\/\/www.hvu.si\/srednja\/index.php?rest_route=%2Fwp%2Fv2%2Fcategories&post=2932"},{"taxonomy":"post_tag","embeddable":true,"href":"https:\/\/www.hvu.si\/srednja\/index.php?rest_route=%2Fwp%2Fv2%2Ftags&post=2932"}],"curies":[{"name":"wp","href":"https:\/\/api.w.org\/{rel}","templated":true}]}}