{"id":2880,"date":"2021-10-07T07:28:43","date_gmt":"2021-10-07T05:28:43","guid":{"rendered":"https:\/\/www.hvu.si\/srednja\/?p=2880"},"modified":"2021-10-07T07:29:19","modified_gmt":"2021-10-07T05:29:19","slug":"maratonski-izziv-2021","status":"publish","type":"post","link":"https:\/\/www.hvu.si\/srednja\/?p=2880","title":{"rendered":"Maratonski izziv 2021"},"content":{"rendered":"<p style=\"text-align: justify\"><span style=\"font-family: book antiqua, palatino, serif;font-size: 14pt\">Dijake in dijakinje vabim, da se prijavite na<strong> maratonski izziv<\/strong>, ki se bo izvajal od 1. 10. do 24. 10. 2021 namesto Ljubljanskega maratona.<\/span><\/p>\n<p style=\"text-align: justify\"><span style=\"font-family: book antiqua, palatino, serif;font-size: 14pt\">Izziv izgleda tako, da \u0161olsko ekipo sestavlja 14 dijakov. \u00a0Vsak \u010dlan ekipe odte\u010de svoj dele\u017e razdalje maratonskega izziva. \u010casi \u010dlanov ekipe na predpisani razdalji se izmerijo in se\u0161tejejo. Se\u0161teti \u010das se vnese v aplikacijo \u0160portni izziv. Dodatni izziv \u0161olske ekipe je, da s skupnimi mo\u010dmi posku\u0161a premagati \u00a0najbolj\u0161e \u010dase Ljubljanskega maratona. Med prijavljenimi ekipami bo \u017erebanje za\u00a0 prakti\u010dne nagrade.<\/span><\/p>\n<p style=\"text-align: justify\"><span style=\"font-family: book antiqua, palatino, serif;font-size: 14pt\">Dijaki\/nje, ki \u017eelite sodelovati na teka\u0161kem izzivu, se nanj lahko prijavite pri uri \u0160VZ. Tek na 3000 metrov lahko opravite pri uri \u0160VZ ali pa pridete v torek, 12. 10. 2021, ob 13.15 uri, k \u0161portnemu kro\u017eku. Zbirno mesto je na hodniku pred fitnesom. Bodite oble\u010deni v primerno \u0161portno opremo.<\/span><\/p>\n<p style=\"text-align: justify\"><span style=\"font-family: book antiqua, palatino, serif;font-size: 14pt\">Lepo vabljeni!<\/span><\/p>\n<p style=\"text-align: justify\"><span style=\"font-family: book antiqua, palatino, serif;font-size: 14pt\">Klemen Vodovnik, prof. \u0161portne vzgoje<\/span><\/p>\n","protected":false},"excerpt":{"rendered":"<p>Dijake in dijakinje vabim, da se prijavite na maratonski izziv, ki se bo izvajal od 1. 10. do 24. 10. 2021 namesto Ljubljanskega maratona. Izziv izgleda tako, da \u0161olsko ekipo sestavlja 14 dijakov. \u00a0Vsak \u010dlan ekipe odte\u010de svoj dele\u017e razdalje maratonskega izziva. \u010casi \u010dlanov ekipe na predpisani razdalji se izmerijo in se\u0161tejejo. Se\u0161teti \u010das se [&hellip;]<\/p>\n","protected":false},"author":7,"featured_media":0,"comment_status":"open","ping_status":"open","sticky":false,"template":"","format":"standard","meta":{"footnotes":""},"categories":[4],"tags":[],"class_list":["post-2880","post","type-post","status-publish","format-standard","hentry","category-obvestila"],"_links":{"self":[{"href":"https:\/\/www.hvu.si\/srednja\/index.php?rest_route=\/wp\/v2\/posts\/2880","targetHints":{"allow":["GET"]}}],"collection":[{"href":"https:\/\/www.hvu.si\/srednja\/index.php?rest_route=\/wp\/v2\/posts"}],"about":[{"href":"https:\/\/www.hvu.si\/srednja\/index.php?rest_route=\/wp\/v2\/types\/post"}],"author":[{"embeddable":true,"href":"https:\/\/www.hvu.si\/srednja\/index.php?rest_route=\/wp\/v2\/users\/7"}],"replies":[{"embeddable":true,"href":"https:\/\/www.hvu.si\/srednja\/index.php?rest_route=%2Fwp%2Fv2%2Fcomments&post=2880"}],"version-history":[{"count":2,"href":"https:\/\/www.hvu.si\/srednja\/index.php?rest_route=\/wp\/v2\/posts\/2880\/revisions"}],"predecessor-version":[{"id":2882,"href":"https:\/\/www.hvu.si\/srednja\/index.php?rest_route=\/wp\/v2\/posts\/2880\/revisions\/2882"}],"wp:attachment":[{"href":"https:\/\/www.hvu.si\/srednja\/index.php?rest_route=%2Fwp%2Fv2%2Fmedia&parent=2880"}],"wp:term":[{"taxonomy":"category","embeddable":true,"href":"https:\/\/www.hvu.si\/srednja\/index.php?rest_route=%2Fwp%2Fv2%2Fcategories&post=2880"},{"taxonomy":"post_tag","embeddable":true,"href":"https:\/\/www.hvu.si\/srednja\/index.php?rest_route=%2Fwp%2Fv2%2Ftags&post=2880"}],"curies":[{"name":"wp","href":"https:\/\/api.w.org\/{rel}","templated":true}]}}