{"id":2664,"date":"2021-09-08T09:35:55","date_gmt":"2021-09-08T07:35:55","guid":{"rendered":"https:\/\/www.hvu.si\/srednja\/?p=2664"},"modified":"2021-09-08T09:37:36","modified_gmt":"2021-09-08T07:37:36","slug":"nasa-sola-ze-tretje-leto-zapored-nagrajena-na-likovnem-natecaju-eko-sole","status":"publish","type":"post","link":"https:\/\/www.hvu.si\/srednja\/?p=2664","title":{"rendered":"Na\u0161a \u0161ola \u017ee tretje leto zapored nagrajena na likovnem nate\u010daju Eko \u0161ole"},"content":{"rendered":"<p style=\"text-align: justify\"><span style=\"font-family: book antiqua, palatino, serif;font-size: 14pt\">Dijaki 3.AT <\/span><span style=\"font-family: book antiqua, palatino, serif;font-size: 14pt\">so se <\/span><span style=\"font-family: book antiqua, palatino, serif;font-size: 14pt\">v \u0161olskem letu 2020\/2021 (<\/span><span style=\"font-family: book antiqua, palatino, serif;font-size: 14pt\">februarja)<\/span><span style=\"font-family: book antiqua, palatino, serif;font-size: 14pt\">,\u00a0 pod mentorstvom Danice Koro\u0161ec\u00a0 intenzivno pripravljali na izvedbo izdelkov, za likovni nate\u010daj v sklopu Eko \u0161ole na temo &#8220;Podnebne razmere, Izdelki iz odpadne embala\u017ee in rabljenih obla\u010dil, ter Mleko&#8221;.<\/span><\/p>\n<p style=\"text-align: justify\"><span style=\"font-family: book antiqua, palatino, serif;font-size: 14pt\">Dijaki so teme ob\u0161irno obravnavali in ugotavljali, pomen varovanja okolja in \u017eivljenjska pot mleka in mle\u010dnih izdelkov.<\/span><\/p>\n<p style=\"text-align: justify\"><span style=\"font-family: book antiqua, palatino, serif;font-size: 14pt\">Pri tehniki izdelave likovnih izdelkov so imeli dijaki proste roke. Tri dijakinje so uporabljale mokre in suhe tehnike slikanja. Ostali dijaki, pa so izdelka izdelali v tehniki asembla\u017e. Na nate\u010daj smo oddali 5 likovnih del.<\/span><\/p>\n<p style=\"text-align: justify\"><span style=\"font-family: book antiqua, palatino, serif;font-size: 14pt\">Dijaki, ki so sodelovali na likovnem nate\u010daju:<\/span><\/p>\n<p style=\"text-align: justify\"><span style=\"font-family: book antiqua, palatino, serif;font-size: 14pt\">Ana \u0160uster &#8211; Polucija,<\/span><\/p>\n<p style=\"text-align: justify\"><span style=\"font-family: book antiqua, palatino, serif;font-size: 14pt\">Eva Robi\u010d \u2013 Zemlja na blizu,<\/span><\/p>\n<p style=\"text-align: justify\"><span style=\"font-family: book antiqua, palatino, serif;font-size: 14pt\">Lena Potrbin &#8211; Objokana boginja Zemlje<\/span><\/p>\n<p style=\"text-align: justify\"><span style=\"font-family: book antiqua, palatino, serif;font-size: 14pt\">Ma\u0161a Simoni\u010d, Tita Magister, Lana Artelj in An\u017ee Irman Kolar \u2013 Krava<\/span><\/p>\n<p style=\"text-align: justify\"><span style=\"font-family: book antiqua, palatino, serif;font-size: 14pt;color: #800080\"><strong>Kristina Starc \u2013 Obleka iz odpadnih materialov : dose\u017eeno 2. mesto<\/strong><\/span><\/p>\n<p style=\"text-align: justify\"><span style=\"font-family: book antiqua, palatino, serif;font-size: 14pt\">Kristina Starc je z likovnim izdelkom OBLEKA, dosegla 2. mesto v sklopu srednjih \u0161ol.<\/span><\/p>\n<p style=\"text-align: justify\"><span style=\"font-family: book antiqua, palatino, serif;font-size: 14pt\">Ideja likovnega dela in postopek izdelave\u00a0 \u2013\u00a0 Oblekica je rezultat otro\u0161ke domi\u0161ljije in odraslih rok. Sestavljajo jo preprosti materiali in sicer: bela vrvica, reklame, plo\u010devina, vre\u010di za smeti, mre\u017ee za trto, blago in karton. Najprej narejeno krilo iz vrvice in reklam, je \u017eivo in valovito, ostali deli in materiali pa ga dr\u017eijo in dopolnjujejo v raznolikosti. Skupaj sestavljajo kon\u010dni izdelek &#8211; reciklirano oblekico.<\/span><\/p>\n<p style=\"text-align: justify\"><span style=\"font-family: book antiqua, palatino, serif;font-size: 14pt\">Vsem sodelujo\u010dim iskreno \u010destitamo.<\/span><\/p>\n<p><img loading=\"lazy\" decoding=\"async\" class=\"alignleft size-full wp-image-2665\" src=\"http:\/\/www.hvu.si\/srednja\/wp-content\/uploads\/sites\/2\/2021\/09\/EKO-natecaj-2021-scaled.jpg\" alt=\"\" width=\"2560\" height=\"1440\" srcset=\"https:\/\/www.hvu.si\/srednja\/wp-content\/uploads\/sites\/2\/2021\/09\/EKO-natecaj-2021-scaled.jpg 2560w, https:\/\/www.hvu.si\/srednja\/wp-content\/uploads\/sites\/2\/2021\/09\/EKO-natecaj-2021-300x169.jpg 300w, https:\/\/www.hvu.si\/srednja\/wp-content\/uploads\/sites\/2\/2021\/09\/EKO-natecaj-2021-1024x576.jpg 1024w, https:\/\/www.hvu.si\/srednja\/wp-content\/uploads\/sites\/2\/2021\/09\/EKO-natecaj-2021-768x432.jpg 768w, https:\/\/www.hvu.si\/srednja\/wp-content\/uploads\/sites\/2\/2021\/09\/EKO-natecaj-2021-1536x864.jpg 1536w, https:\/\/www.hvu.si\/srednja\/wp-content\/uploads\/sites\/2\/2021\/09\/EKO-natecaj-2021-2048x1152.jpg 2048w\" sizes=\"(max-width: 2560px) 100vw, 2560px\" \/><\/p>\n","protected":false},"excerpt":{"rendered":"<p>Dijaki 3.AT so se v \u0161olskem letu 2020\/2021 (februarja),\u00a0 pod mentorstvom Danice Koro\u0161ec\u00a0 intenzivno pripravljali na izvedbo izdelkov, za likovni nate\u010daj v sklopu Eko \u0161ole na temo &#8220;Podnebne razmere, Izdelki iz odpadne embala\u017ee in rabljenih obla\u010dil, ter Mleko&#8221;. Dijaki so teme ob\u0161irno obravnavali in ugotavljali, pomen varovanja okolja in \u017eivljenjska pot mleka in mle\u010dnih izdelkov. [&hellip;]<\/p>\n","protected":false},"author":7,"featured_media":0,"comment_status":"open","ping_status":"open","sticky":false,"template":"","format":"standard","meta":{"footnotes":""},"categories":[11],"tags":[],"class_list":["post-2664","post","type-post","status-publish","format-standard","hentry","category-dosezki-dijakov"],"_links":{"self":[{"href":"https:\/\/www.hvu.si\/srednja\/index.php?rest_route=\/wp\/v2\/posts\/2664","targetHints":{"allow":["GET"]}}],"collection":[{"href":"https:\/\/www.hvu.si\/srednja\/index.php?rest_route=\/wp\/v2\/posts"}],"about":[{"href":"https:\/\/www.hvu.si\/srednja\/index.php?rest_route=\/wp\/v2\/types\/post"}],"author":[{"embeddable":true,"href":"https:\/\/www.hvu.si\/srednja\/index.php?rest_route=\/wp\/v2\/users\/7"}],"replies":[{"embeddable":true,"href":"https:\/\/www.hvu.si\/srednja\/index.php?rest_route=%2Fwp%2Fv2%2Fcomments&post=2664"}],"version-history":[{"count":3,"href":"https:\/\/www.hvu.si\/srednja\/index.php?rest_route=\/wp\/v2\/posts\/2664\/revisions"}],"predecessor-version":[{"id":2668,"href":"https:\/\/www.hvu.si\/srednja\/index.php?rest_route=\/wp\/v2\/posts\/2664\/revisions\/2668"}],"wp:attachment":[{"href":"https:\/\/www.hvu.si\/srednja\/index.php?rest_route=%2Fwp%2Fv2%2Fmedia&parent=2664"}],"wp:term":[{"taxonomy":"category","embeddable":true,"href":"https:\/\/www.hvu.si\/srednja\/index.php?rest_route=%2Fwp%2Fv2%2Fcategories&post=2664"},{"taxonomy":"post_tag","embeddable":true,"href":"https:\/\/www.hvu.si\/srednja\/index.php?rest_route=%2Fwp%2Fv2%2Ftags&post=2664"}],"curies":[{"name":"wp","href":"https:\/\/api.w.org\/{rel}","templated":true}]}}