{"id":2616,"date":"2021-08-31T09:52:56","date_gmt":"2021-08-31T07:52:56","guid":{"rendered":"https:\/\/www.hvu.si\/srednja\/?p=2616"},"modified":"2021-08-31T09:53:20","modified_gmt":"2021-08-31T07:53:20","slug":"1-roditeljski-sestanek-september-2021","status":"publish","type":"post","link":"https:\/\/www.hvu.si\/srednja\/?p=2616","title":{"rendered":"1. Roditeljski sestanek, september 2021"},"content":{"rendered":"<p><span style=\"font-family: book antiqua, palatino, serif;font-size: 14pt\">Star\u0161e vabimo na 1. Roditeljski sestanek po naslednjem razporedu:<\/span><\/p>\n<ul>\n<li><span style=\"font-family: book antiqua, palatino, serif;font-size: 14pt\"> 7. 9. 2021 ob 16.30 za 1. CV in 1. AT<\/span><\/li>\n<li><span style=\"font-family: book antiqua, palatino, serif;font-size: 14pt\"> 7. 9. 2021 ob 17.00 za 1. FT\/HT in 4. dHT<\/span><\/li>\n<li><span style=\"font-family: book antiqua, palatino, serif;font-size: 14pt\"> 14. 9. 2021 ob 16.30 za 3. CV, 4. AT\/HT in 5. dHT<\/span><\/li>\n<li><span style=\"font-family: book antiqua, palatino, serif;font-size: 14pt\"> 15. 9. 2021 ob 16.30 za 2. CV, 2. AT\/HT in 3. AT\/HT<\/span><\/li>\n<\/ul>\n<p><span style=\"font-family: book antiqua, palatino, serif;font-size: 14pt\">Star\u0161i imenujejo tudi predstavnika za Svet star\u0161ev.<\/span><\/p>\n<p style=\"text-align: justify\"><span style=\"font-family: book antiqua, palatino, serif;font-size: 14pt;color: #ff0000\">V skladu z okro\u017enico Ministrstva\u00a0 za izobra\u017eevanje znanost in \u0161port \u0161t. 603-1\/2021\/60 z dne 27. 8. 2021 vas seznanjamo, da morajo vse osebe, ki prihajajo v prostore vzgojno izobra\u017eevalnega zavoda \u0160ole za hortikulturo in vizualne umetnosti Celje in so starej\u0161e od 15 let, izpolnjevati pogoj PCT.<\/span><\/p>\n","protected":false},"excerpt":{"rendered":"<p>Star\u0161e vabimo na 1. Roditeljski sestanek po naslednjem razporedu: 7. 9. 2021 ob 16.30 za 1. CV in 1. AT 7. 9. 2021 ob 17.00 za 1. FT\/HT in 4. dHT 14. 9. 2021 ob 16.30 za 3. CV, 4. AT\/HT in 5. dHT 15. 9. 2021 ob 16.30 za 2. CV, 2. AT\/HT in [&hellip;]<\/p>\n","protected":false},"author":7,"featured_media":0,"comment_status":"open","ping_status":"open","sticky":false,"template":"","format":"standard","meta":{"footnotes":""},"categories":[4],"tags":[],"class_list":["post-2616","post","type-post","status-publish","format-standard","hentry","category-obvestila"],"_links":{"self":[{"href":"https:\/\/www.hvu.si\/srednja\/index.php?rest_route=\/wp\/v2\/posts\/2616","targetHints":{"allow":["GET"]}}],"collection":[{"href":"https:\/\/www.hvu.si\/srednja\/index.php?rest_route=\/wp\/v2\/posts"}],"about":[{"href":"https:\/\/www.hvu.si\/srednja\/index.php?rest_route=\/wp\/v2\/types\/post"}],"author":[{"embeddable":true,"href":"https:\/\/www.hvu.si\/srednja\/index.php?rest_route=\/wp\/v2\/users\/7"}],"replies":[{"embeddable":true,"href":"https:\/\/www.hvu.si\/srednja\/index.php?rest_route=%2Fwp%2Fv2%2Fcomments&post=2616"}],"version-history":[{"count":2,"href":"https:\/\/www.hvu.si\/srednja\/index.php?rest_route=\/wp\/v2\/posts\/2616\/revisions"}],"predecessor-version":[{"id":2618,"href":"https:\/\/www.hvu.si\/srednja\/index.php?rest_route=\/wp\/v2\/posts\/2616\/revisions\/2618"}],"wp:attachment":[{"href":"https:\/\/www.hvu.si\/srednja\/index.php?rest_route=%2Fwp%2Fv2%2Fmedia&parent=2616"}],"wp:term":[{"taxonomy":"category","embeddable":true,"href":"https:\/\/www.hvu.si\/srednja\/index.php?rest_route=%2Fwp%2Fv2%2Fcategories&post=2616"},{"taxonomy":"post_tag","embeddable":true,"href":"https:\/\/www.hvu.si\/srednja\/index.php?rest_route=%2Fwp%2Fv2%2Ftags&post=2616"}],"curies":[{"name":"wp","href":"https:\/\/api.w.org\/{rel}","templated":true}]}}