{"id":2539,"date":"2021-07-07T07:26:17","date_gmt":"2021-07-07T05:26:17","guid":{"rendered":"https:\/\/www.hvu.si\/srednja\/?p=2539"},"modified":"2021-07-07T07:26:17","modified_gmt":"2021-07-07T05:26:17","slug":"govor-ob-podelitvi-spriceval-za-pom-in-zi-7-julij-2021","status":"publish","type":"post","link":"https:\/\/www.hvu.si\/srednja\/?p=2539","title":{"rendered":"Govor ob podelitvi spri\u010deval za POM in ZI, 7. julij 2021"},"content":{"rendered":"<p style=\"text-align: justify\"><span style=\"font-family: book antiqua, palatino, serif;font-size: 14pt\">Spo\u0161tovani maturantje, spo\u0161tovane maturantke, pozdravljeni profesorji in profesorice, cenjeni star\u0161i in drugi gostje \u2026<\/span><\/p>\n<p style=\"text-align: justify\"><span style=\"font-family: book antiqua, palatino, serif;font-size: 14pt\">Danes je za nas prav poseben dan, \u0161e zlasti pa za:<\/span><\/p>\n<ul style=\"text-align: justify\">\n<li><span style=\"font-family: book antiqua, palatino, serif;font-size: 14pt\">generacijo cvetli\u010darjev in vrtnarjev 2018 do 2021,<\/span><\/li>\n<li><span style=\"font-family: book antiqua, palatino, serif;font-size: 14pt\">generacijo aran\u017eerskih tehnikov 2017 do 2021,<\/span><\/li>\n<li><span style=\"font-family: book antiqua, palatino, serif;font-size: 14pt\">generacijo hortikulturnih tehnikov SSI 2017 do 2021 in<\/span><\/li>\n<li><span style=\"font-family: book antiqua, palatino, serif;font-size: 14pt\">generacijo hortikulturnih tehnikov PTI 2019 do 2021.<\/span><\/li>\n<\/ul>\n<p style=\"text-align: justify\"><span style=\"font-family: book antiqua, palatino, serif;font-size: 14pt\">Z \u00a0veseljem ugotavljamo, da ste dosegli zastavljeni cilj. Va\u0161a radost je toliko ve\u010dja, kolikor ve\u010d truda je bilo potrebno vlo\u017eiti.<\/span><\/p>\n<p style=\"text-align: justify\"><span style=\"font-family: book antiqua, palatino, serif;font-size: 14pt\">\u0160olanje na na\u0161i \u0161oli kon\u010dujete ob pomembnem mejniku za Slovenijo, saj letos praznujemo 30. obletnico samostojne in neodvisne dr\u017eave. Poleg tega zaklju\u010dujete \u0161olanje v obdobju svetovne zdravstvene krize, ki jo obvladuje Covid 19.<!--more--><\/span><\/p>\n<p style=\"text-align: justify\"><span style=\"font-family: book antiqua, palatino, serif;font-size: 14pt\">Tako je leto\u0161nje \u0161olsko leto potekalo dve tretini pouka \u00bbon-line\u00ab v virtualnem svetu preko skupnega kanala MS Teams. U\u010ditelji in dijaki smo se pri tem veliko nau\u010dili, saj smo dobro usvojili digitalno kompetenco, ki nam bo \u0161e kako prav pri\u0161la. Kljub vsemu pa smo vsi komaj \u010dakali, da ponovno sedemo v \u0161olske klopi po modelu C in kasneje po modelu B, saj smo zelo pogre\u0161ali eden drugega. Pohvaliti \u017eelim dijake in u\u010ditelje, ki ste pouk na daljavo izpeljali zelo dobro, kar potrjuje popre\u010dno zelo dober u\u010dnih uspeh. Tudi sicer je bilo posebno leto, saj se je zgodilo prvi\u010d, da dijaki zaklju\u010dnih letnikov zaradi epidemije niso imeli maturantskega plesa in se ni sli\u0161al va\u0161 veselo zapeti \u00bbGaudeamus igitur\u00ab.<\/span><\/p>\n<p style=\"text-align: justify\"><span style=\"font-family: book antiqua, palatino, serif;font-size: 14pt\">To leto je za na\u0161o \u0161olo zelo pomembno, saj nam je resorno Ministrstvo za izobra\u017eevanje, znanost in \u0161port odobrilo nov program <strong>Fotografski tehnik.<\/strong> Prepri\u010dana sem, da novo pridobljeni program prina\u0161a zelo pomemben mejnik v razvoju na\u0161e \u0161ole. Tako bodo dijaki programa fotografski tehnik z novim \u0161olskim letom 2021\/22 prvi\u010d\u00a0 sedli v na\u0161e \u0161olski klopi.<\/span><\/p>\n<p style=\"text-align: justify\"><span style=\"font-family: book antiqua, palatino, serif;font-size: 14pt\">Na\u0161 logo \u0161ole predstavlja stiliziran cvet vrtnice, ki je simbol \u017eivljenja, ljubezni, pa tudi vztrajnosti \u2026 torej brez truda, ni rezultata; brez trdega dela, garanja, odpovedi, ki ga predstavlja trnje na vrtnici ni uspeha, \u00a0ni rezultata &#8211; ni cveta. V \u017eivljenju boste ve\u010dkrat soo\u010deni z velikimi napori, velikimi projekti in \u0161e kaj \u2026 takrat se spomnite \u0161olskega logotipa in se vpra\u0161ajte zakaj vrtnica cveti?\u00a0 Verjamem, da boste takrat zmogli premagati gore preprek pred vami. Danes boste prejeli cvet, ki naj vas pospremi v novo \u017eivljenje \u2026<\/span><\/p>\n<p style=\"text-align: justify\"><span style=\"font-family: book antiqua, palatino, serif;font-size: 14pt\">Ob koncu se \u017eelim zahvaliti va\u0161im star\u0161em, ki so skupaj z vami pred leti izbrali ravno na\u0161o \u0161olo in vam ob \u010dasu \u0161olanja stali ob strani. Velika zahvala naj velja tudi u\u010diteljem in u\u010diteljicam, strokovnim sodelavcem in ostalim zaposlenim, ki so vas usmerjali na poti do cilja. \u0160e posebej pa so vam stale ob strani razredni\u010darke:<\/span><\/p>\n<ul style=\"text-align: justify\">\n<li><span style=\"font-family: book antiqua, palatino, serif;font-size: 14pt\">Elizabeta Stren\u010dan,<\/span><\/li>\n<li><span style=\"font-family: book antiqua, palatino, serif;font-size: 14pt\">Karmen Volav\u0161ek in<\/span><\/li>\n<li><span style=\"font-family: book antiqua, palatino, serif;font-size: 14pt\">Andreja Ger\u010der, ki jim izrekam posebno zahvalo.<\/span><\/li>\n<\/ul>\n<p style=\"text-align: justify\"><span style=\"font-family: book antiqua, palatino, serif;font-size: 14pt\">Dragi maturantje, drage maturantke \u2026<\/span><\/p>\n<p style=\"text-align: justify\"><span style=\"font-family: book antiqua, palatino, serif;font-size: 14pt\">Hvala za va\u0161o sr\u010dnost, za va\u0161o pripravljenost pri \u0161olskih in ob\u0161olskih dejavnostih in va\u0161 prispevek k prepoznavnosti in dvigu ugleda \u0161ole \u2026<\/span><\/p>\n<p style=\"text-align: justify\"><span style=\"font-family: book antiqua, palatino, serif;font-size: 14pt\">Prav \u00a0je, da na koncu izpostavim najbolj\u0161e in sicer:<\/span><\/p>\n<p style=\"text-align: justify\"><span style=\"font-family: book antiqua, palatino, serif;font-size: 14pt\"><strong>Program cvetli\u010dar:<\/strong><\/span><\/p>\n<p style=\"text-align: justify\"><span style=\"font-family: book antiqua, palatino, serif;font-size: 14pt\">Teja Kramar, 3.C \u2013 5 to\u010dk \u2013 spri\u010devalo s pohvalo<\/span><\/p>\n<p style=\"text-align: justify\"><span style=\"font-family: book antiqua, palatino, serif;font-size: 14pt\"><strong>Program vrtnar:<\/strong><\/span><\/p>\n<p style=\"text-align: justify\"><span style=\"font-family: book antiqua, palatino, serif;font-size: 14pt\">Karolina Ciglar, 3.V \u2013 5 to\u010dk \u2013 spri\u010devalo s pohvalo<\/span><\/p>\n<p style=\"text-align: justify\"><span style=\"font-family: book antiqua, palatino, serif;font-size: 14pt\">Nina \u010ceh, 3.V \u2013 5 to\u010dk \u2013 spri\u010devalo s pohvalo<\/span><\/p>\n<p style=\"text-align: justify\"><span style=\"font-family: book antiqua, palatino, serif;font-size: 14pt\"><strong>Program aran\u017eerski tehnik:<\/strong><\/span><\/p>\n<p style=\"text-align: justify\"><span style=\"font-family: book antiqua, palatino, serif;font-size: 14pt\">Nastja \u0160mid, 4.AT \u2013 22 to\u010dk od mo\u017enih 23 \u2013 zlata maturantka<\/span><\/p>\n<p style=\"text-align: justify\"><span style=\"font-family: book antiqua, palatino, serif;font-size: 14pt\">Urska Drofenik, 4. AT \u2013 21 to\u010dk<\/span><\/p>\n<p style=\"text-align: justify\"><span style=\"font-family: book antiqua, palatino, serif;font-size: 14pt\">Leja Prvin\u0161ek, 4.AT \u2013 20 to\u010dk<\/span><\/p>\n<p style=\"text-align: justify\"><span style=\"font-family: book antiqua, palatino, serif;font-size: 14pt\">Urka Volov\u0161ek, 4.AT \u2013 20 to\u010dk<\/span><\/p>\n<p style=\"text-align: justify\"><span style=\"font-family: book antiqua, palatino, serif;font-size: 14pt\">Patricija Kohne, 4.AT, 19 to\u010dk<\/span><\/p>\n<p style=\"text-align: justify\"><span style=\"font-family: book antiqua, palatino, serif;font-size: 14pt\"><strong>Program hortikulturni tehnik SSI:<\/strong><\/span><\/p>\n<p style=\"text-align: justify\"><span style=\"font-family: book antiqua, palatino, serif;font-size: 14pt\"><strong>Program hortikulturni tehnik PTI:<\/strong><\/span><\/p>\n<p style=\"text-align: justify\"><span style=\"font-family: book antiqua, palatino, serif;font-size: 14pt\">Mojca Balon, 5.(d)HT \u2013 19 to\u010dk<\/span><\/p>\n<p style=\"text-align: justify\"><span style=\"font-family: book antiqua, palatino, serif;font-size: 14pt\">Nik Vogri\u010d, 5. (d)HT \u2013 19 to\u010dk<\/span><\/p>\n<p style=\"text-align: justify\"><span style=\"font-family: book antiqua, palatino, serif;font-size: 14pt\">\u010cestitam vsakemu izmed vas za prehojeno pot in vam \u017eelim veliko uspeha v nadaljnjem \u017eivljenju \u2026<\/span><\/p>\n<p style=\"text-align: justify\"><span style=\"font-family: book antiqua, palatino, serif;font-size: 14pt\">Prepri\u010dana sem, da boste postali odgovorni dr\u017eavljani, dobri strokovnjaki na svojem podro\u010dju in tako postali ponos hortikulture in oblikovanja.<\/span><\/p>\n<p style=\"text-align: justify\"><span style=\"font-family: book antiqua, palatino, serif;font-size: 14pt\"><em>Dragi maturantje, drage maturantke \u2026.<\/em><\/span><\/p>\n<p style=\"text-align: justify\"><span style=\"font-family: book antiqua, palatino, serif;font-size: 14pt\"><em>\u017eelim vam lepe in dolge po\u010ditnice, predvsem si vzemite \u010das zase, da boste lahko z veseljem poleteli novim izzivom na proti, ki vas \u010dakajo v novem \u0161tudijskem letu oz. na delovnem mestu.<\/em><\/span><\/p>\n<p style=\"text-align: justify\"><span style=\"font-family: book antiqua, palatino, serif;font-size: 14pt\">Celje, 7. julij 2021<\/span><\/p>\n<p style=\"text-align: justify\"><span style=\"font-family: book antiqua, palatino, serif;font-size: 14pt\">\u0160tefanija Kos Zidar,<\/span><\/p>\n<p style=\"text-align: justify\"><span style=\"font-family: book antiqua, palatino, serif;font-size: 14pt\">direktorica in ravnateljica<\/span><\/p>\n<p style=\"text-align: justify\">\n<p style=\"text-align: justify\">\n<p style=\"text-align: justify\">\n","protected":false},"excerpt":{"rendered":"<p>Spo\u0161tovani maturantje, spo\u0161tovane maturantke, pozdravljeni profesorji in profesorice, cenjeni star\u0161i in drugi gostje \u2026 Danes je za nas prav poseben dan, \u0161e zlasti pa za: generacijo cvetli\u010darjev in vrtnarjev 2018 do 2021, generacijo aran\u017eerskih tehnikov 2017 do 2021, generacijo hortikulturnih tehnikov SSI 2017 do 2021 in generacijo hortikulturnih tehnikov PTI 2019 do 2021. Z \u00a0veseljem [&hellip;]<\/p>\n","protected":false},"author":7,"featured_media":0,"comment_status":"open","ping_status":"open","sticky":false,"template":"","format":"standard","meta":{"footnotes":""},"categories":[4],"tags":[],"class_list":["post-2539","post","type-post","status-publish","format-standard","hentry","category-obvestila"],"_links":{"self":[{"href":"https:\/\/www.hvu.si\/srednja\/index.php?rest_route=\/wp\/v2\/posts\/2539","targetHints":{"allow":["GET"]}}],"collection":[{"href":"https:\/\/www.hvu.si\/srednja\/index.php?rest_route=\/wp\/v2\/posts"}],"about":[{"href":"https:\/\/www.hvu.si\/srednja\/index.php?rest_route=\/wp\/v2\/types\/post"}],"author":[{"embeddable":true,"href":"https:\/\/www.hvu.si\/srednja\/index.php?rest_route=\/wp\/v2\/users\/7"}],"replies":[{"embeddable":true,"href":"https:\/\/www.hvu.si\/srednja\/index.php?rest_route=%2Fwp%2Fv2%2Fcomments&post=2539"}],"version-history":[{"count":1,"href":"https:\/\/www.hvu.si\/srednja\/index.php?rest_route=\/wp\/v2\/posts\/2539\/revisions"}],"predecessor-version":[{"id":2540,"href":"https:\/\/www.hvu.si\/srednja\/index.php?rest_route=\/wp\/v2\/posts\/2539\/revisions\/2540"}],"wp:attachment":[{"href":"https:\/\/www.hvu.si\/srednja\/index.php?rest_route=%2Fwp%2Fv2%2Fmedia&parent=2539"}],"wp:term":[{"taxonomy":"category","embeddable":true,"href":"https:\/\/www.hvu.si\/srednja\/index.php?rest_route=%2Fwp%2Fv2%2Fcategories&post=2539"},{"taxonomy":"post_tag","embeddable":true,"href":"https:\/\/www.hvu.si\/srednja\/index.php?rest_route=%2Fwp%2Fv2%2Ftags&post=2539"}],"curies":[{"name":"wp","href":"https:\/\/api.w.org\/{rel}","templated":true}]}}