{"id":2535,"date":"2021-07-01T09:08:55","date_gmt":"2021-07-01T07:08:55","guid":{"rendered":"https:\/\/www.hvu.si\/srednja\/?p=2535"},"modified":"2021-07-01T09:10:30","modified_gmt":"2021-07-01T07:10:30","slug":"pot-osamosvojitve-slovenije","status":"publish","type":"post","link":"https:\/\/www.hvu.si\/srednja\/?p=2535","title":{"rendered":"Pot osamosvojitve slovenije"},"content":{"rendered":"<p style=\"text-align: justify\"><span style=\"font-family: book antiqua, palatino, serif;font-size: 14pt\">V \u010detrtek, 24. 6. 2021, smo na \u0160oli za hortikulturo in vizualne umetnosti Celje na prav poseben na\u010din zaklju\u010dili \u0161olsko leto in obele\u017eili 30. obletnico samostojnosti Slovenije. Dijaki ne zaklju\u010dnih letnikov so se zjutraj zbrali na \u0161olskem dvori\u0161\u010du, od koder so z razredniki od\u0161li v \u0161olski park, kjer smo pripravili POT OSAMOSTVOJITVE SLOVENIJE.<\/span><\/p>\n<p style=\"text-align: justify\"><span style=\"font-family: book antiqua, palatino, serif;font-size: 14pt\">Pot je bila razdeljena na \u0161est vsebinskih sklopov: POT K SAMOSTOJNOSTI SLOVENIJE, DR\u017dAVNI SIMBOLI REPUBLIKE SLOVENIJE, SIMBOLI EVROPSKE UNIJE, PREPOZNAVNE SLOVENSKE RASTLINE, DOMOVINSKE PESMI in KVIZ.<\/span><\/p>\n<p style=\"text-align: justify\"><span style=\"font-family: book antiqua, palatino, serif;font-size: 14pt\">Dijaki posameznih razredov so se razkropili po parku, kjer so v prijetni senci starih dreves na zanimiv in ustvarjalen na\u010din spoznavali ter utrjevali zgodovino in simbole na\u0161e dr\u017eave in Evropske unije. <\/span><span style=\"font-family: book antiqua, palatino, serif;font-size: 14pt\">Pri <strong>prvi<\/strong> postojanki so se dijaki seznanili s klju\u010dnimi dogodki in mejniki povezanimi s samostojnostjo na\u0161e domovine. <\/span><span style=\"font-family: book antiqua, palatino, serif;font-size: 14pt\">Na <strong>drugi<\/strong> to\u010dki, kjer so bili predstavljeni simboli Republike Slovenije, so zapeli himno, narisali grb in slovensko zastavo. <\/span><span style=\"font-family: book antiqua, palatino, serif;font-size: 14pt\">Na <strong>tretji<\/strong> to\u010dki so ponovili simbole Evropske unije ter na zemljevid Evrope pritrjevali zastave posameznih evropskih dr\u017eav. <\/span><span style=\"font-family: book antiqua, palatino, serif;font-size: 14pt\">Posebno mesto smo namenili prepoznavnim slovenskim rastlinam ter avtohtonim vrstam, njihovim zna\u010dilnostim in posebnostim. Po pripravljenih navodilih so izdelovali nageljne iz krep papirja. <\/span><span style=\"font-family: book antiqua, palatino, serif;font-size: 14pt\"><strong>Predzadnja<\/strong> tema je bila povezana z domovinskimi pesmimi. Dijaki so brali domovinske pesmi, deklamirali Gregor\u010di\u010devo pesem So\u010di ter sami pisali pesmi, sporo\u010dila in \u010destitke Sloveniji ob 30. obletnici samostojnosti.<\/span><\/p>\n<p style=\"text-align: justify\"><span style=\"font-family: book antiqua, palatino, serif;font-size: 14pt\">Na koncu prehojene poti so dijaki re\u0161evali spletni kviz &#8211; ki smo ga pripravili na \u0161oli &#8211; in v katerem so bile naloge povezane z vsebino Poti osamosvojitve Slovenije.<\/span><\/p>\n<p style=\"text-align: justify\"><span style=\"font-family: book antiqua, palatino, serif;font-size: 14pt\">Na \u0161oli se zavedamo, kako pomembna je domovinska vzgoja za mlade rodove, ki \u0161e niso bili rojeni v \u010dasu osamosvajanja na\u0161e de\u017eele, pri tem pa i\u0161\u010demo zanimive in inovativne pristope u\u010denja, kjer lahko vsak dijak poka\u017ee svoje znanje, spretnosti in ve\u0161\u010dine.<\/span><\/p>\n<p style=\"text-align: justify\"><img loading=\"lazy\" decoding=\"async\" class=\"alignleft size-full wp-image-2536\" src=\"http:\/\/www.hvu.si\/srednja\/wp-content\/uploads\/sites\/2\/2021\/07\/Pot-osamosvojitve-2021_-30-let-Slovenije2.jpg\" alt=\"\" width=\"1600\" height=\"900\" srcset=\"https:\/\/www.hvu.si\/srednja\/wp-content\/uploads\/sites\/2\/2021\/07\/Pot-osamosvojitve-2021_-30-let-Slovenije2.jpg 1600w, https:\/\/www.hvu.si\/srednja\/wp-content\/uploads\/sites\/2\/2021\/07\/Pot-osamosvojitve-2021_-30-let-Slovenije2-300x169.jpg 300w, https:\/\/www.hvu.si\/srednja\/wp-content\/uploads\/sites\/2\/2021\/07\/Pot-osamosvojitve-2021_-30-let-Slovenije2-1024x576.jpg 1024w, https:\/\/www.hvu.si\/srednja\/wp-content\/uploads\/sites\/2\/2021\/07\/Pot-osamosvojitve-2021_-30-let-Slovenije2-768x432.jpg 768w, https:\/\/www.hvu.si\/srednja\/wp-content\/uploads\/sites\/2\/2021\/07\/Pot-osamosvojitve-2021_-30-let-Slovenije2-1536x864.jpg 1536w\" sizes=\"(max-width: 1600px) 100vw, 1600px\" \/><\/p>\n<p style=\"text-align: justify\">\n","protected":false},"excerpt":{"rendered":"<p>V \u010detrtek, 24. 6. 2021, smo na \u0160oli za hortikulturo in vizualne umetnosti Celje na prav poseben na\u010din zaklju\u010dili \u0161olsko leto in obele\u017eili 30. obletnico samostojnosti Slovenije. Dijaki ne zaklju\u010dnih letnikov so se zjutraj zbrali na \u0161olskem dvori\u0161\u010du, od koder so z razredniki od\u0161li v \u0161olski park, kjer smo pripravili POT OSAMOSTVOJITVE SLOVENIJE. Pot je [&hellip;]<\/p>\n","protected":false},"author":7,"featured_media":0,"comment_status":"open","ping_status":"open","sticky":false,"template":"","format":"standard","meta":{"footnotes":""},"categories":[4],"tags":[],"class_list":["post-2535","post","type-post","status-publish","format-standard","hentry","category-obvestila"],"_links":{"self":[{"href":"https:\/\/www.hvu.si\/srednja\/index.php?rest_route=\/wp\/v2\/posts\/2535","targetHints":{"allow":["GET"]}}],"collection":[{"href":"https:\/\/www.hvu.si\/srednja\/index.php?rest_route=\/wp\/v2\/posts"}],"about":[{"href":"https:\/\/www.hvu.si\/srednja\/index.php?rest_route=\/wp\/v2\/types\/post"}],"author":[{"embeddable":true,"href":"https:\/\/www.hvu.si\/srednja\/index.php?rest_route=\/wp\/v2\/users\/7"}],"replies":[{"embeddable":true,"href":"https:\/\/www.hvu.si\/srednja\/index.php?rest_route=%2Fwp%2Fv2%2Fcomments&post=2535"}],"version-history":[{"count":2,"href":"https:\/\/www.hvu.si\/srednja\/index.php?rest_route=\/wp\/v2\/posts\/2535\/revisions"}],"predecessor-version":[{"id":2538,"href":"https:\/\/www.hvu.si\/srednja\/index.php?rest_route=\/wp\/v2\/posts\/2535\/revisions\/2538"}],"wp:attachment":[{"href":"https:\/\/www.hvu.si\/srednja\/index.php?rest_route=%2Fwp%2Fv2%2Fmedia&parent=2535"}],"wp:term":[{"taxonomy":"category","embeddable":true,"href":"https:\/\/www.hvu.si\/srednja\/index.php?rest_route=%2Fwp%2Fv2%2Fcategories&post=2535"},{"taxonomy":"post_tag","embeddable":true,"href":"https:\/\/www.hvu.si\/srednja\/index.php?rest_route=%2Fwp%2Fv2%2Ftags&post=2535"}],"curies":[{"name":"wp","href":"https:\/\/api.w.org\/{rel}","templated":true}]}}