{"id":2510,"date":"2021-06-24T07:33:10","date_gmt":"2021-06-24T05:33:10","guid":{"rendered":"https:\/\/www.hvu.si\/srednja\/?p=2510"},"modified":"2021-06-24T10:46:56","modified_gmt":"2021-06-24T08:46:56","slug":"dijakom-in-dijakinjam-ob-zakljucku-solskega-leta-2020-2021-in-30-obletnici-samostojne-drzave-slovenije","status":"publish","type":"post","link":"https:\/\/www.hvu.si\/srednja\/?p=2510","title":{"rendered":"Dijakom in dijakinjam ob zaklju\u010dku \u0161olskega leta  2020\/2021 in 30. obletnici samostojne dr\u017eave Slovenije"},"content":{"rendered":"<p style=\"text-align: justify\"><span style=\"font-family: book antiqua, palatino, serif;font-size: 14pt\">Po\u010dasi se izteka \u017ee drugo \u0161olsko leto, ki je v znamenju Covid -19. Leto\u0161nje \u0161olsko leto je potekalo dve tretini pouka \u00bbon-line\u00ab v virtualnem svetu preko skupnega kanala MS Teams. U\u010ditelji in dijaki smo se pri tem veliko nau\u010dili, saj smo dobro usvojili digitalno kompetenco, ki nam bo \u0161e kako prav pri\u0161la. Kljub vsemu pa smo vsi komaj \u010dakali, da ponovno sedemo v \u0161olske klopi po modelu C in kasneje po modelu B, saj smo zelo pogre\u0161ali eden drugega. Pohvaliti \u017eelim dijake in u\u010ditelje, ki ste pouk na daljavo izpeljali zelo dobro, kar potrjuje popre\u010dno zelo dober u\u010dnih uspeh. Tudi sicer je bilo posebno leto, saj se je zgodilo prvi\u010d, da dijaki zaklju\u010dnih letnikov zaradi epidemije niso imeli maturantskega plesa in se ni sli\u0161al njihov veselo zapeti <em>\u00bbGaudeamus igitur\u00ab.<\/em><\/span><\/p>\n<p style=\"text-align: justify\"><span style=\"font-family: book antiqua, palatino, serif;font-size: 14pt\">To leto je za na\u0161o \u0161olo zelo pomembno, saj nam je resorno Ministrstvo za izobra\u017eevanje, znanost in \u0161port odobrilo nov program <strong>Fotografski tehnik.<\/strong> Prepri\u010dana sem, da novo pridobljeni program prina\u0161a zelo pomemben mejnik v razvoju na\u0161e \u0161ole. Tako bodo dijaki programa fotografski tehnik z novim \u0161olskim letom 2021\/22 prvi\u010d\u00a0 sedli v na\u0161e \u0161olski klopi.<!--more--><\/span><\/p>\n<p style=\"text-align: justify\"><span style=\"font-family: book antiqua, palatino, serif;font-size: 14pt\"><em>Praznujemo 30. obletnico samostojne in neodvisne dr\u017eave. V nedeljo, 23. decembra 1990 je potekal plebiscit na katerem je 93,20 % udele\u017eenih volivcev na vpra\u0161anje \u00bbAli naj Slovenija postane samostojna in neodvisna dr\u017eava?\u00ab okoli 95 % je odgovorilo pritrdilno, s \u010dimer se je za\u010dela osamosvojitev Slovenije. Po vsej Sloveniji so odmevale znamenite besede dr. Jo\u017eeta Pu\u010dnika, predsednika koalicije DEMOS in hkrati motorja slovenskega osamosvajanja, ki jih je na dan plebiscita med \u010dakanjem na rezultate izrekel v Cankarjevem domu: \u00bbJugoslavije ni ve\u010d. Zdaj gre za Slovenijo.\u00ab Rezultate plebiscita so uradno razglasili 3 dni kasneje. Zato praznujemo 26. decembra Dan samostojnosti in enotnosti kot dr\u017eavni praznik. Naslednje leto 25. junija 1991 je Slovenija postala samostojna in neodvisna dr\u017eava. To je bil najve\u010dji dose\u017eek v zgodovini slovenskega naroda, ki je v stoletjih ohranil svoj jezik in kulturo, vendar ni imel svoje dr\u017eave. Ta dan obele\u017eujemo kot dan dr\u017eavnosti. Uspelo nam je uresni\u010diti zgodovinske sanje in si, z lastnimi mo\u010dmi, izboriti svojo dr\u017eavo. Ni namre\u010d dano vsakemu zemljanu \u017eiveti v svoji domovini in imeti svojo dr\u017eavo. Bodimo ponosni na na\u0161o dr\u017eavo in doma ne pozabimo izobesiti slovensko in evropsko zastavo.<\/em><\/span><\/p>\n<p style=\"text-align: justify\"><span style=\"font-family: book antiqua, palatino, serif;font-size: 14pt\">Po\u010ditnice so pred nami in s tem tudi zaslu\u017een po\u010ditek za vas, dragi dijaki in u\u010ditelji. Prav je, da se \u0161e enkrat ozremo nazaj na prehojeno pot tega \u0161olskega leta, ki nam je ponudilo zelo veliko izzivov in tudi prilo\u017enosti. Od nas samih je bilo odvisno, ali smo jih znali in hoteli sprejeti. Prepri\u010dana sem, da smo bili tudi tokrat zelo uspe\u0161ni \u0161e zlasti v \u010dasu pouka na daljavo; veliko tekmovanj doma in v tujini je odpadlo zaradi epidemije.<\/span><\/p>\n<p style=\"text-align: justify\"><span style=\"font-family: book antiqua, palatino, serif;font-size: 14pt\">Na \u0161oli in izven nje izvajamo celo paleto dejavnosti, za katere so odgovorni posamezni u\u010ditelji.<\/span><\/p>\n<p style=\"text-align: justify\"><span style=\"font-family: book antiqua, palatino, serif;font-size: 14pt\">Dragi dijaki in dijakinje ter u\u010ditelji in u\u010diteljice. Prepri\u010dana sem, da ste z dodatnimi dejavnostmi s podro\u010dja hortikulture in oblikovanja zelo veliko pripomogli k prepoznavnosti in ugledu na\u0161e \u0161ole.\u00a0 Hvala vam.<\/span><\/p>\n<p style=\"text-align: justify\"><span style=\"font-family: book antiqua, palatino, serif;font-size: 14pt\"><em>Vsem dijakom, dijakinjam, u\u010diteljem ter ostalim zaposlenim \u017eelim lepe po\u010ditnice. Vzemite si \u010das zase in svoje blji\u017enje, da boste lahko z veseljem poleteli novim izzivom na proti, ki vas \u010dakajo v novem \u0161olskem letu.<\/em><\/span><span style=\"font-family: book antiqua, palatino, serif;font-size: 14pt\"><em>\u00a0<\/em><\/span><\/p>\n<p style=\"text-align: right\"><span style=\"font-family: book antiqua, palatino, serif;font-size: 14pt\">ravnateljica, \u0160tefanija Kos Zidar<\/span><\/p>\n<p><span style=\"font-family: book antiqua, palatino, serif;font-size: 14pt\">Pot osamosvojitve Republike Slovenije na \u0160HVU &#8211; tako smo obele\u017eili 30. obletnico samostojnosti Republike Slovenije.<\/span><\/p>\n<p><img loading=\"lazy\" decoding=\"async\" class=\"alignleft size-full wp-image-2514\" src=\"http:\/\/www.hvu.si\/srednja\/wp-content\/uploads\/sites\/2\/2021\/06\/Pot-osamosvojitve-2021_-30-let-Slovenije1.jpg\" alt=\"\" width=\"1600\" height=\"900\" srcset=\"https:\/\/www.hvu.si\/srednja\/wp-content\/uploads\/sites\/2\/2021\/06\/Pot-osamosvojitve-2021_-30-let-Slovenije1.jpg 1600w, https:\/\/www.hvu.si\/srednja\/wp-content\/uploads\/sites\/2\/2021\/06\/Pot-osamosvojitve-2021_-30-let-Slovenije1-300x169.jpg 300w, https:\/\/www.hvu.si\/srednja\/wp-content\/uploads\/sites\/2\/2021\/06\/Pot-osamosvojitve-2021_-30-let-Slovenije1-1024x576.jpg 1024w, https:\/\/www.hvu.si\/srednja\/wp-content\/uploads\/sites\/2\/2021\/06\/Pot-osamosvojitve-2021_-30-let-Slovenije1-768x432.jpg 768w, https:\/\/www.hvu.si\/srednja\/wp-content\/uploads\/sites\/2\/2021\/06\/Pot-osamosvojitve-2021_-30-let-Slovenije1-1536x864.jpg 1536w\" sizes=\"(max-width: 1600px) 100vw, 1600px\" \/><\/p>\n","protected":false},"excerpt":{"rendered":"<p>Po\u010dasi se izteka \u017ee drugo \u0161olsko leto, ki je v znamenju Covid -19. Leto\u0161nje \u0161olsko leto je potekalo dve tretini pouka \u00bbon-line\u00ab v virtualnem svetu preko skupnega kanala MS Teams. U\u010ditelji in dijaki smo se pri tem veliko nau\u010dili, saj smo dobro usvojili digitalno kompetenco, ki nam bo \u0161e kako prav pri\u0161la. Kljub vsemu pa [&hellip;]<\/p>\n","protected":false},"author":7,"featured_media":0,"comment_status":"open","ping_status":"open","sticky":false,"template":"","format":"standard","meta":{"footnotes":""},"categories":[4],"tags":[],"class_list":["post-2510","post","type-post","status-publish","format-standard","hentry","category-obvestila"],"_links":{"self":[{"href":"https:\/\/www.hvu.si\/srednja\/index.php?rest_route=\/wp\/v2\/posts\/2510","targetHints":{"allow":["GET"]}}],"collection":[{"href":"https:\/\/www.hvu.si\/srednja\/index.php?rest_route=\/wp\/v2\/posts"}],"about":[{"href":"https:\/\/www.hvu.si\/srednja\/index.php?rest_route=\/wp\/v2\/types\/post"}],"author":[{"embeddable":true,"href":"https:\/\/www.hvu.si\/srednja\/index.php?rest_route=\/wp\/v2\/users\/7"}],"replies":[{"embeddable":true,"href":"https:\/\/www.hvu.si\/srednja\/index.php?rest_route=%2Fwp%2Fv2%2Fcomments&post=2510"}],"version-history":[{"count":4,"href":"https:\/\/www.hvu.si\/srednja\/index.php?rest_route=\/wp\/v2\/posts\/2510\/revisions"}],"predecessor-version":[{"id":2515,"href":"https:\/\/www.hvu.si\/srednja\/index.php?rest_route=\/wp\/v2\/posts\/2510\/revisions\/2515"}],"wp:attachment":[{"href":"https:\/\/www.hvu.si\/srednja\/index.php?rest_route=%2Fwp%2Fv2%2Fmedia&parent=2510"}],"wp:term":[{"taxonomy":"category","embeddable":true,"href":"https:\/\/www.hvu.si\/srednja\/index.php?rest_route=%2Fwp%2Fv2%2Fcategories&post=2510"},{"taxonomy":"post_tag","embeddable":true,"href":"https:\/\/www.hvu.si\/srednja\/index.php?rest_route=%2Fwp%2Fv2%2Ftags&post=2510"}],"curies":[{"name":"wp","href":"https:\/\/api.w.org\/{rel}","templated":true}]}}