{"id":1965,"date":"2020-09-02T08:54:53","date_gmt":"2020-09-02T06:54:53","guid":{"rendered":"http:\/\/www.hvu.si\/srednja\/?p=1965"},"modified":"2020-09-02T08:54:53","modified_gmt":"2020-09-02T06:54:53","slug":"dodatna-pravila-glede-covid-a","status":"publish","type":"post","link":"https:\/\/www.hvu.si\/srednja\/?p=1965","title":{"rendered":"Dodatna pravila glede Covid-a"},"content":{"rendered":"<p><span style=\"font-family: book antiqua, palatino, serif;font-size: 14pt\">U\u010dilnice bodo odprte vsak dan 10 minut pred za\u010detkom pouka ob 6.50. \u010ce dijaki pridete v \u0161olo prej in pri\u010dnete s poukom kasneje po\u010dakate v u\u010dilnici.<\/span><\/p>\n<p><span style=\"font-family: book antiqua, palatino, serif;font-size: 14pt\">V posameznem razredu se skupaj z razrednikom dogovorite in zapi\u0161ite dva dijaka, ki bosta odgovorna za red in disciplino v u\u010dilnici, hkrati pa skrbita za odgovoren odnos do opreme.<\/span><\/p>\n<p><span style=\"font-family: book antiqua, palatino, serif;font-size: 14pt\">De\u017eurni dijaki in u\u010ditelji pri\u010dnete z de\u017eurstvom ob 7.30. <\/span><\/p>\n<p><span style=\"font-family: book antiqua, palatino, serif;font-size: 14pt\">Celje, 2. 9. 2020<\/span><\/p>\n","protected":false},"excerpt":{"rendered":"<p>U\u010dilnice bodo odprte vsak dan 10 minut pred za\u010detkom pouka ob 6.50. \u010ce dijaki pridete v \u0161olo prej in pri\u010dnete s poukom kasneje po\u010dakate v u\u010dilnici. V posameznem razredu se skupaj z razrednikom dogovorite in zapi\u0161ite dva dijaka, ki bosta odgovorna za red in disciplino v u\u010dilnici, hkrati pa skrbita za odgovoren odnos do opreme. [&hellip;]<\/p>\n","protected":false},"author":7,"featured_media":0,"comment_status":"open","ping_status":"open","sticky":false,"template":"","format":"standard","meta":{"footnotes":""},"categories":[4],"tags":[],"class_list":["post-1965","post","type-post","status-publish","format-standard","hentry","category-obvestila"],"_links":{"self":[{"href":"https:\/\/www.hvu.si\/srednja\/index.php?rest_route=\/wp\/v2\/posts\/1965","targetHints":{"allow":["GET"]}}],"collection":[{"href":"https:\/\/www.hvu.si\/srednja\/index.php?rest_route=\/wp\/v2\/posts"}],"about":[{"href":"https:\/\/www.hvu.si\/srednja\/index.php?rest_route=\/wp\/v2\/types\/post"}],"author":[{"embeddable":true,"href":"https:\/\/www.hvu.si\/srednja\/index.php?rest_route=\/wp\/v2\/users\/7"}],"replies":[{"embeddable":true,"href":"https:\/\/www.hvu.si\/srednja\/index.php?rest_route=%2Fwp%2Fv2%2Fcomments&post=1965"}],"version-history":[{"count":1,"href":"https:\/\/www.hvu.si\/srednja\/index.php?rest_route=\/wp\/v2\/posts\/1965\/revisions"}],"predecessor-version":[{"id":1966,"href":"https:\/\/www.hvu.si\/srednja\/index.php?rest_route=\/wp\/v2\/posts\/1965\/revisions\/1966"}],"wp:attachment":[{"href":"https:\/\/www.hvu.si\/srednja\/index.php?rest_route=%2Fwp%2Fv2%2Fmedia&parent=1965"}],"wp:term":[{"taxonomy":"category","embeddable":true,"href":"https:\/\/www.hvu.si\/srednja\/index.php?rest_route=%2Fwp%2Fv2%2Fcategories&post=1965"},{"taxonomy":"post_tag","embeddable":true,"href":"https:\/\/www.hvu.si\/srednja\/index.php?rest_route=%2Fwp%2Fv2%2Ftags&post=1965"}],"curies":[{"name":"wp","href":"https:\/\/api.w.org\/{rel}","templated":true}]}}