{"id":1818,"date":"2020-06-03T09:42:36","date_gmt":"2020-06-03T07:42:36","guid":{"rendered":"http:\/\/www.hvu.si\/srednja\/?p=1818"},"modified":"2020-09-01T18:37:47","modified_gmt":"2020-09-01T16:37:47","slug":"likovni-natecaj-pirhi","status":"publish","type":"post","link":"https:\/\/www.hvu.si\/srednja\/?p=1818","title":{"rendered":"Likovni nate\u010daj &#8211; PIRHI"},"content":{"rendered":"<p style=\"text-align: justify;\"><span style=\"font-family: book antiqua, palatino, serif; font-size: 14pt;\">\u0160ola za hortikulturo in vizualne umetnosti Celje je v \u0161olskem letu 2019\/20, v mesec aprilu, razpisala likovni nate\u010daj za u\u010dence O\u0160 na temo \u00bbPirhi\u00ab. \u00a0<\/span><\/p>\n<p style=\"text-align: justify;\"><span style=\"font-family: book antiqua, palatino, serif; font-size: 14pt;\">Ker smo bili \u00a0v obdobju izrednih razmer, smo se na \u0161oli odlo\u010dili, da tako u\u010dence osnovnih \u0161ol dodatno motiviramo za likovno ustvarjanje. Tema je omogo\u010dala \u0161irok razpon domi\u0161ljije in razvijanja likovne ustvarjalnosti. Idejni vodji nate\u010daja sta bili Anja Soto\u0161ek in Danica Koro\u0161ec.<\/span><\/p>\n<p style=\"text-align: justify;\"><span style=\"font-family: book antiqua, palatino, serif; font-size: 14pt;\">Nate\u010daja se je udele\u017eilo 11 osnovnih \u0161ol iz Savinjske, Gorenjske, Osrednjeslovenske in Mariborske regije. Prispelo je 50 likovnih del. Likovna dela, ki smo jih prejeli, smo glede na ocenjevalne kriterije razdelili v dve skupini, in sicer na likovne izdelki in poslikavo pirhov. Umetni\u0161ka dela so bila oblikovno in tehni\u010dno dovr\u0161ena, kar je za strokovno komisijo predstavljalo zahtevno delo.<\/span><\/p>\n<p style=\"text-align: justify;\"><span style=\"font-family: book antiqua, palatino, serif; font-size: 14pt;\">Strokovna komisija je nagradila u\u010dence vseh 11 osnovnih \u0161ol in podelila 21 priznanj. Med nagrajenci so bili u\u010denci naslednjih osnovnih \u0161ol: O\u0160 Bla\u017ea Kocena Ponikva, O\u0160 Duplek, O\u0160 Dramlje, O\u0160 Gri\u017ee, O\u0160 Menge\u0161, O\u0160 Polzela, O\u0160 Prebold, O\u0160 Pre\u017eihov Voranc Jesenice, O\u0160 \u0160marje pri jel\u0161ah, O\u0160 \u017dalec in O\u0160 Waldorfska \u0161ola Maribor.<\/span><\/p>\n<p style=\"text-align: justify;\"><span style=\"font-family: book antiqua, palatino, serif; font-size: 14pt;\">Zaradi izrednih razmer bo slavnostna podelitev priznanj in nagrad potekala v za\u010detku naslednjega \u0161olskega leta.<\/span><\/p>\n<p style=\"text-align: justify;\"><span style=\"font-family: book antiqua, palatino, serif; font-size: 14pt;\"><a href=\"https:\/\/www.facebook.com\/hvu.celje\/photos\/pcb.2641185532760315\/2641180386094163\/?type=3&amp;theater\">Galerija slik na FB strani \u0161ole<\/a><\/span><\/p>\n","protected":false},"excerpt":{"rendered":"<p>\u0160ola za hortikulturo in vizualne umetnosti Celje je v \u0161olskem letu 2019\/20, v mesec aprilu, razpisala likovni nate\u010daj za u\u010dence O\u0160 na temo \u00bbPirhi\u00ab. \u00a0 Ker smo bili \u00a0v obdobju izrednih razmer, smo se na \u0161oli odlo\u010dili, da tako u\u010dence osnovnih \u0161ol dodatno motiviramo za likovno ustvarjanje. Tema je omogo\u010dala \u0161irok razpon domi\u0161ljije in razvijanja [&hellip;]<\/p>\n","protected":false},"author":7,"featured_media":0,"comment_status":"open","ping_status":"open","sticky":false,"template":"","format":"standard","meta":{"footnotes":""},"categories":[16],"tags":[],"class_list":["post-1818","post","type-post","status-publish","format-standard","hentry","category-obvestila-os"],"_links":{"self":[{"href":"https:\/\/www.hvu.si\/srednja\/index.php?rest_route=\/wp\/v2\/posts\/1818","targetHints":{"allow":["GET"]}}],"collection":[{"href":"https:\/\/www.hvu.si\/srednja\/index.php?rest_route=\/wp\/v2\/posts"}],"about":[{"href":"https:\/\/www.hvu.si\/srednja\/index.php?rest_route=\/wp\/v2\/types\/post"}],"author":[{"embeddable":true,"href":"https:\/\/www.hvu.si\/srednja\/index.php?rest_route=\/wp\/v2\/users\/7"}],"replies":[{"embeddable":true,"href":"https:\/\/www.hvu.si\/srednja\/index.php?rest_route=%2Fwp%2Fv2%2Fcomments&post=1818"}],"version-history":[{"count":2,"href":"https:\/\/www.hvu.si\/srednja\/index.php?rest_route=\/wp\/v2\/posts\/1818\/revisions"}],"predecessor-version":[{"id":1952,"href":"https:\/\/www.hvu.si\/srednja\/index.php?rest_route=\/wp\/v2\/posts\/1818\/revisions\/1952"}],"wp:attachment":[{"href":"https:\/\/www.hvu.si\/srednja\/index.php?rest_route=%2Fwp%2Fv2%2Fmedia&parent=1818"}],"wp:term":[{"taxonomy":"category","embeddable":true,"href":"https:\/\/www.hvu.si\/srednja\/index.php?rest_route=%2Fwp%2Fv2%2Fcategories&post=1818"},{"taxonomy":"post_tag","embeddable":true,"href":"https:\/\/www.hvu.si\/srednja\/index.php?rest_route=%2Fwp%2Fv2%2Ftags&post=1818"}],"curies":[{"name":"wp","href":"https:\/\/api.w.org\/{rel}","templated":true}]}}