{"id":1710,"date":"2020-05-12T12:44:30","date_gmt":"2020-05-12T10:44:30","guid":{"rendered":"http:\/\/www.hvu.si\/srednja\/?p=1710"},"modified":"2020-05-20T09:48:17","modified_gmt":"2020-05-20T07:48:17","slug":"navodila-ravnanja-v-casu-epidemije-covid-19-za-dijake","status":"publish","type":"post","link":"https:\/\/www.hvu.si\/srednja\/?p=1710","title":{"rendered":"Navodila ravnanja v \u010dasu epidemije covid-19 za dijake"},"content":{"rendered":"<p><span style=\"font-family: book antiqua, palatino, serif;font-size: 14pt\"><strong>ROKOVNIK<\/strong><\/span><\/p>\n<ul>\n<li><span style=\"font-family: book antiqua, palatino, serif;font-size: 14pt\">18. do 22. 5. 2020 \u2013 pouk po obstoje\u010dem urniku (samo dijaki 4. AT, 4. HT in 5. dHT)<\/span><\/li>\n<li><span style=\"font-family: book antiqua, palatino, serif;font-size: 14pt\">21. 5. 2020 \u2013 zaklju\u010devanje ocen za zaklju\u010dne letnike (do konca pouka)<\/span><\/li>\n<li><span style=\"font-family: book antiqua, palatino, serif;font-size: 14pt\">22. 5. 2020 \u2013 redovalna konferenca za zaklju\u010dne letnike<\/span><\/li>\n<li><span style=\"font-family: book antiqua, palatino, serif;font-size: 14pt\">25. 5. 2020 \u2013 razdelitev spri\u010deval za zaklju\u010dne letnike<\/span><\/li>\n<li><span style=\"font-family: book antiqua, palatino, serif;font-size: 14pt\">25. do 29. 5. 2020 \u2013 priprave na zaklju\u010dni izpit in poklicno maturo<\/span><\/li>\n<li><span style=\"font-family: book antiqua, palatino, serif;font-size: 14pt\">27. do\u00a0<\/span><span style=\"font-family: book antiqua, palatino, serif;font-size: 14pt\"> 28. 5. 2020 \u2013 izpitni rok za izbolj\u0161evanje ocene za zaklju\u010dne letnike ter popravni izpit za zaklju\u010dne letnike (rok za prijavo na izpit \u2013 25. 5. 2020)<\/span><\/li>\n<li><span style=\"font-family: book antiqua, palatino, serif;font-size: 14pt\">1. 6. 2020 \u2013 za\u010detek popravnega izpitnega roka za 3. CV (rok za prijavo na izpit \u2013 25. 5. 2020)<\/span><\/li>\n<li><span style=\"font-family: book antiqua, palatino, serif;font-size: 14pt\">1. do 6. 7. 2020 \u2013 popravni\/dopolnilni izpiti (rok za prijavo na izpit &#8211; 24. 6. 2020)<\/span><\/li>\n<li><span style=\"font-family: book antiqua, palatino, serif;font-size: 14pt\">17. do 21. 8. 2020 \u2013 popravni\/dopolnilni izpiti (rok za prijavo na izpit \u2013 6. 7. 2020)<\/span><\/li>\n<\/ul>\n<p><span style=\"font-family: book antiqua, palatino, serif;font-size: 14pt\">Rokovnik za zaklju\u010dni izpit in poklicno maturo dobijo dijaki naknadno.<\/span><\/p>\n<p><!--more--><\/p>\n<p><span style=\"font-family: book antiqua, palatino, serif;font-size: 14pt\"><strong>SPLO\u0160NI HIGIENSKI UKREPI<\/strong><\/span><\/p>\n<ul>\n<li><span style=\"font-family: book antiqua, palatino, serif;font-size: 14pt\">Vzdr\u017eevanje zadostne medosebne razdalje (ves \u010das se vzdr\u017euje medosebna razdalja najmanj 1,5 do 2 metra).<\/span><\/li>\n<li><span style=\"font-family: book antiqua, palatino, serif;font-size: 14pt\">Redno in temeljito umivanje rok z milom in vodo. V primeru, da milo in voda nista dostopna, si roke razku\u017eimo.<\/span><\/li>\n<li><span style=\"font-family: book antiqua, palatino, serif;font-size: 14pt\">Umivanje in razku\u017eevanje rok je obvezno po vsakem prijemanju kljuk, ograje stopni\u0161\u010da ali po dotikanju drugih povr\u0161in.<\/span><\/li>\n<li><span style=\"font-family: book antiqua, palatino, serif;font-size: 14pt\">Ne dotikamo se obraza z ne\u010distimi\/neumitimi rokami.<\/span><\/li>\n<li><span style=\"font-family: book antiqua, palatino, serif;font-size: 14pt\">Upo\u0161tevamo pravilno higieno ka\u0161lja in kihanja.<\/span><\/li>\n<li><span style=\"font-family: book antiqua, palatino, serif;font-size: 14pt\">Zaprte prostore ve\u010dkrat dnevno (na vsako uro) temeljito prezra\u010dimo.<\/span><\/li>\n<li><span style=\"font-family: book antiqua, palatino, serif;font-size: 14pt\">Morebitne govorilne ure in pridobivanje informacij naj star\u0161i\/dijaki opravijo po telefonu ali preko ra\u010dunalni\u0161ke povezave.<\/span><\/li>\n<\/ul>\n<p><span style=\"font-family: book antiqua, palatino, serif;font-size: 14pt\"><strong>ZDRAVSTVENE OMEJITVE<\/strong><\/span><\/p>\n<ul>\n<li><span style=\"font-family: book antiqua, palatino, serif;font-size: 14pt\">Pouk obiskujejo le zdravi dijaki in profesorji.<\/span><\/li>\n<li><span style=\"font-family: book antiqua, palatino, serif;font-size: 14pt\">Dijaki do \u010detrtka, 14. 5. 2020, po e-po\u0161ti na naslov <a href=\"mailto:vesna.flander@hvu.si\">vesna.flander@hvu.si<\/a> po\u0161ljejo podpisano izjavo \u00bbIzjava star\u0161ev\/dijaka pred vstopom v \u0161olo\u00ab. V primeru, da je dijak polnoleten, izjavo izpolni in podpi\u0161e sam (Priloga 1: Navodila NIJZ, stran 23 oz. 24). Dijaki, ki do 14. 5. 2020 ne bodo oddali izjave po e-po\u0161ti, ne morejo biti pri pouku, pripravah na zaklju\u010dni izpit in poklicno maturo, prav tako ne morejo pristopiti k zaklju\u010dnemu izpitu ali poklicni maturi.<\/span><\/li>\n<li><span style=\"font-family: book antiqua, palatino, serif;font-size: 14pt\">Dijaki, ki bi potrebovali posebno za\u0161\u010dito in prilagoditve (Priloga 1: Navodila NIJZ, stran 27 \u2013 30) za \u010das obiska \u0161olskega pouka ter priprav in izvedbo zaklju\u010dnega izpita ali poklicne mature, se o tem posvetujejo z le\u010de\u010dim zdravnikom.<\/span><\/li>\n<\/ul>\n<p><span style=\"font-family: book antiqua, palatino, serif;font-size: 14pt\"><strong>PRIHOD DO \u0160OLE IN VSTOPANJE V \u0160OLSKI OBJEKT, POTEK DELA, ODHOD DOMOV<\/strong><\/span><\/p>\n<ul>\n<li><span style=\"font-family: book antiqua, palatino, serif;font-size: 14pt\">Zaposleni, dijaki in obiskovalci v \u0161olski objekt vstopajo posami\u010dno (ves \u010das se vzdr\u017euje medosebna razdalja najmanj 1,5 do 2 metra) in nosijo masko, ki jo prinesejo s seboj (menjajo jo na 2 do 3 ure).<\/span><\/li>\n<li><span style=\"font-family: book antiqua, palatino, serif;font-size: 14pt\">Zaposleni, dijaki in obiskovalci si ob vstopu v objekt razku\u017eijo roke.<\/span><\/li>\n<li><span style=\"font-family: book antiqua, palatino, serif;font-size: 14pt\">Dijaki imajo dodeljeno mati\u010dno u\u010dilnico s sede\u017enim redom, ki ga dosledno upo\u0161tevajo in sanitarije (v sanitarije vstopajo posami\u010dno), ki jih uporabljajo v \u010dasu prisotnosti v \u0161oli. Glej razpored spodaj.<\/span><\/li>\n<\/ul>\n<p><span style=\"font-family: book antiqua, palatino, serif;font-size: 14pt\">Razpored mati\u010dnih u\u010dilnic in sanitarij:<\/span><\/p>\n<table>\n<tbody>\n<tr>\n<td width=\"145\"><span style=\"font-family: book antiqua, palatino, serif;font-size: 14pt\">Razred<\/span><\/td>\n<td width=\"129\"><span style=\"font-family: book antiqua, palatino, serif;font-size: 14pt\">U\u010dilnica<\/span><\/td>\n<td width=\"170\"><span style=\"font-family: book antiqua, palatino, serif;font-size: 14pt\">Sanitarije<\/span><\/td>\n<\/tr>\n<tr>\n<td width=\"145\"><span style=\"font-family: book antiqua, palatino, serif;font-size: 14pt\">4. AT<\/span><\/td>\n<td width=\"129\"><span style=\"font-family: book antiqua, palatino, serif;font-size: 14pt\">25<\/span><\/td>\n<td width=\"170\"><span style=\"font-family: book antiqua, palatino, serif;font-size: 14pt\">pritli\u010dje<\/span><\/td>\n<\/tr>\n<tr>\n<td width=\"145\"><span style=\"font-family: book antiqua, palatino, serif;font-size: 14pt\">4. HT<\/span><\/td>\n<td width=\"129\"><span style=\"font-family: book antiqua, palatino, serif;font-size: 14pt\">26<\/span><\/td>\n<td width=\"170\"><span style=\"font-family: book antiqua, palatino, serif;font-size: 14pt\">pritli\u010dje<\/span><\/td>\n<\/tr>\n<tr>\n<td width=\"145\"><span style=\"font-family: book antiqua, palatino, serif;font-size: 14pt\">5. dHT<\/span><\/td>\n<td width=\"129\"><span style=\"font-family: book antiqua, palatino, serif;font-size: 14pt\">29<\/span><\/td>\n<td width=\"170\"><span style=\"font-family: book antiqua, palatino, serif;font-size: 14pt\">2. nadstropje<\/span><\/td>\n<\/tr>\n<tr>\n<td><span style=\"font-family: book antiqua, palatino, serif;font-size: 14pt\">3. V<br \/>\n<\/span><\/td>\n<td><span style=\"font-family: book antiqua, palatino, serif;font-size: 14pt\">42<br \/>\n<\/span><\/td>\n<td><span style=\"font-family: book antiqua, palatino, serif;font-size: 14pt\">2. nadstropje<\/span><\/td>\n<\/tr>\n<tr>\n<td width=\"145\"><span style=\"font-family: book antiqua, palatino, serif;font-size: 14pt\">3. C<\/span><\/td>\n<td width=\"129\"><span style=\"font-family: book antiqua, palatino, serif;font-size: 14pt\">43<\/span><\/td>\n<td width=\"170\"><span style=\"font-family: book antiqua, palatino, serif;font-size: 14pt\">2. nadstropje<\/span><\/td>\n<\/tr>\n<\/tbody>\n<\/table>\n<p>&nbsp;<\/p>\n<ul>\n<li><span style=\"font-family: book antiqua, palatino, serif;font-size: 14pt\">Dijaki ne zapu\u0161\u010dajo u\u010dilnic med \u0161olskimi odmori, vklju\u010dno s \u0161olsko malico.<\/span><\/li>\n<li><span style=\"font-family: book antiqua, palatino, serif;font-size: 14pt\">Dijaki prinesejo malico od doma. Pred hranjenjem naj si dijak svojo klop (mizo) obri\u0161e z alkoholnim rob\u010dkom ali papirnato brisa\u010dko za enkratno uporabo in razku\u017eilom in naredi pogrinjek z brisa\u010dko za enkratno uporabo. Pred nadaljevanjem pouka postopek ponovi. Pred hranjenjem si dijak roke umije in razku\u017ei. Po hranjenju postopek ponovi.<\/span><\/li>\n<li><span style=\"font-family: book antiqua, palatino, serif;font-size: 14pt\">Dijaki iz \u0161ole izstopajo posami\u010dno (ves \u010das se vzdr\u017euje medosebna razdalja najmanj 1,5 do 2 metra).<\/span><\/li>\n<li><span style=\"font-family: book antiqua, palatino, serif;font-size: 14pt\">Zadr\u017eevanje v skupinah oz. dru\u017eenje na funkcionalnem zemlji\u0161\u010du pred vhodom v \u0161olo ni dovoljeno.<\/span><\/li>\n<\/ul>\n<p><span style=\"font-family: book antiqua, palatino, serif;font-size: 14pt\"><strong>GARDEROBA<\/strong><\/span><\/p>\n<ul>\n<li><span style=\"font-family: book antiqua, palatino, serif;font-size: 14pt\">Dostop do garderob za nezaklju\u010dne letnike bo onemogo\u010den. Dijaki v razred prihajajo v \u010devljih.<\/span><\/li>\n<li><span style=\"font-family: book antiqua, palatino, serif;font-size: 14pt\">Dovoljene so garderobe za dijake in odrasle pri zaklju\u010dnih izpitih in poklicni maturi, ko so za izvedbo izpitov potrebna za\u0161\u010ditna delovna obla\u010dila in oprema za izvedbo prakti\u010dnih delov izpita.<\/span><\/li>\n<li><span style=\"font-family: book antiqua, palatino, serif;font-size: 14pt\">V garderobo vstopajo dijaki posami\u010dno.<\/span><\/li>\n<\/ul>\n<p><span style=\"font-family: book antiqua, palatino, serif;font-size: 14pt\"><strong>\u00a0<\/strong><\/span><\/p>\n<p><span style=\"font-family: book antiqua, palatino, serif;font-size: 14pt\"><strong>POTEK DELA V \u0160OLI V \u010cASU ZAKLJU\u010cNEGA IZPITA IN POKLICNE MATURE &#8211; POSEBNOSTI<\/strong><\/span><\/p>\n<p><span style=\"font-family: book antiqua, palatino, serif;font-size: 14pt\">Izpostavljamo posebnosti, ki veljajo za \u010das opravljanja zaklju\u010dnega izpita in poklicne mature, ostali ukrepi se izvajajo tako, kot so opisani v predhodnih poglavjih.<\/span><\/p>\n<ul>\n<li><span style=\"font-family: book antiqua, palatino, serif;font-size: 14pt\">Za dijake iz skupine rizi\u010dnih oseb je o udele\u017ebi na zaklju\u010dnem izpitu in poklicni maturi priporo\u010dljiv posvet z le\u010de\u010dim zdravnikom.<\/span><\/li>\n<li><span style=\"font-family: book antiqua, palatino, serif;font-size: 14pt\">Podrobnej\u0161a navodila o zaklju\u010dnem izpitu in poklicni maturi dijaki prejmejo naknadno.<\/span><\/li>\n<\/ul>\n<p><span style=\"font-family: book antiqua, palatino, serif;font-size: 14pt\"><strong>UKREPANJE V PRIMERU OBOLENJA S SIMPTOMI\/ZNAKI COVID-19<\/strong><\/span><\/p>\n<ul>\n<li><span style=\"font-family: book antiqua, palatino, serif;font-size: 14pt\">\u010ce zboli dijak z vro\u010dino in drugimi znaki akutne oku\u017ebe dihal, se ga napoti domov. \u010ce mora po\u010dakati star\u0161e ali skrbnike, po\u010daka v izolaciji (u\u010dilnica 23). Ves \u010das nosi masko.<\/span><\/li>\n<li><span style=\"font-family: book antiqua, palatino, serif;font-size: 14pt\">\u010ce je pri dijaku nato potrjena oku\u017eba COVID-19, star\u0161i dijaka o tem obvestijo \u0161olo, \u0161ola pa NIJZ.<\/span><\/li>\n<li><span style=\"font-family: book antiqua, palatino, serif;font-size: 14pt\">\u010ce zboli profesor z vro\u010dino in znaki akutne oku\u017ebe dihal, se umakne z delovnega mesta in pokli\u010de izbranega zdravnika. V primeru, da je COVID-19 pozitiven, o tem obvesti \u0161olo, \u0161ola pa NIJZ.<\/span><\/li>\n<\/ul>\n<p><span style=\"font-family: book antiqua, palatino, serif;font-size: 14pt\">PRILOGE:<\/span><\/p>\n<ul>\n<li><span style=\"font-family: book antiqua, palatino, serif;font-size: 14pt\">Priloga 1: <a href=\"http:\/\/www.hvu.si\/srednja\/wp-content\/uploads\/sites\/2\/2020\/05\/Priloga-1-Navodila-NIJZ.pdf\">Navodila NIJZ<\/a><\/span><\/li>\n<li><span style=\"font-family: book antiqua, palatino, serif;font-size: 14pt\">Priloga 2: <a href=\"http:\/\/www.hvu.si\/srednja\/wp-content\/uploads\/sites\/2\/2020\/05\/Priloga-2-Kako-se-\u0161iti-koronavirus.pdf\">Kako se \u0161iri koronavirus<\/a><\/span><\/li>\n<li><span style=\"font-family: book antiqua, palatino, serif;font-size: 14pt\">Priloga 3: <a href=\"http:\/\/www.hvu.si\/srednja\/wp-content\/uploads\/sites\/2\/2020\/05\/Priloga-3-Higiena-ka\u0161lja-in-kihanja.pdf\">Higiena ka\u0161lja in kihanja<\/a><\/span><\/li>\n<li><span style=\"font-family: book antiqua, palatino, serif;font-size: 14pt\">Priloga 4: <a href=\"http:\/\/www.hvu.si\/srednja\/wp-content\/uploads\/sites\/2\/2020\/05\/Priloga-4-Higiena-umivanja-rok.pdf\">Higiena umivanja rok<\/a><\/span><\/li>\n<li><span style=\"font-family: book antiqua, palatino, serif;font-size: 14pt\">Priloga 5: <a href=\"http:\/\/www.hvu.si\/srednja\/wp-content\/uploads\/sites\/2\/2020\/05\/Priloga-5-Pravilna-namestitev-obrazne-maske.pdf\">Pravilna namestitev obrazne maske<\/a><\/span><\/li>\n<li><span style=\"font-family: book antiqua, palatino, serif;font-size: 14pt\">Priloga 6: <a href=\"http:\/\/www.hvu.si\/srednja\/wp-content\/uploads\/sites\/2\/2020\/05\/Priloga-6-Kaj-lahko-storim-da-prepre\u010dim-\u0161irjenje-novega-koronavirusa.pdf\">Kaj lahko storim, da prepre\u010dim \u0161irjenje novega koronavirusa<\/a><\/span><\/li>\n<\/ul>\n<p><span style=\"font-family: book antiqua, palatino, serif;font-size: 14pt\">*Obstoje\u010da navodila se smiselno uporabljajo tudi za izobra\u017eevanje odraslih.<\/span><\/p>\n","protected":false},"excerpt":{"rendered":"<p>ROKOVNIK 18. do 22. 5. 2020 \u2013 pouk po obstoje\u010dem urniku (samo dijaki 4. AT, 4. HT in 5. dHT) 21. 5. 2020 \u2013 zaklju\u010devanje ocen za zaklju\u010dne letnike (do konca pouka) 22. 5. 2020 \u2013 redovalna konferenca za zaklju\u010dne letnike 25. 5. 2020 \u2013 razdelitev spri\u010deval za zaklju\u010dne letnike 25. do 29. 5. 2020 [&hellip;]<\/p>\n","protected":false},"author":7,"featured_media":0,"comment_status":"open","ping_status":"open","sticky":false,"template":"","format":"standard","meta":{"footnotes":""},"categories":[4],"tags":[],"class_list":["post-1710","post","type-post","status-publish","format-standard","hentry","category-obvestila"],"_links":{"self":[{"href":"https:\/\/www.hvu.si\/srednja\/index.php?rest_route=\/wp\/v2\/posts\/1710","targetHints":{"allow":["GET"]}}],"collection":[{"href":"https:\/\/www.hvu.si\/srednja\/index.php?rest_route=\/wp\/v2\/posts"}],"about":[{"href":"https:\/\/www.hvu.si\/srednja\/index.php?rest_route=\/wp\/v2\/types\/post"}],"author":[{"embeddable":true,"href":"https:\/\/www.hvu.si\/srednja\/index.php?rest_route=\/wp\/v2\/users\/7"}],"replies":[{"embeddable":true,"href":"https:\/\/www.hvu.si\/srednja\/index.php?rest_route=%2Fwp%2Fv2%2Fcomments&post=1710"}],"version-history":[{"count":8,"href":"https:\/\/www.hvu.si\/srednja\/index.php?rest_route=\/wp\/v2\/posts\/1710\/revisions"}],"predecessor-version":[{"id":1761,"href":"https:\/\/www.hvu.si\/srednja\/index.php?rest_route=\/wp\/v2\/posts\/1710\/revisions\/1761"}],"wp:attachment":[{"href":"https:\/\/www.hvu.si\/srednja\/index.php?rest_route=%2Fwp%2Fv2%2Fmedia&parent=1710"}],"wp:term":[{"taxonomy":"category","embeddable":true,"href":"https:\/\/www.hvu.si\/srednja\/index.php?rest_route=%2Fwp%2Fv2%2Fcategories&post=1710"},{"taxonomy":"post_tag","embeddable":true,"href":"https:\/\/www.hvu.si\/srednja\/index.php?rest_route=%2Fwp%2Fv2%2Ftags&post=1710"}],"curies":[{"name":"wp","href":"https:\/\/api.w.org\/{rel}","templated":true}]}}