{"id":1707,"date":"2020-05-08T15:42:26","date_gmt":"2020-05-08T13:42:26","guid":{"rendered":"http:\/\/www.hvu.si\/srednja\/?p=1707"},"modified":"2020-05-08T15:42:26","modified_gmt":"2020-05-08T13:42:26","slug":"obvestilo-vracanje-v-solo","status":"publish","type":"post","link":"https:\/\/www.hvu.si\/srednja\/?p=1707","title":{"rendered":"Obvestilo &#8211; vra\u010danje v \u0161olo"},"content":{"rendered":"<p><span style=\"font-family: book antiqua, palatino, serif;font-size: 14pt\">Dijaki zaklju\u010dnih letnikov: 4.AT, 4.HT in 5.(d)HT, se boste vrnili v \u0161olo 18. maja 2020. Naslednji teden bodo objavljena natan\u010dna navodila. 3.CV oddelek se vrne v \u0161olo predvidoma 25. maja 2020, ko bodo potekale priprave na zaklju\u010dni izpit, izjema so dijaki, ki imajo \u0161e negativne ocene.<\/span><br \/>\n<span style=\"font-family: book antiqua, palatino, serif;font-size: 14pt\">Dijaki nezaklju\u010dnih letnikov pa boste predvidoma zaklju\u010dili \u0161olsko leto na daljavo. Izjeme bodo \u0161e lahko, glede izvedbe PUD-a &#8211; prakse.<\/span><\/p>\n","protected":false},"excerpt":{"rendered":"<p>Dijaki zaklju\u010dnih letnikov: 4.AT, 4.HT in 5.(d)HT, se boste vrnili v \u0161olo 18. maja 2020. Naslednji teden bodo objavljena natan\u010dna navodila. 3.CV oddelek se vrne v \u0161olo predvidoma 25. maja 2020, ko bodo potekale priprave na zaklju\u010dni izpit, izjema so dijaki, ki imajo \u0161e negativne ocene. Dijaki nezaklju\u010dnih letnikov pa boste predvidoma zaklju\u010dili \u0161olsko leto [&hellip;]<\/p>\n","protected":false},"author":7,"featured_media":0,"comment_status":"open","ping_status":"open","sticky":false,"template":"","format":"standard","meta":{"footnotes":""},"categories":[4],"tags":[],"class_list":["post-1707","post","type-post","status-publish","format-standard","hentry","category-obvestila"],"_links":{"self":[{"href":"https:\/\/www.hvu.si\/srednja\/index.php?rest_route=\/wp\/v2\/posts\/1707","targetHints":{"allow":["GET"]}}],"collection":[{"href":"https:\/\/www.hvu.si\/srednja\/index.php?rest_route=\/wp\/v2\/posts"}],"about":[{"href":"https:\/\/www.hvu.si\/srednja\/index.php?rest_route=\/wp\/v2\/types\/post"}],"author":[{"embeddable":true,"href":"https:\/\/www.hvu.si\/srednja\/index.php?rest_route=\/wp\/v2\/users\/7"}],"replies":[{"embeddable":true,"href":"https:\/\/www.hvu.si\/srednja\/index.php?rest_route=%2Fwp%2Fv2%2Fcomments&post=1707"}],"version-history":[{"count":1,"href":"https:\/\/www.hvu.si\/srednja\/index.php?rest_route=\/wp\/v2\/posts\/1707\/revisions"}],"predecessor-version":[{"id":1708,"href":"https:\/\/www.hvu.si\/srednja\/index.php?rest_route=\/wp\/v2\/posts\/1707\/revisions\/1708"}],"wp:attachment":[{"href":"https:\/\/www.hvu.si\/srednja\/index.php?rest_route=%2Fwp%2Fv2%2Fmedia&parent=1707"}],"wp:term":[{"taxonomy":"category","embeddable":true,"href":"https:\/\/www.hvu.si\/srednja\/index.php?rest_route=%2Fwp%2Fv2%2Fcategories&post=1707"},{"taxonomy":"post_tag","embeddable":true,"href":"https:\/\/www.hvu.si\/srednja\/index.php?rest_route=%2Fwp%2Fv2%2Ftags&post=1707"}],"curies":[{"name":"wp","href":"https:\/\/api.w.org\/{rel}","templated":true}]}}